{"id":695094,"date":"2026-01-28T13:41:09","date_gmt":"2026-01-28T13:41:09","guid":{"rendered":"https:\/\/www.europesays.com\/fr\/695094\/"},"modified":"2026-01-28T13:41:09","modified_gmt":"2026-01-28T13:41:09","slug":"north-sea-summit-leurope-accelere-la-france-doit-confirmer-ses-ambitions-pour-les-energies-marines-renouvelables-avec-sa-ppe","status":"publish","type":"post","link":"https:\/\/www.europesays.com\/fr\/695094\/","title":{"rendered":"North Sea Summit : l\u2019Europe acc\u00e9l\u00e8re, la France doit confirmer ses ambitions pour les \u00e9nergies marines renouvelables avec sa PPE"},"content":{"rendered":"<p>  \u00c0 l\u2019issue du North Sea Summit III, <strong>l\u2019Europe a r\u00e9affirm\u00e9 une ambition claire : faire des \u00e9nergies marines renouvelables, et en particulier de l\u2019\u00e9olien offshore, un pilier de sa souverainet\u00e9 \u00e9nerg\u00e9tique et industrielle.<\/strong>\u00a0Le Pacte d\u2019investissement annonc\u00e9 <strong>appelle en miroir une loi de Programmation Pluriannuelle de l\u2019Energie (PPE) fran\u00e7aise claire et ambitieuse.<\/strong>\u00a0La Fondation OPEN-C appelle \u00e0 donner rapidement de la visibilit\u00e9 aux industriels, aux territoires, aux acteurs de l\u2019innovation pour lancer des investissements et contribuer \u00e0 la cr\u00e9ation d\u2019emplois dans la fili\u00e8re, comme le montrent les \u00e9tudes de l\u2019<a href=\"https:\/\/merenergies.fr\/\" target=\"_blank\" id=\"m_2406134971804180648OWAc3466bca-882a-a8a9-79e4-5c741fc32ddf\" rel=\"noopener\">Observatoire des \u00e9nergies de la mer<\/a>.<\/p>\n<p>\u00a0<\/p>\n<p>La <a href=\"https:\/\/fondation-open-c.org\/\" target=\"_blank\" id=\"m_2406134971804180648OWA80e5b953-5ce2-eadd-9f1b-611f43d3b96f\" rel=\"noopener\">Fondation OPEN-C<\/a>\u00a0agit au c\u0153ur de cet \u00e9cosyst\u00e8me, en lien \u00e9troit avec la recherche, l\u2019industrie, les territoires et les pouvoirs publics. <strong>Nos sites d\u2019essais et notre soutien aux projets de R&amp;D contribuent \u00e0 acc\u00e9l\u00e9rer la comp\u00e9titivit\u00e9 de la fili\u00e8re et la souverainet\u00e9 \u00e9nerg\u00e9tique en France et en Europe. <\/strong>Ces infrastructures de recherche sont des atouts strat\u00e9giques pour les industriels leur permettant de tester les technologies en conditions r\u00e9elles, de r\u00e9duire les risques industriels, d\u2019acc\u00e9l\u00e9rer la mise sur le march\u00e9 et de former les comp\u00e9tences indispensables \u00e0 la transition \u00e9nerg\u00e9tique. <strong>C\u2019est par ces phases de test et d\u2019innovation que nous pourrons r\u00e9pondre \u00e0 ces ambitions.<\/strong><\/p>\n<p>\u00a0<\/p>\n<p>\u00c0 l\u2019heure o\u00f9 l\u2019Europe affirme une ambition claire pour les \u00e9nergies marines, la Fondation<\/p>\n<p>OPEN-C appelle \u00e0 :<\/p>\n<ul>\n<li>\n<p><strong>une PPE fran\u00e7aise ambitieuse et coh\u00e9rente<\/strong>\u00a0avec les objectifs europ\u00e9ens,<\/p>\n<\/li>\n<li>\n<p><strong>un soutien renforc\u00e9 \u00e0 l\u2019innovation, la R&amp;D et la formation<\/strong><\/p>\n<\/li>\n<li>\n<p><strong>une mobilisation conjointe des financements publics et priv\u00e9s,<\/strong><\/p>\n<\/li>\n<li>\n<p><strong>et une reconnaissance du r\u00f4le des EMR, dans la comp\u00e9titivit\u00e9 et la souverainet\u00e9 \u00e9nerg\u00e9tique et industrielle de la France.<\/strong><\/p>\n<\/li>\n<\/ul>\n<p>\u00a0<\/p>\n<p>Fr\u00e9deric Moncany de Saint Aignan, Pr\u00e9sident du Conseil d\u2019Administration<\/p>\n<p>St\u00e9ven Curet, Directeur G\u00e9n\u00e9ral<\/p>\n<p>\u00a0<\/p>\n<p><strong>Communiqu\u00e9 de la Fondation OPEN-C, le 28\/01\/26<\/strong><\/p>\n<p>\u00a0<\/p>\n<p>\u00a0<\/p>\n","protected":false},"excerpt":{"rendered":"\u00c0 l\u2019issue du North Sea Summit III, l\u2019Europe a r\u00e9affirm\u00e9 une ambition claire : faire des \u00e9nergies marines&hellip;\n","protected":false},"author":2,"featured_media":695095,"comment_status":"","ping_status":"","sticky":false,"template":"","format":"standard","meta":{"footnotes":""},"categories":[1586],"tags":[11,6130,6141,6131,6138,2380,6135,554,1777,6136,674,1011,27,6139,6134,3135,6128,567,6129,6127,12,6132,4838,6133,25,6140,6137],"class_list":{"0":"post-695094","1":"post","2":"type-post","3":"status-publish","4":"format-standard","5":"has-post-thumbnail","7":"category-europe","8":"tag-actualites","9":"tag-chantiers","10":"tag-commando","11":"tag-construction-navale","12":"tag-costa","13":"tag-croisiere","14":"tag-dcns","15":"tag-defense","16":"tag-eu","17":"tag-euronaval","18":"tag-europe","19":"tag-fr","20":"tag-france","21":"tag-fremm","22":"tag-interviews","23":"tag-littoral","24":"tag-marine","25":"tag-marine-nationale","26":"tag-maritime","27":"tag-mer","28":"tag-news","29":"tag-offshore","30":"tag-peche","31":"tag-reportages","32":"tag-republique-francaise","33":"tag-sncm","34":"tag-stx"},"share_on_mastodon":{"url":"https:\/\/pubeurope.com\/@fr\/115973015743421580","error":""},"_links":{"self":[{"href":"https:\/\/www.europesays.com\/fr\/wp-json\/wp\/v2\/posts\/695094","targetHints":{"allow":["GET"]}}],"collection":[{"href":"https:\/\/www.europesays.com\/fr\/wp-json\/wp\/v2\/posts"}],"about":[{"href":"https:\/\/www.europesays.com\/fr\/wp-json\/wp\/v2\/types\/post"}],"author":[{"embeddable":true,"href":"https:\/\/www.europesays.com\/fr\/wp-json\/wp\/v2\/users\/2"}],"replies":[{"embeddable":true,"href":"https:\/\/www.europesays.com\/fr\/wp-json\/wp\/v2\/comments?post=695094"}],"version-history":[{"count":0,"href":"https:\/\/www.europesays.com\/fr\/wp-json\/wp\/v2\/posts\/695094\/revisions"}],"wp:featuredmedia":[{"embeddable":true,"href":"https:\/\/www.europesays.com\/fr\/wp-json\/wp\/v2\/media\/695095"}],"wp:attachment":[{"href":"https:\/\/www.europesays.com\/fr\/wp-json\/wp\/v2\/media?parent=695094"}],"wp:term":[{"taxonomy":"category","embeddable":true,"href":"https:\/\/www.europesays.com\/fr\/wp-json\/wp\/v2\/categories?post=695094"},{"taxonomy":"post_tag","embeddable":true,"href":"https:\/\/www.europesays.com\/fr\/wp-json\/wp\/v2\/tags?post=695094"}],"curies":[{"name":"wp","href":"https:\/\/api.w.org\/{rel}","templated":true}]}}