{"id":695096,"date":"2026-01-28T13:42:13","date_gmt":"2026-01-28T13:42:13","guid":{"rendered":"https:\/\/www.europesays.com\/fr\/695096\/"},"modified":"2026-01-28T13:42:13","modified_gmt":"2026-01-28T13:42:13","slug":"rachida-dati-a-coeur-ouvert-sur-son-passe-difficile","status":"publish","type":"post","link":"https:\/\/www.europesays.com\/fr\/695096\/","title":{"rendered":"Rachida Dati \u00e0 c\u0153ur ouvert sur son pass\u00e9 difficile"},"content":{"rendered":"<p>                                    <img decoding=\"async\" src=\"https:\/\/www.europesays.com\/fr\/wp-content\/uploads\/2026\/01\/059e67db3e5e25beb718e0e2820c7744734a5d5cf1b0b6a55a77eca7f650f65d.jpg\" alt=\"Rachida Dati\u00a0: vie priv\u00e9e, carri\u00e8re politique, ennemis... Ce qu'il faut conna\u00eetre\" class=\"a11y-hidden\" fetchpriority=\"high\"\/><\/p>\n<p class=\"fig-standfirst\">\n    Rachida Dati a \u00e9voqu\u00e9 ce lundi 26 janvier dans Le Forum sur BFMTV son pass\u00e9 difficile. La femme politique est revenue \u00e0 l\u2019antenne sur son mariage contraint et sur la d\u00e9cision qu\u2019elle a prise pour se prot\u00e9ger.<\/p>\n<p class=\"fig-paragraph\">\u00c0 quelques semaines des \u00e9lections municipales, Rachida Dati,\u00a0<a href=\"https:\/\/www.gala.fr\/l_actu\/news_de_stars\/candidate-aux-municipales-rachida-dati-refuse-de-dire-quand-elle-quittera-le-gouvernement-nous-sommes-tous-loges-a-la-meme-enseigne-20260122\" target=\"_blank\" data-fig-type=\"Article\" rel=\"sponsored noopener\" data-gtm-custom-categorie=\"navigation\" data-gtm-custom-action=\"crossclick\" data-gtm-custom-label=\"Contextuel\" data-gtm-event=\"customEventSPE\" data-fig-domain=\"GALA\">candidate \u00e0 la mairie de Paris<\/a>, a r\u00e9pondu\u00a0<a href=\"https:\/\/www.gala.fr\/l_actu\/news_de_stars\/rachida-dati-tantot-sympathique-tantot-pas-du-tout-une-intervenante-de-bfmtv-ne-l-epargne-pas-en-plein-direct-20260126\" target=\"_blank\" data-fig-type=\"Article\" rel=\"sponsored noopener\" data-gtm-custom-categorie=\"navigation\" data-gtm-custom-action=\"crossclick\" data-gtm-custom-label=\"Contextuel\" data-gtm-event=\"customEventSPE\" data-fig-domain=\"GALA\">aux questions des Fran\u00e7ais dans le programme Le Forum sur BFMTV<\/a>\u00a0ce lundi 26 janvier.\u00a0<a href=\"https:\/\/www.gala.fr\/mode\/les_stars_et_la_mode\/victoria-beckham-decoree-par-rachida-dati-a-paris-l-une-en-robe-de-soiree-l-autre-en-tailleur-griffe-les-deux-femmes-font-sensation-20260127\" target=\"_blank\" data-fig-type=\"Article\" rel=\"sponsored noopener\" data-gtm-custom-categorie=\"navigation\" data-gtm-custom-action=\"crossclick\" data-gtm-custom-label=\"Contextuel\" data-gtm-event=\"customEventSPE\" data-fig-domain=\"GALA\">La ministre de la Culture<\/a>\u00a0n\u2019a \u00e9vit\u00e9 aucun sujet pendant cet \u00e9change, et n\u2019a pas manqu\u00e9 \u00e9galement de parler de sa vie priv\u00e9e \u00e0 l\u2019antenne, revenant notamment sur la disparition de\u00a0<a href=\"http:\/\/www.gala.fr\/l_actu\/news_de_stars\/rachida-dati-emue-elle-evoque-la-disparition-de-sa-mere-sur-bfmtv-elle-est-partie-en-me-disant-20260127\" target=\"_blank\" data-fig-type=\"Article\" rel=\"noopener\" data-gtm-custom-categorie=\"navigation\" data-gtm-custom-action=\"crossclick\" data-gtm-custom-label=\"Contextuel\" data-gtm-event=\"customEventSPE\" data-fig-domain=\"GALA\">sa m\u00e8re Fatim-Zohra en 2001<\/a>. La femme politique n\u2019a \u00e9galement pas h\u00e9sit\u00e9 \u00e0 revenir sur son pass\u00e9 difficile et sur son mariage contraint en r\u00e9pondant \u00e0 un invit\u00e9. \u00abJe vais vous dire une chose. Tout \u00e0 l\u2019heure vous parliez de populisme et \u00e7a me travaille\u00a0! Vous savez tr\u00e8s bien tout ce que vous avez pu lire [\u00e0 mon sujet]. Je ne me suis jamais victimis\u00e9e, jamais. Je n\u2019ai jamais fait de mis\u00e9rabilisme sur ma vie. Et je n\u2019ai pas de lecture communautarisme, ni ethnique de mon parcours\u00bb, a-t-elle martel\u00e9, et de poursuivre\u00a0: \u00abJ\u2019ai toujours eu une lecture tr\u00e8s r\u00e9publicaine.\u00bb<\/p>\n<p class=\"fig-paragraph\">Rachida Dati a indiqu\u00e9 \u00abtravaill\u00e9 \u00e0 plein temps depuis que j\u2019ai l\u2019\u00e2ge de 14 ans\u00bb. \u00abPour r\u00e9pondre \u00e0 Monsieur, j\u2019ai fait le choix, c\u2019est un mode de vie, de travailler beaucoup. C\u2019est mon choix\u00a0! Par exemple, si vous venez le samedi et le dimanche, je suis \u00e0 la mairie. Je marie, je rencontre des associations, je suis sur le terrain. C\u2019est mon choix\u00a0!\u00bb, a-t-elle poursuivi, avant d\u2019ajouter\u00a0: \u00abC\u2019est mon choix depuis l\u2019\u00e2ge de 14 ans, avec les difficult\u00e9s et les \u00e9preuves. J\u2019ai eu un mariage contraint, j\u2019ai d\u00fb quitter le pays pendant trois ans pour me lib\u00e9rer de ce mariage contraint par une annulation de mariage dans des difficult\u00e9s extr\u00eamement douloureuses et compliqu\u00e9es.\u00bb Elle a aussi expliqu\u00e9 avoir \u00abune famille nombreuse qui a \u00e9t\u00e9 \u00e0 ma charge avec des difficult\u00e9s comme chacun des Fran\u00e7ais peut conna\u00eetre\u00bb. \u00abJe ne me plains pas. J\u2019ai choisi la politique et mon engagement politique\u00a0!\u00bb, a affirm\u00e9 la femme politique, en assurant ainsi ne pas faire du populisme.<\/p>\n<p>                                                                <a href=\"#slideshow-header\"><\/p>\n<p class=\"fig-slideshow__title\">\n                    PHOTOS &#8211; Rachida Dati\u00a0: qui sont les proches de la femme politique\u00a0?\n                <\/p>\n<p>    <\/a><br \/>\n                                                                <a class=\"fig-a11y-skip\" href=\"#fig-a11y-skip-main-inarticle\" data-module=\"a11y-skip\" data-context=\"was @visible\"><br \/>\n    Passer la publicit\u00e9<br \/>\n<\/a>            <\/p>\n<p>                                                                Rachida Dati pr\u00eate \u00e0 faire alliance avec Sarah Knafo\u00a0? Elle fait une mise au point<\/p>\n<p class=\"fig-paragraph\">Pendant l\u2019\u00e9mission, un des invit\u00e9s a interrog\u00e9 la maire du VII arrondissement sur une potentielle alliance avec Sarah Knafo,\u00a0<a href=\"https:\/\/www.gala.fr\/politique\/sarah-knafo-fait-une-grande-annonce-son-compagnon-eric-zemmour-aux-anges-en-avant-20260108\" target=\"_blank\" data-fig-type=\"Article\" rel=\"sponsored noopener\" data-gtm-custom-categorie=\"navigation\" data-gtm-custom-action=\"crossclick\" data-gtm-custom-label=\"Contextuel\" data-gtm-event=\"customEventSPE\" data-fig-domain=\"GALA\">aussi candidate \u00e0 la mairie de Paris avec Reconqu\u00eate\u00a0!<\/a>. Il est alors revenu sur les critiques formul\u00e9es par le pr\u00e9sident du parti et\u00a0<a href=\"http:\/\/www.gala.fr\/l_actu\/news_de_stars\/sarah-knafo-agacee-par-une-question-de-benjamin-duhamel-sur-son-compagnon-eric-zemmour-tellement-previsible-20260112\" target=\"_blank\" data-fig-type=\"Article\" rel=\"noopener\" data-gtm-custom-categorie=\"navigation\" data-gtm-custom-action=\"crossclick\" data-gtm-custom-label=\"Contextuel\" data-gtm-event=\"customEventSPE\" data-fig-domain=\"GALA\">compagnon de sa rivale<\/a>, \u00e0 son \u00e9gard il y a dix ans\u00a0: \u00ab\u00c9ric Zemmour n\u2019a jamais \u00e9t\u00e9 tendre \u00e0 votre \u00e9gard, il a eu des propos injurieux, et ce notamment \u00e0 la naissance de votre fille.\u00bb Rachida Dati lui a ensuite assur\u00e9 qu\u2019<a href=\"https:\/\/www.gala.fr\/l_actu\/news_de_stars\/rachida-dati-sa-fille-zohra-pas-legitime-elle-revient-sur-un-moment-difficile-sur-bfmtv-20260127\" target=\"_blank\" data-fig-type=\"Article\" rel=\"sponsored noopener\" data-gtm-custom-categorie=\"navigation\" data-gtm-custom-action=\"crossclick\" data-gtm-custom-label=\"Contextuel\" data-gtm-event=\"customEventSPE\" data-fig-domain=\"GALA\">il n\u2019y aura jamais de ralliement avec Reconqu\u00eate\u00a0!<\/a>. \u00abQuelqu\u2019un qui parle du \u201cgrand remplacement\u201d, moi je n\u2019ai remplac\u00e9 personne. Quelqu\u2019un qui a demand\u00e9 que je sorte de mes fonctions gouvernementales parce que j\u2019avais pr\u00e9nomm\u00e9 ma fille du pr\u00e9nom de maman, \u00e7a n\u2019est pas acceptable. Comment voulez-vous s\u2019entendre l\u00e0-dessus\u00a0?\u00bb, a assur\u00e9 la femme politique, avant de poursuivre\u00a0: \u00abQuelqu\u2019un qui est raciste. (&#8230;) Qui dit que ma fille n\u2019est pas l\u00e9gitime, que je ne suis pas l\u00e9gitime. Stop ou encore\u00a0?\u00bb Une mise au point qui a le m\u00e9rite d\u2019\u00eatre claire&#8230;<\/p>\n","protected":false},"excerpt":{"rendered":"Rachida Dati a \u00e9voqu\u00e9 ce lundi 26 janvier dans Le Forum sur BFMTV son pass\u00e9 difficile. La femme&hellip;\n","protected":false},"author":2,"featured_media":695097,"comment_status":"","ping_status":"","sticky":false,"template":"","format":"standard","meta":{"footnotes":""},"categories":[1586],"tags":[11,10831,9260,1777,674,1779,1011,27,1930,12,5242,417,17730,25,1778,364,657],"class_list":{"0":"post-695096","1":"post","2":"type-post","3":"status-publish","4":"format-standard","5":"has-post-thumbnail","7":"category-europe","8":"tag-actualites","9":"tag-bfmtv","10":"tag-confidences","11":"tag-eu","12":"tag-europe","13":"tag-european-union","14":"tag-fr","15":"tag-france","16":"tag-mariage","17":"tag-news","18":"tag-passe","19":"tag-rachida-dati","20":"tag-relation","21":"tag-republique-francaise","22":"tag-ue","23":"tag-union-europeenne","24":"tag-vie-privee"},"share_on_mastodon":{"url":"https:\/\/pubeurope.com\/@fr\/115973019664414015","error":""},"_links":{"self":[{"href":"https:\/\/www.europesays.com\/fr\/wp-json\/wp\/v2\/posts\/695096","targetHints":{"allow":["GET"]}}],"collection":[{"href":"https:\/\/www.europesays.com\/fr\/wp-json\/wp\/v2\/posts"}],"about":[{"href":"https:\/\/www.europesays.com\/fr\/wp-json\/wp\/v2\/types\/post"}],"author":[{"embeddable":true,"href":"https:\/\/www.europesays.com\/fr\/wp-json\/wp\/v2\/users\/2"}],"replies":[{"embeddable":true,"href":"https:\/\/www.europesays.com\/fr\/wp-json\/wp\/v2\/comments?post=695096"}],"version-history":[{"count":0,"href":"https:\/\/www.europesays.com\/fr\/wp-json\/wp\/v2\/posts\/695096\/revisions"}],"wp:featuredmedia":[{"embeddable":true,"href":"https:\/\/www.europesays.com\/fr\/wp-json\/wp\/v2\/media\/695097"}],"wp:attachment":[{"href":"https:\/\/www.europesays.com\/fr\/wp-json\/wp\/v2\/media?parent=695096"}],"wp:term":[{"taxonomy":"category","embeddable":true,"href":"https:\/\/www.europesays.com\/fr\/wp-json\/wp\/v2\/categories?post=695096"},{"taxonomy":"post_tag","embeddable":true,"href":"https:\/\/www.europesays.com\/fr\/wp-json\/wp\/v2\/tags?post=695096"}],"curies":[{"name":"wp","href":"https:\/\/api.w.org\/{rel}","templated":true}]}}