{"id":695111,"date":"2026-01-28T13:55:17","date_gmt":"2026-01-28T13:55:17","guid":{"rendered":"https:\/\/www.europesays.com\/fr\/695111\/"},"modified":"2026-01-28T13:55:17","modified_gmt":"2026-01-28T13:55:17","slug":"aux-q-dor-2026-laurent-lafitte-decroche-le-prix-du-discours-le-plus-culotte","status":"publish","type":"post","link":"https:\/\/www.europesays.com\/fr\/695111\/","title":{"rendered":"Aux Q d\u2019Or 2026, Laurent Lafitte d\u00e9croche le prix du discours le plus culott\u00e9"},"content":{"rendered":"<p>        <img decoding=\"async\" loading=\"lazy\" src=\"https:\/\/www.europesays.com\/fr\/wp-content\/uploads\/2026\/01\/6b68453_upload-1-ecdcf66u7eo9-capture-d-ecran-2026-01-28-140812.png\"  width=\"728\" height=\"410\" alt=\"Fid\u00e8le a lui-m\u00eame, le com\u00e9dien fran\u00e7ais s\u2019est permis un discours tout en modestie (ou pas) au moment de recevoir le Q d\u2019Or du showman de l\u2019ann\u00e9e.\"\/>  <\/p>\n<p>Capture d\u2019\u00e9cran TMC<\/p>\n<p>Fid\u00e8le a lui-m\u00eame, le com\u00e9dien fran\u00e7ais s\u2019est permis un discours tout en modestie (ou pas) au moment de recevoir le Q d\u2019Or du showman de l\u2019ann\u00e9e.<\/p>\n<p>      <strong>EN BREF<\/strong> <strong>\u2022 <\/strong>Laurent Lafitte a \u00e9t\u00e9 r\u00e9compens\u00e9 aux Q d\u2019Or 2026 pour son r\u00f4le dans La Cage aux folles au th\u00e9\u00e2tre et son ann\u00e9e prolifique au cin\u00e9ma (La Femme la plus riche du monde, Classe moyenne&#8230;).<br \/><strong>\u2022 <\/strong>Sur le plateau de Quotidien, il a livr\u00e9 un discours plein d\u2019humour, se moquant notamment du prix du showman de l\u2019ann\u00e9e qu\u2019il venait de recevoir.<br \/><strong>\u2022 <\/strong>L\u2019ancien pensionnaire de la Com\u00e9die fran\u00e7aise sera notamment \u00e0 l\u2019affiche du film Alter ego en 2026.                         <\/p>\n<p class=\"asset asset-text\">Parangon d\u2019humilit\u00e9. Quelques heures avant de d\u00e9crocher une nouvelle nomination aux C\u00e9sar pour <a href=\"https:\/\/www.huffingtonpost.fr\/culture\/article\/dans-la-femme-la-plus-riche-du-monde-laurent-lafitte-eclipse-meme-liliane-bettencourt_255836.html\" target=\"_blank\" rel=\"noopener\">son r\u00f4le dans La Femme la plus riche du monde<\/a>, l\u2019acteur <a href=\"https:\/\/www.huffingtonpost.fr\/culture\/video\/en-ouverture-du-festival-de-cannes-le-plaidoyer-de-laurent-laffite-pour-l-engagement-au-cinema_249973.html\" target=\"_blank\" rel=\"noopener\">Laurent Lafitte<\/a> a re\u00e7u mardi 27\u00a0janvier un prix peut-\u00eatre moins prestigieux, mais qui lui a donn\u00e9 l\u2019opportunit\u00e9 de prononcer un discours hilarant.<\/p>\n<p class=\"asset asset-text\">Lors de la c\u00e9r\u00e9monie des Q d\u2019Or 2026\u00a0de l\u2019\u00e9mission Quotidien, le com\u00e9dien a en effet re\u00e7u le prix du showman de l\u2019ann\u00e9e. Un Q d\u2019Or qui lui a \u00e9t\u00e9 remis pour son ann\u00e9e plus que compl\u00e8te, entre sa <a href=\"https:\/\/www.huffingtonpost.fr\/culture\/article\/laurent-lafitte-ne-devrait-pas-ranger-son-costume-de-la-cage-aux-folles-de-sitot_259037.html\" target=\"_blank\" rel=\"noopener\">participation \u00e0 la nouvelle adaptation de La Cage aux folles<\/a> au Th\u00e9\u00e2tre du Ch\u00e2telet et ses nombreuses apparitions au cin\u00e9ma, que ce soit dans Classe moyenne, La Femme la plus riche du monde ou T\u2019as pas chang\u00e9.<\/p>\n<p class=\"asset asset-text\">Sur TMC, le laur\u00e9at en a donc profit\u00e9 pour d\u00e9livrer un discours plein d\u2019humour et particuli\u00e8rement modeste (ou pas). \u00ab\u00a0Je suis super honor\u00e9 de recevoir ce Q d\u2019Or du\u2026 showman.\u00a0Je ne connaissais pas cette cat\u00e9gorie\u00a0\u00bb, l\u00e2che d\u2019abord, amus\u00e9, l\u2019ancien pensionnaire de la Com\u00e9die Fran\u00e7aise.<\/p>\n<p class=\"asset asset-text\">\u00ab\u00a0Je remercie toutes les \u00e9quipes de Quotidien. Pour une fois que je ne couche pas pour rien\u00a0\u00bb, glisse alors le com\u00e9dien devant un <a href=\"https:\/\/www.huffingtonpost.fr\/divertissement\/article\/tpmp-la-reaction-de-cyril-hanouna-apres-cette-enquete-sur-quotidien-n-est-pas-un-hasard_240008.html\" target=\"_blank\" rel=\"noopener\">Yann Barth\u00e8s<\/a> hilare. \u00ab\u00a0G\u00e9n\u00e9ralement, c\u2019est quand je couche que je me sens redevable, moi. Mais l\u00e0, c\u2019est l\u2019inverse, bref, c\u2019est un autre sujet\u00a0\u00bb, plaisante-t-il.<\/p>\n<p> La lecture de ce contenu est susceptible d\u2019entra\u00eener un d\u00e9p\u00f4t de cookies de la part de l\u2019op\u00e9rateur tiers qui l\u2019h\u00e9berge. Compte-tenu des choix que vous avez exprim\u00e9s en mati\u00e8re de d\u00e9p\u00f4t de cookies, nous avons bloqu\u00e9 l\u2019affichage de ce contenu. Si vous souhaitez y acc\u00e9der, vous devez accepter la cat\u00e9gorie de cookies \u201cContenus tiers\u201d en cliquant sur le bouton ci-dessous. <\/p>\n<p> Lire la Vid\u00e9o        <\/p>\n<p class=\"asset asset-text\">Totalement lanc\u00e9, Laurent Lafitte poursuit en se questionnant sur la signification de cette cat\u00e9gorie. \u00ab\u00a0Je ne sais pas trop ce que \u00e7a veut dire showman, parce que moi j\u2019ai l\u2019impression \u00e0 chaque fois de faire juste mon travail d\u2019acteur, quoi. Alors, c\u2019est vrai que je m\u2019illustre autant sur sc\u00e8ne, qu\u2019au cin\u00e9ma, que je passe avec facilit\u00e9 du drame \u00e0 la com\u00e9die, que je chante, je danse\u2026 Je fais r\u00e9guli\u00e8rement <a href=\"https:\/\/www.huffingtonpost.fr\/culture\/article\/au-festival-de-cannes-laurent-lafitte-va-etre-partout-de-la-ceremonie-d-ouverture-a-celle-de-cloture_249685.html\" target=\"_blank\" rel=\"noopener\">un excellent ma\u00eetre de c\u00e9r\u00e9monie<\/a>. Et je ne suis pas le plus moche de la bande donc j\u2019essaye de faire tout \u00e7a avec humilit\u00e9. Donc je suis tr\u00e8s mal \u00e0 l\u2019aise avec les prix\u00a0\u00bb, encha\u00eene-t-il dans un d\u00e9licieux exercice d\u2019ego trip.<\/p>\n<p>    \u00ab\u00a0Ce Q d\u2019Or est une entreprise de destruction de ma personne\u00a0\u00bb    <\/p>\n<p class=\"asset asset-text\">Et \u00e0 en juger par les rires de Jonathan Cohen, Le\u00efla Bekhti et Malik Bentalha, son discours a fait mouche. \u00ab\u00a0Je pense \u00e9videmment \u00e0 tous les gens qui comptent vraiment, ceux qui n\u2019ont pas eu (de prix) \u00e9videmment, tous ceux pour qui cela peut para\u00eetre un peu d\u00e9risoire. Toutes celles et ceux qui s\u2019engagent pour la paix, le climat, les injustices partout dans le monde et qui restent dans l\u2019ombre, parce que malheureusement ils n\u2019ont jamais pens\u00e9 \u00e0 devenir acteur. C\u2019est vraiment trop con, quoi\u00a0\u00bb, surench\u00e9rit le com\u00e9dien.<\/p>\n<p class=\"asset asset-text\">\u00ab\u00a0Si je devais choisir entre un Q d\u2019Or et un Oscar, je prendrais le Q d\u2019Or. Et je ne dis pas \u00e7a uniquement pour faire plaisir \u00e0 Yann (Barth\u00e8s, pr\u00e9sentateur de Quotidien, NDLR). Je le dis aussi\u2026 par politesse\u00a0\u00bb, ajoute Laurent Lafitte, qui est encore loin d\u2019en avoir fini\u00a0: \u00ab\u00a0Ce qui m\u2019angoisse le plus \u00e0 part Donald Trump et les deux stades de foot de for\u00eat amazonienne qui br\u00fblent toutes les 30\u00a0secondes, c\u2019est que vous me remettez ce prix pour trois films et une com\u00e9die musicale si j\u2019ai bien compris. Donc \u00e7a veut dire que si je veux en avoir un autre, qu\u2019est-ce qu\u2019il faut que je fasse\u00a0? En fait, vous voulez ma mort\u00a0!\u00a0\u00bb<\/p>\n<p class=\"asset asset-text\">\u00ab\u00a0Ce Q d\u2019Or est une gigantesque entreprise de destruction de ma personne\u2026 Mais ce n\u2019est pas grave, j\u2019ai le sens du sacrifice\u00a0: je suis un peu le Nelson Mandela des Awards. Et j\u2019accepte donc ce prix avec joie et abn\u00e9gation, merci\u00a0!\u00a0\u00bb, conclut-il. D\u00e9j\u00e0 dans tous les bons coups en 2025, il le sera encore en 2026. D\u2019ici quelques semaines, il sera \u00e0 l\u2019affiche de la com\u00e9die Alter Ego, o\u00f9 il ne campera pas un, mais deux r\u00f4les principaux au c\u00f4t\u00e9 de Blanche Gardin, Marc Fraize et Olga Kurylenko.<\/p>\n","protected":false},"excerpt":{"rendered":"Capture d\u2019\u00e9cran TMC Fid\u00e8le a lui-m\u00eame, le com\u00e9dien fran\u00e7ais s\u2019est permis un discours tout en modestie (ou pas)&hellip;\n","protected":false},"author":2,"featured_media":695112,"comment_status":"","ping_status":"","sticky":false,"template":"","format":"standard","meta":{"footnotes":""},"categories":[1359],"tags":[251,58,59,1011,27,23272,973,1404,252,8648],"class_list":{"0":"post-695111","1":"post","2":"type-post","3":"status-publish","4":"format-standard","5":"has-post-thumbnail","7":"category-people","8":"tag-culture","9":"tag-divertissement","10":"tag-entertainment","11":"tag-fr","12":"tag-france","13":"tag-laurent-lafitte","14":"tag-people","15":"tag-quotidien","16":"tag-television","17":"tag-tmc"},"share_on_mastodon":{"url":"https:\/\/pubeurope.com\/@fr\/115973071120800079","error":""},"_links":{"self":[{"href":"https:\/\/www.europesays.com\/fr\/wp-json\/wp\/v2\/posts\/695111","targetHints":{"allow":["GET"]}}],"collection":[{"href":"https:\/\/www.europesays.com\/fr\/wp-json\/wp\/v2\/posts"}],"about":[{"href":"https:\/\/www.europesays.com\/fr\/wp-json\/wp\/v2\/types\/post"}],"author":[{"embeddable":true,"href":"https:\/\/www.europesays.com\/fr\/wp-json\/wp\/v2\/users\/2"}],"replies":[{"embeddable":true,"href":"https:\/\/www.europesays.com\/fr\/wp-json\/wp\/v2\/comments?post=695111"}],"version-history":[{"count":0,"href":"https:\/\/www.europesays.com\/fr\/wp-json\/wp\/v2\/posts\/695111\/revisions"}],"wp:featuredmedia":[{"embeddable":true,"href":"https:\/\/www.europesays.com\/fr\/wp-json\/wp\/v2\/media\/695112"}],"wp:attachment":[{"href":"https:\/\/www.europesays.com\/fr\/wp-json\/wp\/v2\/media?parent=695111"}],"wp:term":[{"taxonomy":"category","embeddable":true,"href":"https:\/\/www.europesays.com\/fr\/wp-json\/wp\/v2\/categories?post=695111"},{"taxonomy":"post_tag","embeddable":true,"href":"https:\/\/www.europesays.com\/fr\/wp-json\/wp\/v2\/tags?post=695111"}],"curies":[{"name":"wp","href":"https:\/\/api.w.org\/{rel}","templated":true}]}}