{"id":695113,"date":"2026-01-28T13:56:15","date_gmt":"2026-01-28T13:56:15","guid":{"rendered":"https:\/\/www.europesays.com\/fr\/695113\/"},"modified":"2026-01-28T13:56:15","modified_gmt":"2026-01-28T13:56:15","slug":"ces-peintures-etaient-des-contrefacons-dans-les-pyrenees-des-actes-de-vandalisme-degradent-une-caverne","status":"publish","type":"post","link":"https:\/\/www.europesays.com\/fr\/695113\/","title":{"rendered":"\u00ab\u00a0Ces peintures \u00e9taient des contrefa\u00e7ons\u00a0\u00bb\u00a0: dans les Pyr\u00e9n\u00e9es, des actes de vandalisme d\u00e9gradent une caverne"},"content":{"rendered":"<p>\n                                                                    l&rsquo;essentiel<br \/>\n                                                                Les peintures rupestres du Comminges se r\u00e9v\u00e8lent \u00eatre des contrefa\u00e7ons. D\u00e9couverte par la Soci\u00e9t\u00e9 M\u00e9ridionale de Sp\u00e9l\u00e9ologie et de Pr\u00e9histoire, cette fraude a caus\u00e9 des dommages irr\u00e9versibles. Une enqu\u00eate est en cours pour retrouver les auteurs.\n                            <\/p>\n<p data-path-to-node=\"25\">Des peintures rupestres dans une grotte du Comminges\u00a0? C\u2019est la stup\u00e9fiante d\u00e9couverte faite par la Soci\u00e9t\u00e9 M\u00e9ridionale de Sp\u00e9l\u00e9ologie et de Pr\u00e9histoire (SMSP) en ao\u00fbt\u00a02025. Le territoire, c\u00e9l\u00e8bre pour ses fossiles et ses nombreux sites arch\u00e9ologiques, rec\u00e8lerait-il encore des secrets\u00a0? Pourtant, la joie des sp\u00e9l\u00e9ologues s\u2019est vite mu\u00e9e en amertume. \u00ab\u00a0Ces peintures \u00e9taient des contrefa\u00e7ons. Pire, leurs auteurs ont d\u00e9truit des t\u00e9moignages arch\u00e9ologiques essentiels \u00e0 nos recherches\u00a0\u00bb, d\u00e9plore Daniel Quettier, pr\u00e9sident de l\u2019association.<\/p>\n<p data-path-to-node=\"26\">Pour les membres de la SMSP, l\u2019existence d\u2019une telle cavit\u00e9 sur le secteur de Sengouagnet n\u2019est pas une surprise. Travers\u00e9 par la Garonne et ses affluents, le territoire pr\u00e9sente une diversit\u00e9 g\u00e9ologique remarquable. Ces collines verdoyantes abritent un v\u00e9ritable \u00ab\u00a0gruy\u00e8re\u00a0\u00bb souterrain, \u00e0 l\u2019image du r\u00e9seau F\u00e9lix-Trombe sur Herran et Arbas, qui compte pr\u00e8s de 500 cavit\u00e9s, ou du massif de Sauveterre-de-Comminges avec ses 400 r\u00e9seaux. S\u2019il est fr\u00e9quent que des promeneurs signalent des entr\u00e9es naturelles, le sc\u00e9nario d\u2019ao\u00fbt\u00a02025 est diff\u00e9rent. \u00ab\u00a0La proximit\u00e9 de certains gouffres avec les sentiers en fait malheureusement des cibles faciles. On y p\u00e9n\u00e8tre sans difficult\u00e9, ce qui attire des curieux mal intentionn\u00e9s\u00a0\u00bb, explique le sp\u00e9l\u00e9ologue.<\/p>\n<p>Des visiteurs qui abiment les parois naturelles<\/p>\n<p data-path-to-node=\"26\">Ce vandalisme prend des formes multiples\u00a0: des pseudo-fresques r\u00e9alis\u00e9es \u00e0 la bombe a\u00e9rosol aux fl\u00e8ches de balisage servant \u00e0 marquer un passage. Mais les d\u00e9g\u00e2ts d\u00e9passent l\u2019esth\u00e9tique. En p\u00e9n\u00e9trant dans ces sanctuaires sans formation, les visiteurs d\u00e9t\u00e9riorent ou subtilisent des \u00e9l\u00e9ments cruciaux pour la science.<\/p>\n<p data-path-to-node=\"27\">Dans la grotte inspect\u00e9e cet \u00e9t\u00e9, les experts ont trouv\u00e9 des parois ab\u00eem\u00e9es. Daniel Quettier d\u00e9nonce une pratique en expansion\u00a0: \u00ab\u00a0Nous constatons des vols de concr\u00e9tions \u2014 stalactites et stalagmites \u2014 \u00e0 des fins d\u00e9coratives, et m\u00eame le commerce de cristaux d\u2019aragonite arrach\u00e9s \u00e0 leur support calcaire. Certains tentent m\u00eame des fouilles clandestines, ce qui est formellement interdit.\u00a0\u00bb<\/p>\n<p>        <img decoding=\"async\" class=\"std-img__img responsive-img\" src=\"https:\/\/www.europesays.com\/fr\/wp-content\/uploads\/2026\/01\/1769608575_872_image.jpg\" alt=\"Des zooms sur des zones qui ont \u00e9t\u00e9 abim\u00e9es\"\/><\/p>\n<p>                Des zooms sur des zones qui ont \u00e9t\u00e9 abim\u00e9es<br \/>\n                                    Daniel Quettier<\/p>\n<p data-path-to-node=\"27\">Abandonnant \u00e9chelles et mat\u00e9riel d\u2019escalade sur place, \u00ab\u00a0les vandales\u00a0\u00bb de Sengouagnet ont disparu. En r\u00e9action, une op\u00e9ration conjointe a \u00e9t\u00e9 lanc\u00e9e avec le peloton de gendarmerie de haute montagne, le Service r\u00e9gional d\u2019arch\u00e9ologie (SRA) et l\u2019ONF afin de relever des indices dans plusieurs cavit\u00e9s du massif. L\u2019association, soutenue par le Comit\u00e9 de sp\u00e9l\u00e9ologie r\u00e9gional d\u2019Occitanie, a port\u00e9 plainte pour d\u00e9gradation du milieu souterrain, de sa biodiversit\u00e9 et de son patrimoine min\u00e9ralogique. L\u2019enqu\u00eate est en cours pour identifier les responsables de ces saccages.<\/p>\n","protected":false},"excerpt":{"rendered":"l&rsquo;essentiel Les peintures rupestres du Comminges se r\u00e9v\u00e8lent \u00eatre des contrefa\u00e7ons. D\u00e9couverte par la Soci\u00e9t\u00e9 M\u00e9ridionale de Sp\u00e9l\u00e9ologie&hellip;\n","protected":false},"author":2,"featured_media":695114,"comment_status":"","ping_status":"","sticky":false,"template":"","format":"standard","meta":{"footnotes":""},"categories":[1358],"tags":[1348,1384,1385,872,1386,58,59,1011,27,79077,2722,2551,79076],"class_list":{"0":"post-695113","1":"post","2":"type-post","3":"status-publish","4":"format-standard","5":"has-post-thumbnail","7":"category-arts-et-design","8":"tag-arts","9":"tag-arts-and-design","10":"tag-arts-et-design","11":"tag-culture-et-loisirs","12":"tag-design","13":"tag-divertissement","14":"tag-entertainment","15":"tag-fr","16":"tag-france","17":"tag-grottes-et-espaces-souterrains","18":"tag-haute-garonne","19":"tag-patrimoine","20":"tag-sengouagnet"},"share_on_mastodon":{"url":"https:\/\/pubeurope.com\/@fr\/115973074668614332","error":""},"_links":{"self":[{"href":"https:\/\/www.europesays.com\/fr\/wp-json\/wp\/v2\/posts\/695113","targetHints":{"allow":["GET"]}}],"collection":[{"href":"https:\/\/www.europesays.com\/fr\/wp-json\/wp\/v2\/posts"}],"about":[{"href":"https:\/\/www.europesays.com\/fr\/wp-json\/wp\/v2\/types\/post"}],"author":[{"embeddable":true,"href":"https:\/\/www.europesays.com\/fr\/wp-json\/wp\/v2\/users\/2"}],"replies":[{"embeddable":true,"href":"https:\/\/www.europesays.com\/fr\/wp-json\/wp\/v2\/comments?post=695113"}],"version-history":[{"count":0,"href":"https:\/\/www.europesays.com\/fr\/wp-json\/wp\/v2\/posts\/695113\/revisions"}],"wp:featuredmedia":[{"embeddable":true,"href":"https:\/\/www.europesays.com\/fr\/wp-json\/wp\/v2\/media\/695114"}],"wp:attachment":[{"href":"https:\/\/www.europesays.com\/fr\/wp-json\/wp\/v2\/media?parent=695113"}],"wp:term":[{"taxonomy":"category","embeddable":true,"href":"https:\/\/www.europesays.com\/fr\/wp-json\/wp\/v2\/categories?post=695113"},{"taxonomy":"post_tag","embeddable":true,"href":"https:\/\/www.europesays.com\/fr\/wp-json\/wp\/v2\/tags?post=695113"}],"curies":[{"name":"wp","href":"https:\/\/api.w.org\/{rel}","templated":true}]}}