{"id":69512,"date":"2025-05-02T14:23:10","date_gmt":"2025-05-02T14:23:10","guid":{"rendered":"https:\/\/www.europesays.com\/fr\/69512\/"},"modified":"2025-05-02T14:23:10","modified_gmt":"2025-05-02T14:23:10","slug":"les-stephanois-invites-a-repenser-les-places-du-centre-ville","status":"publish","type":"post","link":"https:\/\/www.europesays.com\/fr\/69512\/","title":{"rendered":"Les St\u00e9phanois invit\u00e9s \u00e0 repenser les places du centre-ville"},"content":{"rendered":"<p class=\"is-style-chapo\">Une concertation publique commencera \u00e0 partir du 14 mai aupr\u00e8s des habitants qui souhaitent donner leur avis concernant les places du centre-ville de Saint-Etienne. Sur site, en ligne, durant des ateliers, ils seront invit\u00e9s \u00e0 faire part de leurs propositions concernant le futur du Peuple, de l\u2019H\u00f4tel-de-Ville, de Dorian et de Jean Jaur\u00e9s\u2026 en tenant compte de plusieurs contraintes. \u00a0<\/p>\n<p><img fetchpriority=\"high\" decoding=\"async\" width=\"1024\" height=\"576\" src=\"https:\/\/www.europesays.com\/fr\/wp-content\/uploads\/2025\/05\/IMG_6870-1-1024x576.jpg\" alt=\"Place Jean Jaur\u00e8s\" class=\"wp-image-78896\"  \/>Quels am\u00e9nagements pour rendre les grandes places st\u00e9phanoises plus agr\u00e9ables \u00e0 vivre ? \u00a9JT\/ If Saint-Etienne<\/p>\n<p>\u00ab\u00a0La premi\u00e8re r\u00e9union a \u00e9t\u00e9 un succ\u00e8s puisqu\u2019il y avait environ 150 personnes, nous n\u2019avions pas pr\u00e9vu assez de places, assure Jean-Pierre Berger, 1er adjoint \u00e0 la Ville de Saint-Etienne, charg\u00e9 de l\u2019urbanisme et du logement. J\u2019ai trouv\u00e9 un public plus jeune que lors des r\u00e9unions de concertation que nous avons pu mener auparavant, des personnes dont les places sont le quotidien\u00a0\u00bb. Il y a quelques semaines, le maire de Saint-Etienne, Ga\u00ebl Perdriau, se mettait en sc\u00e8ne dans une vid\u00e9o, d\u00e9ambulant sur les diff\u00e9rentes grandes places de la ville, et appelant les St\u00e9phanois \u00e0 participer \u00e0 une r\u00e9union publique le 15 avril \u00e0 l\u2019H\u00f4tel-de-Ville. <\/p>\n<p>L\u2019id\u00e9e \u00e9tait de pr\u00e9senter aux habitants un calendrier de <a href=\"https:\/\/www.saint-etienne.fr\/mini-site\/concertation-des-places-du-peuple-dorian-hotel-de-ville-et-jean-jaures\/actualites\/places\" target=\"_blank\" rel=\"noreferrer noopener\">consultations<\/a>, afin de repenser les places Dorian, du Peuple, de l\u2019H\u00f4tel-de-Ville et <a href=\"https:\/\/www.if-saint-etienne.fr\/breves\/fin-des-voitures-place-jean-jaures\" target=\"_blank\" rel=\"noreferrer noopener\">Jean Jaur\u00e8s<\/a>, qui n\u2019ont plus \u00e9t\u00e9 refaites depuis 12 \u00e0 25 ans. Et si le timing interroge, l\u2019\u00e9lu nie toute strat\u00e9gie politique qui serait derri\u00e8re ce calendrier.<\/p>\n<p>Disponible en ligne<\/p>\n<p>\u00ab\u00a0Depuis 2024, nous avons lanc\u00e9 une strat\u00e9gie de concertation avec les habitants, et on a d\u00e9roul\u00e9 les projets urbains quartier par quartier, explique Jean-Pierre Berger. L\u2019un de nos objectifs \u00e9tait de rattacher ces quartiers villages au centre-ville. C\u2019est ce que nous avons fait au Soleil avec la mise en place du tram, \u00e0 Tarentaize\/ Beaubrun en d\u00e9molissant pour ouvrir sur le centre. Le centre, il faut s\u2019en occuper aussi, et cela tombe maintenant. Les Ursules, le Charit\u00e9\u2026 cela fait aussi partie du programme C\u0153ur d\u2019histoire\u00a0\u00bb. <\/p>\n<p>Bien s\u00fbr, le 1er adjoint explique que l\u2019\u00e9lection \u00e0 venir ne stoppe pas les objectifs de l\u2019\u00e9quipe, le lancement d\u2019\u00e9tudes, etc., et de ce fait, tous se projettent sur les mandats suivants, comme c\u2019est le cas sur d\u2019autres projets. Alors comment les places vont-elles \u00eatre r\u00e9am\u00e9nag\u00e9es\u00a0? Plusieurs r\u00e9unions vont \u00eatre organis\u00e9es, pour chaque place, tandis que la consultation en ligne est d\u00e9j\u00e0 disponible jusqu\u2019\u00e0 mi-ao\u00fbt.<\/p>\n<p><img loading=\"lazy\" decoding=\"async\" width=\"1024\" height=\"576\" src=\"https:\/\/www.europesays.com\/fr\/wp-content\/uploads\/2025\/05\/peuple-1024x576.jpg\" alt=\"\" class=\"wp-image-5131\"  \/>\u00a9 NB \/ If Saint-Etienne.<\/p>\n<p>Pas de budget \u00e9tabli<\/p>\n<p>Sur site, les r\u00e9unions se d\u00e9rouleront le 14 mai place Jean Jaur\u00e8s, le 16 places Dorian et de l\u2019H\u00f4tel-de-Ville, et enfin le 21 place du Peuple. Des ateliers sont \u00e9galement pr\u00e9vus afin de r\u00e9fl\u00e9chir ensemble \u00e0 ce qui pourrait \u00eatre modifi\u00e9 sur ces places ainsi que sur les rues qui les relient entre elles. V\u00e9g\u00e9talisation, animations, propret\u00e9, \u00e9clairage, mobiliers urbains, pav\u00e9s glissants, animations\u2026 ils devront d\u00e9finir leur physionomie et leur usage \u00e0 venir. \u00ab\u00a0Lors de la premi\u00e8re rencontre, j\u2019ai donn\u00e9 comme id\u00e9e d\u2019homog\u00e9n\u00e9iser les mat\u00e9riaux, depuis la rue de la ville jusqu\u2019\u00e0 la Com\u00e8te, par exemple, pour marquer l\u2019entr\u00e9e dans le bourg m\u00e9di\u00e9val. Une dame trouvait qu\u2019au contraire, chaque place devait garder son image. Ce sont ces arbitrages que nous allons mener par la suite\u00a0\u00bb. Oui, mais pour quel budget\u00a0? La municipalit\u00e9 n\u2019a pour l\u2019heure pas avanc\u00e9 de chiffres, arguant qu\u2019elle souhaite d\u2019abord partir des projets pour d\u00e9terminer l\u2019enveloppe allou\u00e9e.<\/p>\n<p>Et ce ne sera pas sans plusieurs d\u00e9fis \u00e0 relever. Ainsi, difficile de v\u00e9g\u00e9taliser la place de l\u2019H\u00f4tel-de-Ville en raison de son parking sous-terrain. De m\u00eame, il faut prendre en compte le passage du Furan sous Dorian et Peuple, ou encore la pr\u00e9sence d\u2019une sous-station Stas. Place au peuple\u2026<\/p>\n","protected":false},"excerpt":{"rendered":"Une concertation publique commencera \u00e0 partir du 14 mai aupr\u00e8s des habitants qui souhaitent donner leur avis concernant&hellip;\n","protected":false},"author":2,"featured_media":69513,"comment_status":"","ping_status":"","sticky":false,"template":"","format":"standard","meta":{"footnotes":""},"categories":[9653],"tags":[1111,11,9250,2430,1777,674,11536,1011,27,16352,12,17170,17171,25,17172,4001],"class_list":{"0":"post-69512","1":"post","2":"type-post","3":"status-publish","4":"format-standard","5":"has-post-thumbnail","7":"category-saint-etienne","8":"tag-actu","9":"tag-actualites","10":"tag-amenagement-urbain","11":"tag-auvergne-rhone-alpes","12":"tag-eu","13":"tag-europe","14":"tag-evolutif","15":"tag-fr","16":"tag-france","17":"tag-jean-pierre-berger","18":"tag-news","19":"tag-place-de-lhotel-de-ville","20":"tag-place-jean-jaures","21":"tag-republique-francaise","22":"tag-reunion-publique","23":"tag-saint-etienne"},"share_on_mastodon":{"url":"https:\/\/pubeurope.com\/@fr\/114438695134008365","error":""},"_links":{"self":[{"href":"https:\/\/www.europesays.com\/fr\/wp-json\/wp\/v2\/posts\/69512","targetHints":{"allow":["GET"]}}],"collection":[{"href":"https:\/\/www.europesays.com\/fr\/wp-json\/wp\/v2\/posts"}],"about":[{"href":"https:\/\/www.europesays.com\/fr\/wp-json\/wp\/v2\/types\/post"}],"author":[{"embeddable":true,"href":"https:\/\/www.europesays.com\/fr\/wp-json\/wp\/v2\/users\/2"}],"replies":[{"embeddable":true,"href":"https:\/\/www.europesays.com\/fr\/wp-json\/wp\/v2\/comments?post=69512"}],"version-history":[{"count":0,"href":"https:\/\/www.europesays.com\/fr\/wp-json\/wp\/v2\/posts\/69512\/revisions"}],"wp:featuredmedia":[{"embeddable":true,"href":"https:\/\/www.europesays.com\/fr\/wp-json\/wp\/v2\/media\/69513"}],"wp:attachment":[{"href":"https:\/\/www.europesays.com\/fr\/wp-json\/wp\/v2\/media?parent=69512"}],"wp:term":[{"taxonomy":"category","embeddable":true,"href":"https:\/\/www.europesays.com\/fr\/wp-json\/wp\/v2\/categories?post=69512"},{"taxonomy":"post_tag","embeddable":true,"href":"https:\/\/www.europesays.com\/fr\/wp-json\/wp\/v2\/tags?post=69512"}],"curies":[{"name":"wp","href":"https:\/\/api.w.org\/{rel}","templated":true}]}}