{"id":695142,"date":"2026-01-28T14:16:22","date_gmt":"2026-01-28T14:16:22","guid":{"rendered":"https:\/\/www.europesays.com\/fr\/695142\/"},"modified":"2026-01-28T14:16:22","modified_gmt":"2026-01-28T14:16:22","slug":"municipales-2026-a-nancy-choc-de-securite-pouvoir-dachat-laurent-henart-devoile-ses-premieres-mesures","status":"publish","type":"post","link":"https:\/\/www.europesays.com\/fr\/695142\/","title":{"rendered":"Municipales 2026 \u00e0 Nancy. \u00ab\u00a0Choc de s\u00e9curit\u00e9\u00a0\u00bb, pouvoir d&rsquo;achat\u2026 Laurent H\u00e9nart d\u00e9voile ses premi\u00e8res mesures"},"content":{"rendered":"<p>                    Par<br \/>\n        <strong><br \/>\n            <a href=\"https:\/\/actu.fr\/auteur\/amandine-mehl\" title=\"Consulter tous les articles de Amandine Mehl\" target=\"_blank\" rel=\"noopener\">Amandine Mehl<\/a><br \/>\n                    <\/strong><\/p>\n<p>        Publi\u00e9 le<\/p>\n<p>            28 janv. 2026 \u00e0 11h48        <\/p>\n<p><a href=\"https:\/\/actu.fr\/grand-est\/nancy_54395\/municipales-2026-a-nancy-l-ancien-maire-laurent-henart-annonce-officiellement-sa-candidature_63741866.html\" target=\"_blank\" rel=\"noopener\">Laurent H\u00e9nart<\/a>, ancien <strong>maire<\/strong> de <strong>Nancy<\/strong>, est candidat aux \u00e9lections <a href=\"https:\/\/actu.fr\/tag\/municipales-2026\" target=\"_blank\" rel=\"noopener\">municipales 2026<\/a>. Si ses <strong>colistiers n\u2019ont pas encore \u00e9t\u00e9 d\u00e9voil\u00e9s<\/strong>, celui qui assure avoir \u00ab\u2009chang\u00e9 son regard sur la ville\u2009\u00bb, \u00ab\u2009bien loin des consid\u00e9rations et des points de vue [qu\u2019il pouvait avoir] il y a encore quelques ann\u00e9es\u2009\u00bb, a partag\u00e9 ses <strong>25 premi\u00e8res propositions<\/strong> pour la ville.<\/p>\n<p>Laurent H\u00e9nart veut \u00ab\u2009un choc de s\u00e9curit\u00e9\u2009\u00bb \u00e0 Nancy<\/p>\n<p class=\" wall-content\">Laurent H\u00e9nart \u00e9voque, pour le premier volet, \u00ab\u2009un <strong>choc de s\u00e9curit\u00e9<\/strong> pour une ville plus s\u00fbre\u2009\u00bb. Cela se traduit par \u00ab<strong>\u2009deux fois plus de policiers<\/strong> sur le terrain avec des patrouilles \u00e0 pied dans tous les quartiers, la cr\u00e9ation d\u2019une <strong>police m\u00e9tropolitaine des transports<\/strong>, une brigade canine et une brigade deux-roues, la cr\u00e9ation d\u2019une r\u00e9serve de la police municipale, <strong>six fois plus de cam\u00e9ras de vid\u00e9oprotection<\/strong> et <strong>100 bornes d\u2019appel d\u2019urgence<\/strong> dans l\u2019espace public\u2009\u00bb.<\/p>\n<p class=\" wall-content\">S\u2019agissant du <strong>pouvoir d\u2019achat<\/strong>, il fait la promesse de <strong>ne pas toucher aux imp\u00f4ts<\/strong> durant le mandat. Il propose par ailleurs de mettre en place une <strong>tarification familiale et sociale<\/strong> des services au public \u00ab\u2009transport, eau\u2026\u2009\u00bb et d\u2019<strong>exon\u00e9rer temporairement de la taxe fonci\u00e8re<\/strong> les propri\u00e9taires r\u00e9alisant des travaux de r\u00e9novation.<\/p>\n<p>Laurent H\u00e9nart veut rendre le stationnement gratuit pour les clients des commer\u00e7ants<\/p>\n<p class=\" wall-content\">Sujet br\u00fblant \u00e0 Nancy, l\u2019ancien maire entend s\u2019attaquer \u00e0 la <strong>circulation<\/strong> pour faire de Nancy \u00ab\u2009une ville <strong>plus accessible<\/strong>\u2009\u00bb. Cela passera par un <strong>nouveau plan de circulation<\/strong> approuv\u00e9 par les habitants, l\u2019instauration d\u2019une<strong> gratuit\u00e9 de stationnement pour les clients<\/strong> des commer\u00e7ants, la relance imm\u00e9diate de l\u2019offre des <strong>samedis \u00e0 2\u00a0euros<\/strong>, la s\u00e9curisation des cheminements pi\u00e9tons et des parcours \u00e0 v\u00e9lo et un programme d\u2019acc\u00e8s des personnes handicap\u00e9es aux espaces et lieux publics vot\u00e9 durant la premi\u00e8re ann\u00e9e du mandat.<\/p>\n<p class=\" wall-content\">Les premi\u00e8res propositions du candidat ciblent \u00e9galement la <strong>propret\u00e9<\/strong>. Il propose une <strong>collecte gratuite et \u00e0 la demande<\/strong> des encombrants et des d\u00e9chets verts, l\u2019installation de 200 poubelles et points canisacs suppl\u00e9mentaires, la cr\u00e9ation d\u2019une brigade propret\u00e9\/environnement mais aussi des <strong>sanctions accrues face aux incivilit\u00e9s<\/strong>.<\/p>\n<p>Votre r\u00e9gion, votre actu !<\/p>\n<p>Recevez chaque jour les infos qui comptent pour vous.<\/p>\n<p>\t<a href=\"https:\/\/actu.fr\/newsletter\" class=\"ac-btn ac-btn--corner ac-btn--medium ac-btn--blue800\" target=\"_blank\" rel=\"noopener\">S&rsquo;incrire<\/a><br \/>\nLaurent H\u00e9nart promet une plantation massive d\u2019arbres<\/p>\n<p class=\" wall-content\">Pour aboutir \u00e0 \u00ab\u2009une ville plus douce \u00e0 vivre\u2009\u00bb, Laurent H\u00e9nart projette de cr\u00e9er une <strong>maison de la vie associative<\/strong> dans chaque quartier, promet un espace vert, un lieu culturel ou de loisirs, un \u00e9quipement sportif, une maison de sant\u00e9 <strong>\u00e0 moins de 15\u00a0minutes \u00e0 pied pour tous<\/strong>, une <strong>plantation massive d\u2019arbres<\/strong> et la cr\u00e9ation de fontaines \u00e0 eau par quartier, deux fois plus d\u2019activit\u00e9s culturelles et sportives p\u00e9riscolaires gratuites et une nouvelle r\u00e9sidence s\u00e9niors dans chaque quartier.<\/p>\n<p class=\" wall-content\">Enfin, le candidat assure vouloir \u00ab<strong>\u2009rendre le pouvoir aux habitants<\/strong> pour plus de transparence\u2009\u00bb. Cela passera par une <strong>\u00e9tude d\u2019impact publique obligatoire<\/strong> pour tout nouvel am\u00e9nagement ou changement de circulation, l\u2019organisation d\u2019un \u00ab\u2009printemps de la d\u00e9mocratie\u2009\u00bb chaque ann\u00e9e avec la mise en place de <strong>r\u00e9f\u00e9rendums locaux<\/strong>, un <strong>audit complet et ind\u00e9pendant des finances municipales et m\u00e9tropolitaines<\/strong> et la cr\u00e9ation d\u2019un comit\u00e9 d\u2019audit citoyen ouvert aux habitants volontaires.<\/p>\n<p class=\" wall-content\">Personnalisez votre actualit\u00e9 en ajoutant vos villes et m\u00e9dias en favori avec <a href=\"https:\/\/moncompte.actu.fr\" title=\"D\u00e9couvez Mon Actu\" rel=\"nofollow noopener\" data-trk=\"{&quot;cta&quot;:{&quot;action&quot;:&quot;https:\\\/\\\/moncompte.actu.fr&quot;,&quot;category&quot;:&quot;mon compte&quot;,&quot;from&quot;:&quot;article footer&quot;,&quot;name&quot;:&quot;Mon actu&quot;,&quot;type&quot;:&quot;cta&quot;}}\" target=\"_blank\">Mon Actu<\/a>.<\/p>\n","protected":false},"excerpt":{"rendered":"Par Amandine Mehl Publi\u00e9 le 28 janv. 2026 \u00e0 11h48 Laurent H\u00e9nart, ancien maire de Nancy, est candidat&hellip;\n","protected":false},"author":2,"featured_media":695143,"comment_status":"","ping_status":"","sticky":false,"template":"","format":"standard","meta":{"footnotes":""},"categories":[9635],"tags":[1111,11,4188,1777,674,1011,27,775,50317,3434,1702,12,316,25],"class_list":{"0":"post-695142","1":"post","2":"type-post","3":"status-publish","4":"format-standard","5":"has-post-thumbnail","7":"category-nancy","8":"tag-actu","9":"tag-actualites","10":"tag-elections-municipales","11":"tag-eu","12":"tag-europe","13":"tag-fr","14":"tag-france","15":"tag-grand-est","16":"tag-laurent-henart","17":"tag-municipales-2026","18":"tag-nancy","19":"tag-news","20":"tag-politique","21":"tag-republique-francaise"},"share_on_mastodon":{"url":"https:\/\/pubeurope.com\/@fr\/115973153279538823","error":""},"_links":{"self":[{"href":"https:\/\/www.europesays.com\/fr\/wp-json\/wp\/v2\/posts\/695142","targetHints":{"allow":["GET"]}}],"collection":[{"href":"https:\/\/www.europesays.com\/fr\/wp-json\/wp\/v2\/posts"}],"about":[{"href":"https:\/\/www.europesays.com\/fr\/wp-json\/wp\/v2\/types\/post"}],"author":[{"embeddable":true,"href":"https:\/\/www.europesays.com\/fr\/wp-json\/wp\/v2\/users\/2"}],"replies":[{"embeddable":true,"href":"https:\/\/www.europesays.com\/fr\/wp-json\/wp\/v2\/comments?post=695142"}],"version-history":[{"count":0,"href":"https:\/\/www.europesays.com\/fr\/wp-json\/wp\/v2\/posts\/695142\/revisions"}],"wp:featuredmedia":[{"embeddable":true,"href":"https:\/\/www.europesays.com\/fr\/wp-json\/wp\/v2\/media\/695143"}],"wp:attachment":[{"href":"https:\/\/www.europesays.com\/fr\/wp-json\/wp\/v2\/media?parent=695142"}],"wp:term":[{"taxonomy":"category","embeddable":true,"href":"https:\/\/www.europesays.com\/fr\/wp-json\/wp\/v2\/categories?post=695142"},{"taxonomy":"post_tag","embeddable":true,"href":"https:\/\/www.europesays.com\/fr\/wp-json\/wp\/v2\/tags?post=695142"}],"curies":[{"name":"wp","href":"https:\/\/api.w.org\/{rel}","templated":true}]}}