{"id":695146,"date":"2026-01-28T14:18:11","date_gmt":"2026-01-28T14:18:11","guid":{"rendered":"https:\/\/www.europesays.com\/fr\/695146\/"},"modified":"2026-01-28T14:18:11","modified_gmt":"2026-01-28T14:18:11","slug":"top-14-toulon-jaminet-et-villiere-sont-de-retour-un-autre-international-entrevoit-le-bout-du-tunnel","status":"publish","type":"post","link":"https:\/\/www.europesays.com\/fr\/695146\/","title":{"rendered":"Top 14 &#8211; Toulon\u00a0: Jaminet et Villi\u00e8re sont de retour, un autre international entrevoit le bout du tunnel"},"content":{"rendered":"<p>\n                En cl\u00f4ture de la 16e journ\u00e9e du championnat, Toulon se rend, ce dimanche, au stade du Hameau pour d\u00e9fier Pau, dans une affiche entre deux pr\u00e9tendants aux deux premi\u00e8res places. Priv\u00e9s de plusieurs internationaux, les Rouge et Noir ont retrouv\u00e9 des forces venues de l\u2019infirmerie.\n            <\/p>\n<p>\u00c0 la fin du match gagn\u00e9 face \u00e0 Montpellier (30-27), dimanche dernier, Pierre Mignoni n\u2019avait pas cach\u00e9 ses intentions pour le d\u00e9placement sur le terrain de la Section paloise. Actuellement au pied du podium avec 43 points, les Rouge et Noir pourraient faire basculer leur saison en cas d\u2019un gros coup dans le B\u00e9arn. En effet, Pau (2e) compte quatre points de plus que RCT. \u00c0 l\u2019aller, les partenaires de David Ribbans avaient remport\u00e9 la partie, avec le bonus offensif en prime (33-17).<\/p>\n<p>Sans ses Bleus (Gros, Priso, Ollivon, Serin, Dr\u00e9an) et ses autres internationaux (Garbisi, Brex, White) durant la semaine, l\u2019entra\u00eeneur varois voulait miser sur la \u00ab\u00a0fra\u00eecheur\u00a0\u00bb des revenants. Lors de la derni\u00e8re quinzaine, l\u2019infirmerie s\u2019est en effet\u00a0vid\u00e9e sur les bords de la M\u00e9diterran\u00e9e.<\/p>\n<p>Le talonneur Pierre Damond (genou) et le pilier droit Beka Gigashvili (mollet) ont repris la comp\u00e9tition face aux H\u00e9raultais. Le talonneur international italien Gianmarco Lucchesi (genou), la l\u00e9gende n\u00e9o-z\u00e9landaise\u00a0Ma\u2019a Nonu (pied), et les internationaux fran\u00e7ais\u00a0Gabin Villi\u00e8re (c\u00f4tes) et Melvyn Jaminet (main) sont de nouveau aptes pour ce choc du Top 14. Ce dernier\u00a0n\u2019est plus apparu sur un terrain depuis le revers conc\u00e9d\u00e9, en Champions Cup, du c\u00f4t\u00e9 d\u2019\u00c9dimbourg (33-20), le 7\u00a0d\u00e9cembre dernier. Victime d\u2019une b\u00e9quille et de\u00a0plusieurs contusions face au MHR, le prometteur centre Oliver Cowie est lui aussi disponible. Il s\u2019est entra\u00een\u00e9 normalement depuis le d\u00e9but de cette semaine.<\/p>\n<p>Antoine Frisch a recouru<\/p>\n<p>Malchanceux depuis deux saisons, Antoine Frisch se rapproche, lui aussi, d\u2019un retour \u00e0 la comp\u00e9tition. Selon nos informations, l\u2019international fran\u00e7ais (2 s\u00e9lections) a recouru, en marge du groupe, lors de l\u2019entra\u00eenement collectif du d\u00e9but de semaine. Op\u00e9r\u00e9 d\u2019un pied, le centre n\u2019a plus jou\u00e9 depuis le 4\u00a0octobre 2025 et le d\u00e9placement perdant \u00e0 Bayonne (33-30). \u00c0 court terme, le staff varois ne veut pas prendre de risque avec lui, mais il sera attendu \u00e0 la sortie de la tr\u00eave de f\u00e9vrier.<\/p>\n<p>Sur le terrain d\u2019entra\u00eenement du Campus RCT, l\u2019ancien \u00e9l\u00e9ment du Munster \u00e9tait accompagn\u00e9 du trois-quarts centre Mathieu Sma\u00efli. Le natif d\u2019Hy\u00e8res est sur le flanc depuis un mois. Il s\u2019\u00e9tait bless\u00e9 \u00e0 un genou \u00e0 la suite\u00a0du s\u00e9v\u00e8re revers conc\u00e9d\u00e9 \u00e0 La\u00a0Rochelle (66-0). Le tandem est en voie de quitter l\u2019infirmerie. Dans cette derni\u00e8re, il ne reste plus \u00ab\u00a0que\u00a0\u00bb les bless\u00e9s de longue date comme Swan Rebbadj, Patrick Tuifua, Joe Quere Karaba, ou encore Matthias Halagahu.<\/p>\n","protected":false},"excerpt":{"rendered":"En cl\u00f4ture de la 16e journ\u00e9e du championnat, Toulon se rend, ce dimanche, au stade du Hameau pour&hellip;\n","protected":false},"author":2,"featured_media":695147,"comment_status":"","ping_status":"","sticky":false,"template":"","format":"standard","meta":{"footnotes":""},"categories":[9619],"tags":[1111,11,1777,674,1011,27,13084,12,882,25,68796,478,2310],"class_list":{"0":"post-695146","1":"post","2":"type-post","3":"status-publish","4":"format-standard","5":"has-post-thumbnail","7":"category-toulon","8":"tag-actu","9":"tag-actualites","10":"tag-eu","11":"tag-europe","12":"tag-fr","13":"tag-france","14":"tag-melvyn-jaminet","15":"tag-news","16":"tag-provence-alpes-cote-dazur","17":"tag-republique-francaise","18":"tag-rugby-u00e0-xv","19":"tag-top-14","20":"tag-toulon"},"share_on_mastodon":{"url":"https:\/\/pubeurope.com\/@fr\/115973161197647554","error":""},"_links":{"self":[{"href":"https:\/\/www.europesays.com\/fr\/wp-json\/wp\/v2\/posts\/695146","targetHints":{"allow":["GET"]}}],"collection":[{"href":"https:\/\/www.europesays.com\/fr\/wp-json\/wp\/v2\/posts"}],"about":[{"href":"https:\/\/www.europesays.com\/fr\/wp-json\/wp\/v2\/types\/post"}],"author":[{"embeddable":true,"href":"https:\/\/www.europesays.com\/fr\/wp-json\/wp\/v2\/users\/2"}],"replies":[{"embeddable":true,"href":"https:\/\/www.europesays.com\/fr\/wp-json\/wp\/v2\/comments?post=695146"}],"version-history":[{"count":0,"href":"https:\/\/www.europesays.com\/fr\/wp-json\/wp\/v2\/posts\/695146\/revisions"}],"wp:featuredmedia":[{"embeddable":true,"href":"https:\/\/www.europesays.com\/fr\/wp-json\/wp\/v2\/media\/695147"}],"wp:attachment":[{"href":"https:\/\/www.europesays.com\/fr\/wp-json\/wp\/v2\/media?parent=695146"}],"wp:term":[{"taxonomy":"category","embeddable":true,"href":"https:\/\/www.europesays.com\/fr\/wp-json\/wp\/v2\/categories?post=695146"},{"taxonomy":"post_tag","embeddable":true,"href":"https:\/\/www.europesays.com\/fr\/wp-json\/wp\/v2\/tags?post=695146"}],"curies":[{"name":"wp","href":"https:\/\/api.w.org\/{rel}","templated":true}]}}