{"id":695156,"date":"2026-01-28T14:24:43","date_gmt":"2026-01-28T14:24:43","guid":{"rendered":"https:\/\/www.europesays.com\/fr\/695156\/"},"modified":"2026-01-28T14:24:43","modified_gmt":"2026-01-28T14:24:43","slug":"municipales-2026-les-dix-candidats-a-grenoble-invites-a-un-debat-autour-de-la-declaration-des-droits-des-habitants-et-des-habitantes","status":"publish","type":"post","link":"https:\/\/www.europesays.com\/fr\/695156\/","title":{"rendered":"Municipales 2026. Les dix candidats \u00e0 Grenoble invit\u00e9s \u00e0 un d\u00e9bat autour de la D\u00e9claration des droits des habitants et des habitantes"},"content":{"rendered":"<p>Les Unions de quartier du Comit\u00e9 de liaison des Unions de quartier de Grenoble (Cluq) et les associations d\u2019habitants m\u00e9tropolitaines de Civipole, ont consacr\u00e9 l\u2019ann\u00e9e 2021 \u00e0 la r\u00e9daction d\u2019une \u201cD\u00e9claration des droits des habitants et des habitantes \u00e0 participer \u00e0 la d\u00e9cision publique\u201d.<\/p>\n<p>En pleine campagne des municipales, les deux structures ont propos\u00e9 aux <a href=\"https:\/\/www.ledauphine.com\/elections\/2026\/01\/17\/deja-10-candidats-a-grenoble-qui-sont-ils\" target=\"_blank\" rel=\"noopener\">dix candidats d\u00e9clar\u00e9s \u00e0 Grenoble<\/a> de participer, ce samedi 31\u00a0janvier\u00a0\u00e0 9 heures dans la grande salle de la Maison de la vie associative et citoyenne (6 rue Berthe-de-Boissieux), \u00e0 une matin\u00e9e d\u00e9bat pour discuter de la mise en \u0153uvre de ce texte. Une rencontre qui serait \u201cla premi\u00e8re pierre des \u00c9tats g\u00e9n\u00e9raux des habitants et habitantes que nous envisageons d\u2019organiser en 2026 ou en 2027\u201d, expliquent les associations.<\/p>\n<p>Les dix candidats r\u00e9pondront tour \u00e0 tour \u00e0 trois questions avant l\u2019intervention de deux universitaires travaillant sur les questions de d\u00e9mocratie directe, Raul Magni-Berton et Clara Egger. Un \u00e9change avec la salle suivie de la conclusion des organisateurs cloront la matin\u00e9e-d\u00e9bat.<\/p>\n","protected":false},"excerpt":{"rendered":"Les Unions de quartier du Comit\u00e9 de liaison des Unions de quartier de Grenoble (Cluq) et les associations&hellip;\n","protected":false},"author":2,"featured_media":695157,"comment_status":"","ping_status":"","sticky":false,"template":"","format":"standard","meta":{"footnotes":""},"categories":[9566],"tags":[1111,11,2430,112,4188,1777,674,1011,27,2731,2732,108,12,316,25],"class_list":{"0":"post-695156","1":"post","2":"type-post","3":"status-publish","4":"format-standard","5":"has-post-thumbnail","7":"category-grenoble","8":"tag-actu","9":"tag-actualites","10":"tag-auvergne-rhone-alpes","11":"tag-edition-grenoble-agglomeration","12":"tag-elections-municipales","13":"tag-eu","14":"tag-europe","15":"tag-fr","16":"tag-france","17":"tag-grenoble","18":"tag-grenoble-bassin","19":"tag-isere","20":"tag-news","21":"tag-politique","22":"tag-republique-francaise"},"share_on_mastodon":{"url":"https:\/\/pubeurope.com\/@fr\/115973184817336126","error":""},"_links":{"self":[{"href":"https:\/\/www.europesays.com\/fr\/wp-json\/wp\/v2\/posts\/695156","targetHints":{"allow":["GET"]}}],"collection":[{"href":"https:\/\/www.europesays.com\/fr\/wp-json\/wp\/v2\/posts"}],"about":[{"href":"https:\/\/www.europesays.com\/fr\/wp-json\/wp\/v2\/types\/post"}],"author":[{"embeddable":true,"href":"https:\/\/www.europesays.com\/fr\/wp-json\/wp\/v2\/users\/2"}],"replies":[{"embeddable":true,"href":"https:\/\/www.europesays.com\/fr\/wp-json\/wp\/v2\/comments?post=695156"}],"version-history":[{"count":0,"href":"https:\/\/www.europesays.com\/fr\/wp-json\/wp\/v2\/posts\/695156\/revisions"}],"wp:featuredmedia":[{"embeddable":true,"href":"https:\/\/www.europesays.com\/fr\/wp-json\/wp\/v2\/media\/695157"}],"wp:attachment":[{"href":"https:\/\/www.europesays.com\/fr\/wp-json\/wp\/v2\/media?parent=695156"}],"wp:term":[{"taxonomy":"category","embeddable":true,"href":"https:\/\/www.europesays.com\/fr\/wp-json\/wp\/v2\/categories?post=695156"},{"taxonomy":"post_tag","embeddable":true,"href":"https:\/\/www.europesays.com\/fr\/wp-json\/wp\/v2\/tags?post=695156"}],"curies":[{"name":"wp","href":"https:\/\/api.w.org\/{rel}","templated":true}]}}