{"id":69516,"date":"2025-05-02T14:25:10","date_gmt":"2025-05-02T14:25:10","guid":{"rendered":"https:\/\/www.europesays.com\/fr\/69516\/"},"modified":"2025-05-02T14:25:10","modified_gmt":"2025-05-02T14:25:10","slug":"pompey-le-dispositif-des-chantiers-jeunes-elargi-aux-mineurs-des-12-ans","status":"publish","type":"post","link":"https:\/\/www.europesays.com\/fr\/69516\/","title":{"rendered":"Pompey. Le dispositif des chantiers jeunes \u00e9largi aux mineurs d\u00e8s 12 ans"},"content":{"rendered":"<p>La liste des d\u00e9lib\u00e9rations laissait augurer un conseil particuli\u00e8rement centr\u00e9 sur une dimension technique et administrative, mais certaines impacteront directement la vie pratique des administr\u00e9s.<\/p>\n<p>Chantiers jeunes<\/p>\n<p>Ainsi, celle concernant les chantiers jeunes. \u00ab\u00a0Il est notamment propos\u00e9 d\u2019\u00e9largir le dispositif aux jeunes d\u00e8s 12 ans, jusque 17 ans, et souhait\u00e9 pouvoir y inclure, avec l\u2019accord de leurs parents ou repr\u00e9sentants l\u00e9gaux, des jeunes mineurs d\u00e9pourvus d\u2019ant\u00e9c\u00e9dent&#8230;<\/p>\n","protected":false},"excerpt":{"rendered":"La liste des d\u00e9lib\u00e9rations laissait augurer un conseil particuli\u00e8rement centr\u00e9 sur une dimension technique et administrative, mais certaines&hellip;\n","protected":false},"author":2,"featured_media":69517,"comment_status":"","ping_status":"","sticky":false,"template":"","format":"standard","meta":{"footnotes":""},"categories":[9635],"tags":[1111,11,9661,1984,1704,1777,674,1011,27,775,1702,12,316,11073,25],"class_list":{"0":"post-69516","1":"post","2":"type-post","3":"status-publish","4":"format-standard","5":"has-post-thumbnail","7":"category-nancy","8":"tag-actu","9":"tag-actualites","10":"tag-cc-du-bassin-de-pompey-54b1","11":"tag-conseil-municipal","12":"tag-edition-nancy-et-agglomeration","13":"tag-eu","14":"tag-europe","15":"tag-fr","16":"tag-france","17":"tag-grand-est","18":"tag-nancy","19":"tag-news","20":"tag-politique","21":"tag-pompey","22":"tag-republique-francaise"},"share_on_mastodon":{"url":"https:\/\/pubeurope.com\/@fr\/114438702571048295","error":""},"_links":{"self":[{"href":"https:\/\/www.europesays.com\/fr\/wp-json\/wp\/v2\/posts\/69516","targetHints":{"allow":["GET"]}}],"collection":[{"href":"https:\/\/www.europesays.com\/fr\/wp-json\/wp\/v2\/posts"}],"about":[{"href":"https:\/\/www.europesays.com\/fr\/wp-json\/wp\/v2\/types\/post"}],"author":[{"embeddable":true,"href":"https:\/\/www.europesays.com\/fr\/wp-json\/wp\/v2\/users\/2"}],"replies":[{"embeddable":true,"href":"https:\/\/www.europesays.com\/fr\/wp-json\/wp\/v2\/comments?post=69516"}],"version-history":[{"count":0,"href":"https:\/\/www.europesays.com\/fr\/wp-json\/wp\/v2\/posts\/69516\/revisions"}],"wp:featuredmedia":[{"embeddable":true,"href":"https:\/\/www.europesays.com\/fr\/wp-json\/wp\/v2\/media\/69517"}],"wp:attachment":[{"href":"https:\/\/www.europesays.com\/fr\/wp-json\/wp\/v2\/media?parent=69516"}],"wp:term":[{"taxonomy":"category","embeddable":true,"href":"https:\/\/www.europesays.com\/fr\/wp-json\/wp\/v2\/categories?post=69516"},{"taxonomy":"post_tag","embeddable":true,"href":"https:\/\/www.europesays.com\/fr\/wp-json\/wp\/v2\/tags?post=69516"}],"curies":[{"name":"wp","href":"https:\/\/api.w.org\/{rel}","templated":true}]}}