{"id":695164,"date":"2026-01-28T14:28:14","date_gmt":"2026-01-28T14:28:14","guid":{"rendered":"https:\/\/www.europesays.com\/fr\/695164\/"},"modified":"2026-01-28T14:28:14","modified_gmt":"2026-01-28T14:28:14","slug":"municipales-2026-a-schiltigheim-des-candidats-regrettent-le-report-du-vote-du-budget-2026","status":"publish","type":"post","link":"https:\/\/www.europesays.com\/fr\/695164\/","title":{"rendered":"Municipales 2026. \u00c0 Schiltigheim, des candidats regrettent le report du vote du budget 2026"},"content":{"rendered":"<p><a href=\"https:\/\/www.dna.fr\/elections\/2026\/01\/13\/a-schiltigheim-cedric-herbster-a-la-tete-d-utiles-pour-schilick\" target=\"_blank\" rel=\"noopener\">C\u00e9dric Herbster et Louisa Krause<\/a> (liste Utiles pour Schilick) d\u00e9plorent dans un communiqu\u00e9 de presse le choix de la majorit\u00e9 sortante de reporter le vote du budget 2026. Il aura lieu apr\u00e8s le second tour des \u00e9lections municipales.<\/p>\n<p>Une d\u00e9cision qui n\u2019a rien d\u2019ill\u00e9gal, mais qui serait incompr\u00e9hensible \u00ab\u00a0alors que l\u2019administration municipale et l\u2019adjoint aux finances ont affirm\u00e9 que les chiffres \u00e9taient pr\u00eats\u00a0\u00bb.<\/p>\n<p>  \u00ab\u00a0Rien \u00e0 cacher\u00a0\u00bb<\/p>\n<p>En faisant ce choix, la municipalit\u00e9 sortante \u00ab\u00a0emp\u00eache les \u00e9lecteurs schilikois, \u00e0 la veille d\u2018\u00e9ch\u00e9ances cruciales, de disposer, en temps utile, des \u00e9l\u00e9ments n\u00e9cessaires pour appr\u00e9cier l\u2019action men\u00e9e durant cette mandature\u00a0\u00bb, indique le communiqu\u00e9. De plus, les \u00ab\u00a0candidats adverses\u00a0\u00bb ne pourraient pas \u00ab\u00a0se projeter sur les futures orientations budg\u00e9taires\u00a0\u00bb. Cette d\u00e9cision a surpris les \u00e9lus de l\u2019opposition, qui l\u2019ont fait savoir en <a href=\"https:\/\/www.dna.fr\/education\/2025\/12\/22\/la-ville-attribue-20-000-euros-aux-petites-roues-pour-mettre-a-l-abri-les-familles-a-la-rue-coho\" target=\"_blank\" rel=\"noopener\">conseil municipal, en d\u00e9cembre<\/a>. <a href=\"https:\/\/www.dna.fr\/elections\/2025\/12\/04\/dera-ratsiajetsinimaro-(lr)-a-la-tete-de-rassembles-pour-schilick\" target=\"_blank\" rel=\"noopener\">Dera Ratsiajetsinimaro<\/a> (Rassembl\u00e9s pour Schilick) et <a href=\"https:\/\/www.dna.fr\/elections\/2025\/11\/07\/a-schiltigheim-martin-henry-a-la-tete-de-la-liste-schilick-a-venir\" target=\"_blank\" rel=\"noopener\">Martin Henry<\/a> (Schilick \u00e0 Venir) ont d\u00e9plor\u00e9 un manque de transparence et l\u2019obligation pour la prochaine \u00e9quipe de monter un budget en un mois.<\/p>\n<p>La maire <a href=\"https:\/\/www.dna.fr\/p\/danielle-dambach\" target=\"_blank\" rel=\"noopener\">Danielle Dambach<\/a> a affirm\u00e9 qu\u2019il n\u2019y avait \u00ab\u00a0rien \u00e0 cacher\u00a0\u00bb et que cette d\u00e9cision permettrait \u00e0 une prochaine \u00e9quipe de \u00ab\u00a0r\u00e9orienter\u00a0\u00bb les choix budg\u00e9taires sans passer par des d\u00e9cisions modificatives ult\u00e9rieures.<\/p>\n","protected":false},"excerpt":{"rendered":"C\u00e9dric Herbster et Louisa Krause (liste Utiles pour Schilick) d\u00e9plorent dans un communiqu\u00e9 de presse le choix de&hellip;\n","protected":false},"author":2,"featured_media":695165,"comment_status":"","ping_status":"","sticky":false,"template":"","format":"standard","meta":{"footnotes":""},"categories":[2820],"tags":[1111,11,1984,2880,5949,4188,1777,674,107,1011,27,775,3539,6319,12,316,25,5512,640,3265],"class_list":{"0":"post-695164","1":"post","2":"type-post","3":"status-publish","4":"format-standard","5":"has-post-thumbnail","7":"category-strasbourg","8":"tag-actu","9":"tag-actualites","10":"tag-conseil-municipal","11":"tag-edition-strasbourg","12":"tag-elections","13":"tag-elections-municipales","14":"tag-eu","15":"tag-europe","16":"tag-fil-info","17":"tag-fr","18":"tag-france","19":"tag-grand-est","20":"tag-les-ecologistes","21":"tag-les-republicains","22":"tag-news","23":"tag-politique","24":"tag-republique-francaise","25":"tag-schiltigheim","26":"tag-strasbourg","27":"tag-strasbourg-nord"},"share_on_mastodon":{"url":"https:\/\/pubeurope.com\/@fr\/115973200477616760","error":""},"_links":{"self":[{"href":"https:\/\/www.europesays.com\/fr\/wp-json\/wp\/v2\/posts\/695164","targetHints":{"allow":["GET"]}}],"collection":[{"href":"https:\/\/www.europesays.com\/fr\/wp-json\/wp\/v2\/posts"}],"about":[{"href":"https:\/\/www.europesays.com\/fr\/wp-json\/wp\/v2\/types\/post"}],"author":[{"embeddable":true,"href":"https:\/\/www.europesays.com\/fr\/wp-json\/wp\/v2\/users\/2"}],"replies":[{"embeddable":true,"href":"https:\/\/www.europesays.com\/fr\/wp-json\/wp\/v2\/comments?post=695164"}],"version-history":[{"count":0,"href":"https:\/\/www.europesays.com\/fr\/wp-json\/wp\/v2\/posts\/695164\/revisions"}],"wp:featuredmedia":[{"embeddable":true,"href":"https:\/\/www.europesays.com\/fr\/wp-json\/wp\/v2\/media\/695165"}],"wp:attachment":[{"href":"https:\/\/www.europesays.com\/fr\/wp-json\/wp\/v2\/media?parent=695164"}],"wp:term":[{"taxonomy":"category","embeddable":true,"href":"https:\/\/www.europesays.com\/fr\/wp-json\/wp\/v2\/categories?post=695164"},{"taxonomy":"post_tag","embeddable":true,"href":"https:\/\/www.europesays.com\/fr\/wp-json\/wp\/v2\/tags?post=695164"}],"curies":[{"name":"wp","href":"https:\/\/api.w.org\/{rel}","templated":true}]}}