{"id":695178,"date":"2026-01-28T14:35:11","date_gmt":"2026-01-28T14:35:11","guid":{"rendered":"https:\/\/www.europesays.com\/fr\/695178\/"},"modified":"2026-01-28T14:35:11","modified_gmt":"2026-01-28T14:35:11","slug":"la-mission-prospective-plaide-en-faveur-dun-leadership-collectif","status":"publish","type":"post","link":"https:\/\/www.europesays.com\/fr\/695178\/","title":{"rendered":"la mission prospective plaide en faveur d\u2019un leadership collectif"},"content":{"rendered":"<p>Six mois d\u2019une mission prospective \u00ab\u00a0flash\u00a0\u00bb, une cinquantaine d\u2019entretiens et au final 31 recommandations. \u00c0 l\u2019initiative du pr\u00e9fet de Nouvelle-Aquitaine, trois experts ont planch\u00e9 sur les contours du Grand port maritime de Bordeaux (GPMB) \u00e0 l\u2019horizon 2050. \u00ab\u00a0Il ne s\u2019agit pas de remettre en question le projet strat\u00e9gique 2026-2030, mais de voir plus loin\u00a0\u00bb, pose d\u2019embl\u00e9e Catherine Rivoallon Pustoc\u2019h, inspectrice g\u00e9n\u00e9rale de l\u2019environnement et du d\u00e9veloppement durable et ex-pr\u00e9sidente du port de Paris. L&rsquo;an dernier, la plateforme a enregistr\u00e9 un trafic de 6,18 millions de tonnes, en baisse de -1 % sur un an.<\/p>\n<p>Le 7e port fran\u00e7ais, qui s\u2019\u00e9tire sur 100 kilom\u00e8tres et dispose de sept terminaux, a \u00e9t\u00e9 examin\u00e9 sous tous les angles par cette mission prospective. Et s\u2019il en ressort que \u00ab\u00a0le port a fait preuve de dynamisme dans les partenariats et d\u2019opini\u00e2tret\u00e9 dans le d\u00e9veloppement des diff\u00e9rentes fili\u00e8res\u00a0\u00bb, les rapporteurs recommandent de faire bloc :<\/p>\n<p>\u00ab\u00a0Il nous est apparu comme une \u00e9vidence que chacun travaille bien de son c\u00f4t\u00e9 mais a du mal \u00e0 travailler sur une vision commune.\u00a0\u00bb\u00a0<\/p>\n<p><strong>Une union sacr\u00e9e autour du port<\/strong>&#13;\n<\/p>\n<p>D\u2019o\u00f9 la premi\u00e8re proposition de cr\u00e9er une \u00ab\u00a0task force\u00a0\u00bb, une forme d&rsquo;union sacr\u00e9e compos\u00e9e du pr\u00e9fet, des collectivit\u00e9s, des pr\u00e9sidents du conseil de surveillance et du directoire du port qui pourraient se retrouver une fois par trimestre. \u00ab\u00a0La task force ne doit pas \u00eatre vue comme une strate suppl\u00e9mentaire qui ralentirait le processus, mais comme un point d\u2019\u00e9tape pour partager les ambitions sur le long terme, mettre en musique les diff\u00e9rents projets et les accompagner par une enveloppe financi\u00e8re\u00a0\u00bb, explique Catherine Rivoallon Pustoc\u2019h.\u00a0<\/p>\n","protected":false},"excerpt":{"rendered":"Six mois d\u2019une mission prospective \u00ab\u00a0flash\u00a0\u00bb, une cinquantaine d\u2019entretiens et au final 31 recommandations. \u00c0 l\u2019initiative du pr\u00e9fet&hellip;\n","protected":false},"author":2,"featured_media":695179,"comment_status":"","ping_status":"","sticky":false,"template":"","format":"standard","meta":{"footnotes":""},"categories":[2817],"tags":[15157,5734,1111,11,1997,7819,1777,674,20017,1011,27,5236,12,2219,5159,25,59475,800],"class_list":{"0":"post-695178","1":"post","2":"type-post","3":"status-publish","4":"format-standard","5":"has-post-thumbnail","7":"category-bordeaux","8":"tag-inciter","9":"tag-5734","10":"tag-actu","11":"tag-actualites","12":"tag-bordeaux","13":"tag-collectif","14":"tag-eu","15":"tag-europe","16":"tag-force","17":"tag-fr","18":"tag-france","19":"tag-jouer","20":"tag-news","21":"tag-nouvelle-aquitaine","22":"tag-port","23":"tag-republique-francaise","24":"tag-task","25":"tag-transports"},"share_on_mastodon":{"url":"https:\/\/pubeurope.com\/@fr\/115973228143580615","error":""},"_links":{"self":[{"href":"https:\/\/www.europesays.com\/fr\/wp-json\/wp\/v2\/posts\/695178","targetHints":{"allow":["GET"]}}],"collection":[{"href":"https:\/\/www.europesays.com\/fr\/wp-json\/wp\/v2\/posts"}],"about":[{"href":"https:\/\/www.europesays.com\/fr\/wp-json\/wp\/v2\/types\/post"}],"author":[{"embeddable":true,"href":"https:\/\/www.europesays.com\/fr\/wp-json\/wp\/v2\/users\/2"}],"replies":[{"embeddable":true,"href":"https:\/\/www.europesays.com\/fr\/wp-json\/wp\/v2\/comments?post=695178"}],"version-history":[{"count":0,"href":"https:\/\/www.europesays.com\/fr\/wp-json\/wp\/v2\/posts\/695178\/revisions"}],"wp:featuredmedia":[{"embeddable":true,"href":"https:\/\/www.europesays.com\/fr\/wp-json\/wp\/v2\/media\/695179"}],"wp:attachment":[{"href":"https:\/\/www.europesays.com\/fr\/wp-json\/wp\/v2\/media?parent=695178"}],"wp:term":[{"taxonomy":"category","embeddable":true,"href":"https:\/\/www.europesays.com\/fr\/wp-json\/wp\/v2\/categories?post=695178"},{"taxonomy":"post_tag","embeddable":true,"href":"https:\/\/www.europesays.com\/fr\/wp-json\/wp\/v2\/tags?post=695178"}],"curies":[{"name":"wp","href":"https:\/\/api.w.org\/{rel}","templated":true}]}}