{"id":69518,"date":"2025-05-02T14:26:14","date_gmt":"2025-05-02T14:26:14","guid":{"rendered":"https:\/\/www.europesays.com\/fr\/69518\/"},"modified":"2025-05-02T14:26:14","modified_gmt":"2025-05-02T14:26:14","slug":"quand-le-sport-devient-un-levier-vers-lemploi","status":"publish","type":"post","link":"https:\/\/www.europesays.com\/fr\/69518\/","title":{"rendered":"quand le sport devient un levier vers l\u2019emploi"},"content":{"rendered":"<p>Au Creps de Nancy, une centaine de demandeurs d\u2019emploi et une quinzaine d\u2019employeurs se sont retrouv\u00e9s pour une rencontre pas comme les autres. L\u2019\u00e9v\u00e9nement, organis\u00e9 par la Fondation du sport fran\u00e7ais, en partenariat avec France Travail et plusieurs f\u00e9d\u00e9rations sportives, bouscule les habitudes\u00a0: pas de CV, pas de costumes, pas de bureaux ferm\u00e9s.<\/p>\n<p>Le sport comme terrain d\u2019\u00e9galit\u00e9<\/p>\n<p>Le principe est simple\u00a0: le matin, tous les participants -candidats comme&#8230;<\/p>\n","protected":false},"excerpt":{"rendered":"Au Creps de Nancy, une centaine de demandeurs d\u2019emploi et une quinzaine d\u2019employeurs se sont retrouv\u00e9s pour une&hellip;\n","protected":false},"author":2,"featured_media":69519,"comment_status":"","ping_status":"","sticky":false,"template":"","format":"standard","meta":{"footnotes":""},"categories":[9635],"tags":[1111,11,1704,341,11361,1777,674,1011,27,775,11362,1702,12,25,801],"class_list":{"0":"post-69518","1":"post","2":"type-post","3":"status-publish","4":"format-standard","5":"has-post-thumbnail","7":"category-nancy","8":"tag-actu","9":"tag-actualites","10":"tag-edition-nancy-et-agglomeration","11":"tag-emploi","12":"tag-essey-les-nancy","13":"tag-eu","14":"tag-europe","15":"tag-fr","16":"tag-france","17":"tag-grand-est","18":"tag-metropole-du-grand-nancy-54b3","19":"tag-nancy","20":"tag-news","21":"tag-republique-francaise","22":"tag-social"},"share_on_mastodon":{"url":"https:\/\/pubeurope.com\/@fr\/114438706492199242","error":""},"_links":{"self":[{"href":"https:\/\/www.europesays.com\/fr\/wp-json\/wp\/v2\/posts\/69518","targetHints":{"allow":["GET"]}}],"collection":[{"href":"https:\/\/www.europesays.com\/fr\/wp-json\/wp\/v2\/posts"}],"about":[{"href":"https:\/\/www.europesays.com\/fr\/wp-json\/wp\/v2\/types\/post"}],"author":[{"embeddable":true,"href":"https:\/\/www.europesays.com\/fr\/wp-json\/wp\/v2\/users\/2"}],"replies":[{"embeddable":true,"href":"https:\/\/www.europesays.com\/fr\/wp-json\/wp\/v2\/comments?post=69518"}],"version-history":[{"count":0,"href":"https:\/\/www.europesays.com\/fr\/wp-json\/wp\/v2\/posts\/69518\/revisions"}],"wp:featuredmedia":[{"embeddable":true,"href":"https:\/\/www.europesays.com\/fr\/wp-json\/wp\/v2\/media\/69519"}],"wp:attachment":[{"href":"https:\/\/www.europesays.com\/fr\/wp-json\/wp\/v2\/media?parent=69518"}],"wp:term":[{"taxonomy":"category","embeddable":true,"href":"https:\/\/www.europesays.com\/fr\/wp-json\/wp\/v2\/categories?post=69518"},{"taxonomy":"post_tag","embeddable":true,"href":"https:\/\/www.europesays.com\/fr\/wp-json\/wp\/v2\/tags?post=69518"}],"curies":[{"name":"wp","href":"https:\/\/api.w.org\/{rel}","templated":true}]}}