{"id":695190,"date":"2026-01-28T14:41:18","date_gmt":"2026-01-28T14:41:18","guid":{"rendered":"https:\/\/www.europesays.com\/fr\/695190\/"},"modified":"2026-01-28T14:41:18","modified_gmt":"2026-01-28T14:41:18","slug":"carnet-de-campagne-les-questions-de-la-precarite-et-du-logement-sinvitent-dans-les-elections-municipales-a-marseille","status":"publish","type":"post","link":"https:\/\/www.europesays.com\/fr\/695190\/","title":{"rendered":"Carnet de campagne | Les questions de la pr\u00e9carit\u00e9 et du logement s&rsquo;invitent dans les \u00e9lections municipales \u00e0 Marseille"},"content":{"rendered":"<p>\t    Carnet de campagne | Les questions de la pr\u00e9carit\u00e9 et du logement s&rsquo;invitent dans les \u00e9lections municipales \u00e0 Marseille<\/p>\n<p>&#13;<br \/>\n\t\t&#13;<\/p>\n<p>Nous utilisons des cookies pour vous garantir la meilleure exp\u00e9rience sur notre site. Vous pouvez choisir de refuser les cookies.J&rsquo;accepteNonEn savoir plus<\/p>\n<p>\t\t&#13;<\/p>\n","protected":false},"excerpt":{"rendered":"Carnet de campagne | Les questions de la pr\u00e9carit\u00e9 et du logement s&rsquo;invitent dans les \u00e9lections municipales \u00e0&hellip;\n","protected":false},"author":2,"featured_media":695191,"comment_status":"","ping_status":"","sticky":false,"template":"","format":"standard","meta":{"footnotes":""},"categories":[2814],"tags":[1111,11,79079,79080,79081,50573,1777,674,1011,27,1908,884,12,882,25],"class_list":{"0":"post-695190","1":"post","2":"type-post","3":"status-publish","4":"format-standard","5":"has-post-thumbnail","7":"category-marseille","8":"tag-actu","9":"tag-actualites","10":"tag-alerte-paca","11":"tag-assembleedespersonnesdelogees","12":"tag-collectifdu5novembre","13":"tag-electionsmunicipales2026","14":"tag-eu","15":"tag-europe","16":"tag-fr","17":"tag-france","18":"tag-logement","19":"tag-marseille","20":"tag-news","21":"tag-provence-alpes-cote-dazur","22":"tag-republique-francaise"},"share_on_mastodon":{"url":"https:\/\/pubeurope.com\/@fr\/115973251644109302","error":""},"_links":{"self":[{"href":"https:\/\/www.europesays.com\/fr\/wp-json\/wp\/v2\/posts\/695190","targetHints":{"allow":["GET"]}}],"collection":[{"href":"https:\/\/www.europesays.com\/fr\/wp-json\/wp\/v2\/posts"}],"about":[{"href":"https:\/\/www.europesays.com\/fr\/wp-json\/wp\/v2\/types\/post"}],"author":[{"embeddable":true,"href":"https:\/\/www.europesays.com\/fr\/wp-json\/wp\/v2\/users\/2"}],"replies":[{"embeddable":true,"href":"https:\/\/www.europesays.com\/fr\/wp-json\/wp\/v2\/comments?post=695190"}],"version-history":[{"count":0,"href":"https:\/\/www.europesays.com\/fr\/wp-json\/wp\/v2\/posts\/695190\/revisions"}],"wp:featuredmedia":[{"embeddable":true,"href":"https:\/\/www.europesays.com\/fr\/wp-json\/wp\/v2\/media\/695191"}],"wp:attachment":[{"href":"https:\/\/www.europesays.com\/fr\/wp-json\/wp\/v2\/media?parent=695190"}],"wp:term":[{"taxonomy":"category","embeddable":true,"href":"https:\/\/www.europesays.com\/fr\/wp-json\/wp\/v2\/categories?post=695190"},{"taxonomy":"post_tag","embeddable":true,"href":"https:\/\/www.europesays.com\/fr\/wp-json\/wp\/v2\/tags?post=695190"}],"curies":[{"name":"wp","href":"https:\/\/api.w.org\/{rel}","templated":true}]}}