{"id":695192,"date":"2026-01-28T14:42:14","date_gmt":"2026-01-28T14:42:14","guid":{"rendered":"https:\/\/www.europesays.com\/fr\/695192\/"},"modified":"2026-01-28T14:42:14","modified_gmt":"2026-01-28T14:42:14","slug":"poignarde-en-pleine-rue-a-lyon-7e-un-homme-entre-la-vie-et-la-mort","status":"publish","type":"post","link":"https:\/\/www.europesays.com\/fr\/695192\/","title":{"rendered":"Poignard\u00e9 en pleine rue \u00e0 Lyon 7e :\u00a0un homme entre la vie et la mort"},"content":{"rendered":"<p itemprop=\"description\"><strong><br \/>&#13;<br \/>\nUne sc\u00e8ne de violence extr\u00eame s\u2019est d\u00e9roul\u00e9e mardi 27 janvier 2026 en soir\u00e9e dans le 7e arrondissement de Lyon.<br \/>&#13;<br \/>\n<\/strong><\/p>\n<p>Peu apr\u00e8s 22h, un homme a \u00e9t\u00e9 retrouv\u00e9 gri\u00e8vement bless\u00e9, gisant au sol, rue de Marseille, entre les secteurs de la Guilloti\u00e8re et de Jean-Mac\u00e9 rapporte Actu.fr.\u00a0<\/p>\n<p>Alert\u00e9s par un t\u00e9moin, les secours sont rapidement intervenus sur place. Le SAMU a pris en charge la victime, atteinte de plusieurs coups de couteau. Les blessures, localis\u00e9es notamment au niveau du rein et de la hanche gauche, ont n\u00e9cessit\u00e9 une m\u00e9dicalisation sur les lieux avant un transfert en urgence vers l\u2019h\u00f4pital \u00c9douard-Herriot.<\/p>\n<p>Au moment de son \u00e9vacuation, l\u2019\u00e9tat de la victime \u00e9tait jug\u00e9 critique et son pronostic vital engag\u00e9. \u00c0 ce stade, son identit\u00e9 et son profil n\u2019ont pas \u00e9t\u00e9 communiqu\u00e9s.<\/p>\n<p>Les forces de l\u2019ordre se sont \u00e9galement rendues sur les lieux afin de s\u00e9curiser le p\u00e9rim\u00e8tre et tenter de recueillir les premiers \u00e9l\u00e9ments. Aucun t\u00e9moin direct de l\u2019agression n\u2019a toutefois pu \u00eatre identifi\u00e9 dans l\u2019imm\u00e9diat. Une enqu\u00eate a \u00e9t\u00e9 ouverte.<\/p>\n","protected":false},"excerpt":{"rendered":"&#13; Une sc\u00e8ne de violence extr\u00eame s\u2019est d\u00e9roul\u00e9e mardi 27 janvier 2026 en soir\u00e9e dans le 7e arrondissement&hellip;\n","protected":false},"author":2,"featured_media":695193,"comment_status":"","ping_status":"","sticky":false,"template":"","format":"standard","meta":{"footnotes":""},"categories":[1889],"tags":[1111,11,2813,2190,2430,1109,251,1112,2811,1777,674,118,1011,27,1922,1110,1114,2428,2810,12,241,316,25,2812,517,800],"class_list":{"0":"post-695192","1":"post","2":"type-post","3":"status-publish","4":"format-standard","5":"has-post-thumbnail","7":"category-lyon","8":"tag-actu","9":"tag-actualites","10":"tag-article","11":"tag-asvel","12":"tag-auvergne-rhone-alpes","13":"tag-breves","14":"tag-culture","15":"tag-depeches","16":"tag-economique","17":"tag-eu","18":"tag-europe","19":"tag-faits-divers","20":"tag-fr","21":"tag-france","22":"tag-info","23":"tag-informations","24":"tag-infos","25":"tag-lyon","26":"tag-lyonmag","27":"tag-news","28":"tag-ol","29":"tag-politique","30":"tag-republique-francaise","31":"tag-sociale","32":"tag-sport","33":"tag-transports"},"share_on_mastodon":{"url":"https:\/\/pubeurope.com\/@fr\/115973255639038437","error":""},"_links":{"self":[{"href":"https:\/\/www.europesays.com\/fr\/wp-json\/wp\/v2\/posts\/695192","targetHints":{"allow":["GET"]}}],"collection":[{"href":"https:\/\/www.europesays.com\/fr\/wp-json\/wp\/v2\/posts"}],"about":[{"href":"https:\/\/www.europesays.com\/fr\/wp-json\/wp\/v2\/types\/post"}],"author":[{"embeddable":true,"href":"https:\/\/www.europesays.com\/fr\/wp-json\/wp\/v2\/users\/2"}],"replies":[{"embeddable":true,"href":"https:\/\/www.europesays.com\/fr\/wp-json\/wp\/v2\/comments?post=695192"}],"version-history":[{"count":0,"href":"https:\/\/www.europesays.com\/fr\/wp-json\/wp\/v2\/posts\/695192\/revisions"}],"wp:featuredmedia":[{"embeddable":true,"href":"https:\/\/www.europesays.com\/fr\/wp-json\/wp\/v2\/media\/695193"}],"wp:attachment":[{"href":"https:\/\/www.europesays.com\/fr\/wp-json\/wp\/v2\/media?parent=695192"}],"wp:term":[{"taxonomy":"category","embeddable":true,"href":"https:\/\/www.europesays.com\/fr\/wp-json\/wp\/v2\/categories?post=695192"},{"taxonomy":"post_tag","embeddable":true,"href":"https:\/\/www.europesays.com\/fr\/wp-json\/wp\/v2\/tags?post=695192"}],"curies":[{"name":"wp","href":"https:\/\/api.w.org\/{rel}","templated":true}]}}