{"id":695198,"date":"2026-01-28T14:46:10","date_gmt":"2026-01-28T14:46:10","guid":{"rendered":"https:\/\/www.europesays.com\/fr\/695198\/"},"modified":"2026-01-28T14:46:10","modified_gmt":"2026-01-28T14:46:10","slug":"insecurite-ouverture-a-la-concurrence-les-grands-projets-de-xavier-piechaczyk-nouveau-patron-de-la-ratp","status":"publish","type":"post","link":"https:\/\/www.europesays.com\/fr\/695198\/","title":{"rendered":"Ins\u00e9curit\u00e9, ouverture \u00e0 la concurrence&#8230; Les grands projets de Xavier Piechaczyk, nouveau patron de la RATP"},"content":{"rendered":"<p>                    Par<br \/>\n        <strong><br \/>\n            <a href=\"https:\/\/actu.fr\/auteur\/redaction-paris\" title=\"Consulter tous les articles de R\u00e9daction Paris\" target=\"_blank\" rel=\"noopener\">R\u00e9daction Paris<\/a><br \/>\n                    <\/strong><\/p>\n<p>        Publi\u00e9 le<\/p>\n<p>            28 janv. 2026 \u00e0 15h37        <\/p>\n<p>Le <strong>Parlement a donn\u00e9 son feu vert<\/strong> ce mercredi 28\u00a0janvier 2026, rendant officielle la nomination de <a href=\"https:\/\/actu.fr\/ile-de-france\/paris_75056\/qui-est-xavier-piechaczyk-propose-par-emmanuel-macron-pour-prendre-la-tete-de-la-ratp_63596949.html\" target=\"_blank\" rel=\"noopener\">Xavier Piechaczyk<\/a> comme nouveau PDG de la <a href=\"https:\/\/actu.fr\/tag\/ratp\" target=\"_blank\" rel=\"noopener\">RATP<\/a>, exploitante de la majorit\u00e9 des r\u00e9seaux de transports en commun franciliens. Il \u00e9tait jusque-l\u00e0 pr\u00e9sident de RTE, entreprise qui g\u00e8re le r\u00e9seau fran\u00e7ais d\u2019\u00e9lectricit\u00e9 \u00e0 haute tension.<\/p>\n<p>S\u00fbret\u00e9 des voyageurs et ouverture \u00e0 la concurrence<\/p>\n<p class=\" wall-content\">Le successeur de <strong>l\u2019ancien Premier ministre<\/strong> <a href=\"https:\/\/actu.fr\/tag\/jean-castex\" target=\"_blank\" rel=\"noopener\">Jean Castex<\/a> a re\u00e7u 74\u2009% de votes positifs de la part des s\u00e9nateurs votants de la Commission du d\u00e9veloppement durable, et 65\u2009% des suffrages des d\u00e9put\u00e9s devant lesquels il a \u00e9t\u00e9 auditionn\u00e9, indiquent les r\u00e9sultats du scrutin transmis \u00e0 l\u2019AFP.<\/p>\n<p class=\" wall-content\">Tout en d\u00e9clarant vouloir \u00ab\u2009poursuivre le travail d\u00e9velopp\u00e9 par Jean Castex\u2009\u00bb sur le <strong>dialogue social<\/strong> et l\u2019attractivit\u00e9 des m\u00e9tiers, Xavier Piechaczyk a soulign\u00e9 mercredi devant les d\u00e9put\u00e9s le besoin de renforcer \u00ab\u2009la s\u00fbret\u00e9 des voyageurs\u2009\u00bb et des personnels, afin de lutter contre l\u2019ins\u00e9curit\u00e9 dans les transports. \u00ab\u2009Huit actes de violence par jour sur un r\u00e9seau RER ou sur un r\u00e9seau m\u00e9tro ce n\u2019est pas satisfaisant\u2009\u00bb, a-t-il jug\u00e9.<\/p>\n<p class=\" wall-content\">L\u2019entreprise publique qui n\u2019a jusqu\u2019\u00e0 pr\u00e9sent connu en France que le monopole, est d\u00e9sormais confront\u00e9e \u00e0 l\u2019arriv\u00e9e progressive de la <strong>concurrence<\/strong> notamment sur le r\u00e9seau de bus francilien. Elle conserve cependant la gestion de 80\u2009% des lots de ligne ouverts d\u2019autres entreprises par <a href=\"https:\/\/actu.fr\/tag\/ile-de-france-mobilites\" target=\"_blank\" rel=\"noopener\">\u00cele-de-France Mobilit\u00e9s<\/a> (IDFM).<\/p>\n<p>\u00ab\u2009\u00catre attentif aux conditions de travail\u2009\u00bb<\/p>\n<p class=\" wall-content\">\u00ab\u2009Le premier travail du PDG est d\u2019\u00eatre attentif aux conditions pr\u00e9cises de transfert et de travail\u2009\u00bb des salari\u00e9s qui seront amen\u00e9s \u00e0 \u00eatre <strong>transf\u00e9r\u00e9s vers d\u2019autres op\u00e9rateurs<\/strong> au fil des appels d\u2019offres, a d\u00e9clar\u00e9 Xavier Piechaczyk devant les d\u00e9put\u00e9s, en pr\u00e9cisant que \u00ab\u2009quatre bascules de salari\u00e9s sont pr\u00e9vues entre le premier mars et le premier novembre 2026 de cette ann\u00e9e\u2009\u00bb.<\/p>\n<p class=\" wall-content\">Il pr\u00e9voit aussi de pr\u00e9parer la prochaine \u00e9tape d\u2019ouverture \u00e0 la concurrence, celle des <strong>tramways<\/strong> pr\u00e9vue en 2030, puis celle des RER et du m\u00e9tro vers 2040.<\/p>\n<p class=\" wall-content\">Parall\u00e8lement, pour <strong>compenser les pertes<\/strong> de chiffre d\u2019affaires induites par le fait de devoir c\u00e9der certaines de ses activit\u00e9s franciliennes, le groupe envisage de participer \u00e0 des appels d\u2019offres sur l\u2019ouverture \u00e0 la concurrence ferroviaire en France \u00ab\u2009mais sans moins-disance sociale\u2009\u00bb, selon le nouveau PDG.<\/p>\n<p>Votre r\u00e9gion, votre actu !<\/p>\n<p>Recevez chaque jour les infos qui comptent pour vous.<\/p>\n<p>\t<a href=\"https:\/\/actu.fr\/newsletter\" class=\"ac-btn ac-btn--corner ac-btn--medium ac-btn--blue800\" target=\"_blank\" rel=\"noopener\">S&rsquo;incrire<\/a><\/p>\n<p class=\" wall-content\">Le groupe a ainsi d\u00e9j\u00e0 remport\u00e9 l\u2019exploitation de <strong>\u00ab\u2009l\u2019\u00e9toile de Caen\u2009\u00bb<\/strong>, le r\u00e9seau r\u00e9gional de trains autour de l\u2019agglom\u00e9ration normande qu\u2019il exploitera en remplacement de la SNCF \u00e0 partir de 2027.<\/p>\n<p class=\" wall-content\">Avec AFP.<\/p>\n<p class=\" wall-content\">Personnalisez votre actualit\u00e9 en ajoutant vos villes et m\u00e9dias en favori avec <a href=\"https:\/\/moncompte.actu.fr\" title=\"D\u00e9couvez Mon Actu\" rel=\"nofollow noopener\" data-trk=\"{&quot;cta&quot;:{&quot;action&quot;:&quot;https:\\\/\\\/moncompte.actu.fr&quot;,&quot;category&quot;:&quot;mon compte&quot;,&quot;from&quot;:&quot;article footer&quot;,&quot;name&quot;:&quot;Mon actu&quot;,&quot;type&quot;:&quot;cta&quot;}}\" target=\"_blank\">Mon Actu<\/a>.<\/p>\n","protected":false},"excerpt":{"rendered":"Par R\u00e9daction Paris Publi\u00e9 le 28 janv. 2026 \u00e0 15h37 Le Parlement a donn\u00e9 son feu vert ce&hellip;\n","protected":false},"author":2,"featured_media":695199,"comment_status":"","ping_status":"","sticky":false,"template":"","format":"standard","meta":{"footnotes":""},"categories":[1888],"tags":[1111,1928,11,1927,1777,674,1011,27,12,1926,626,1925,625,25,104,2803],"class_list":{"0":"post-695198","1":"post","2":"type-post","3":"status-publish","4":"format-standard","5":"has-post-thumbnail","7":"category-paris","8":"tag-actu","9":"tag-actu-paris","10":"tag-actualites","11":"tag-actualites-paris","12":"tag-eu","13":"tag-europe","14":"tag-fr","15":"tag-france","16":"tag-news","17":"tag-news-paris","18":"tag-paris","19":"tag-paris-news","20":"tag-ratp","21":"tag-republique-francaise","22":"tag-societe","23":"tag-transport"},"share_on_mastodon":{"url":"https:\/\/pubeurope.com\/@fr\/115973271419951478","error":""},"_links":{"self":[{"href":"https:\/\/www.europesays.com\/fr\/wp-json\/wp\/v2\/posts\/695198","targetHints":{"allow":["GET"]}}],"collection":[{"href":"https:\/\/www.europesays.com\/fr\/wp-json\/wp\/v2\/posts"}],"about":[{"href":"https:\/\/www.europesays.com\/fr\/wp-json\/wp\/v2\/types\/post"}],"author":[{"embeddable":true,"href":"https:\/\/www.europesays.com\/fr\/wp-json\/wp\/v2\/users\/2"}],"replies":[{"embeddable":true,"href":"https:\/\/www.europesays.com\/fr\/wp-json\/wp\/v2\/comments?post=695198"}],"version-history":[{"count":0,"href":"https:\/\/www.europesays.com\/fr\/wp-json\/wp\/v2\/posts\/695198\/revisions"}],"wp:featuredmedia":[{"embeddable":true,"href":"https:\/\/www.europesays.com\/fr\/wp-json\/wp\/v2\/media\/695199"}],"wp:attachment":[{"href":"https:\/\/www.europesays.com\/fr\/wp-json\/wp\/v2\/media?parent=695198"}],"wp:term":[{"taxonomy":"category","embeddable":true,"href":"https:\/\/www.europesays.com\/fr\/wp-json\/wp\/v2\/categories?post=695198"},{"taxonomy":"post_tag","embeddable":true,"href":"https:\/\/www.europesays.com\/fr\/wp-json\/wp\/v2\/tags?post=695198"}],"curies":[{"name":"wp","href":"https:\/\/api.w.org\/{rel}","templated":true}]}}