{"id":695200,"date":"2026-01-28T14:47:29","date_gmt":"2026-01-28T14:47:29","guid":{"rendered":"https:\/\/www.europesays.com\/fr\/695200\/"},"modified":"2026-01-28T14:47:29","modified_gmt":"2026-01-28T14:47:29","slug":"lil-tecca-a-lhopital-apres-setre-fait-agresse-a-paris-par-9-personnes","status":"publish","type":"post","link":"https:\/\/www.europesays.com\/fr\/695200\/","title":{"rendered":"Lil Tecca \u00e0 l&rsquo;h\u00f4pital apr\u00e8s s&rsquo;\u00eatre fait agress\u00e9 \u00e0 Paris par 9 personnes ?"},"content":{"rendered":"<p itemprop=\"description\"><strong>Paris, c&rsquo;est la Fashion Week, mais c&rsquo;est aussi pas mal de gars fous et d\u00e9termin\u00e9s, et Lil Tecca vient d&rsquo;en faire l&rsquo;exp\u00e9rience, lui qui a fini \u00e0 l&rsquo;h\u00f4pital apr\u00e8s s&rsquo;\u00eatre soi-disant fait agresser par plusieurs personnes.<\/strong><\/p>\n<p>La semaine derni\u00e8re, <strong>c&rsquo;\u00e9tait la Fashion Week \u00e0 Paris<\/strong> et comme chaque ann\u00e9e, c&rsquo;est l&rsquo;occasion de voir d\u00e9barquer tout le gratin du rap US mondial, <strong>les fashionistas du game<\/strong> comme <strong>A$AP Rocky<\/strong>, <strong>Pharrell Williams<\/strong>, <strong>Future<\/strong>, et tous ceux qui aiment la haute couture de mani\u00e8re g\u00e9n\u00e9rale. Mais forc\u00e9ment, avec tous ces gens blind\u00e9s qui se baladent \u00e0 Paris pendant les quelques jours de la Fashion Week, \u00e7a <strong>donne des id\u00e9es aux lascars<\/strong> les plus d\u00e9termin\u00e9s, pr\u00eats \u00e0 soulever des gens pour leur piquer leur oseille. Le rappeur <a href=\"https:\/\/generations.fr\/video\/clip\/76489\/lil-tecca-the-kid-laroi-lil-skies-font-le-buzz-avec-la-sortie-de-this-my-life\" target=\"_blank\" rel=\"noopener\"><strong>Lil Tecca<\/strong><\/a>, actuellement <strong>hospitalis\u00e9 apr\u00e8s une agression, en aurait fait l&rsquo;am\u00e8re exp\u00e9rience.<\/strong><\/p>\n<p>C&rsquo;est <strong>son manager qui a post\u00e9 l&rsquo;information sur ses r\u00e9seaux sociaux, avant de supprimer la story<\/strong>. On y apprend que le manager de <a href=\"https:\/\/generations.fr\/video\/clip\/75902\/lil-tecca-propose-down-with-me\" target=\"_blank\" rel=\"noopener\">Lil Tecca<\/a> a \u00e9t\u00e9 victime d&rsquo;une <strong>agression par un groupe de 9 ou 10 personnes<\/strong> (selon les sources), mais que le rappeur a d\u00e9cid\u00e9 de <strong>s&rsquo;interposer pour prot\u00e9ger son gars s\u00fbr<\/strong>. Malheureusement, il s&rsquo;est retrouv\u00e9 au centre de l&rsquo;attroupement, et est sorti de l\u00e0 avec une <strong>grosse coupure \u00e0 la main n\u00e9cessitant d&rsquo;\u00eatre pris en charge par l&rsquo;h\u00f4pital<\/strong>.<\/p>\n<\/p>\n<p>Plus de peur que de mal donc, puisque <strong>sortir d&rsquo;un 2vs10 ou 2vs9 avec simplement une coupure \u00e0 la main, c&rsquo;est assez inesp\u00e9r\u00e9.<\/strong> Soit les agresseurs sont des bougs timides, soit Lil Tecca est vraiment chaud \u00e0 la bagarre. D&rsquo;apr\u00e8s les informations regroup\u00e9es par <a href=\"https:\/\/www.youtube.com\/watch?v=hwppa5b-vDE\" target=\"_blank\" rel=\"noopener\">l&rsquo;influenceur Baloo et ses \u00e9quipes<\/a>, c&rsquo;est <strong>un comportement hautain de la part du manager <\/strong>qui aurait donn\u00e9 le top d\u00e9part de l&#8217;embrouille.\u00a0<\/p>\n<p>Mais d&rsquo;apr\u00e8s les informations post\u00e9es par <a href=\"https:\/\/www.complex.com\/music\/a\/backwoodsaltar\/lil-tecca-saved-manager-from-robbery-in-paris\" target=\"_blank\" rel=\"noopener\">le m\u00e9dia am\u00e9ricain \u00ab\u00a0Complex\u00a0\u00bb<\/a>, <strong>tout \u00e7a serait enti\u00e8rement faux et la story Instagram dans laquelle on voit Lil Tecca sur un lit d&rsquo;h\u00f4pital serait en fait une blague.<\/strong> Masi dans quel but ? A moins qu&rsquo;ils se soient vraiment faits agresser et qu&rsquo;ils aient pris ensuite un coup de pression pour ne pas en parler&#8230;<\/p>\n","protected":false},"excerpt":{"rendered":"Paris, c&rsquo;est la Fashion Week, mais c&rsquo;est aussi pas mal de gars fous et d\u00e9termin\u00e9s, et Lil Tecca&hellip;\n","protected":false},"author":2,"featured_media":695201,"comment_status":"","ping_status":"","sticky":false,"template":"","format":"standard","meta":{"footnotes":""},"categories":[1888],"tags":[1111,1928,67642,11,1927,2163,1777,674,1011,27,3612,3620,3606,3607,3605,3608,3617,3615,3609,1922,1361,873,12,1926,626,1925,2189,3658,1825,67643,3616,3656,67641,3619,25,3621,3611,3610,2955,3655],"class_list":{"0":"post-695200","1":"post","2":"type-post","3":"status-publish","4":"format-standard","5":"has-post-thumbnail","7":"category-paris","8":"tag-actu","9":"tag-actu-paris","10":"tag-actu-rap","11":"tag-actualites","12":"tag-actualites-paris","13":"tag-chroniques","14":"tag-eu","15":"tag-europe","16":"tag-fr","17":"tag-france","18":"tag-freestyles","19":"tag-funk","20":"tag-generation","21":"tag-generation88-2","22":"tag-generations","23":"tag-generations88-2","24":"tag-hip-hop","25":"tag-hiphop","26":"tag-hiphopsoul","27":"tag-info","28":"tag-music","29":"tag-musique","30":"tag-news","31":"tag-news-paris","32":"tag-paris","33":"tag-paris-news","34":"tag-photos","35":"tag-playlist","36":"tag-radio","37":"tag-radio-rap","38":"tag-rap","39":"tag-rapfr","40":"tag-rapus","41":"tag-reggae","42":"tag-republique-francaise","43":"tag-rnb","44":"tag-sons","45":"tag-soul","46":"tag-videos","47":"tag-webradio"},"share_on_mastodon":{"url":"https:\/\/pubeurope.com\/@fr\/115973275230114087","error":""},"_links":{"self":[{"href":"https:\/\/www.europesays.com\/fr\/wp-json\/wp\/v2\/posts\/695200","targetHints":{"allow":["GET"]}}],"collection":[{"href":"https:\/\/www.europesays.com\/fr\/wp-json\/wp\/v2\/posts"}],"about":[{"href":"https:\/\/www.europesays.com\/fr\/wp-json\/wp\/v2\/types\/post"}],"author":[{"embeddable":true,"href":"https:\/\/www.europesays.com\/fr\/wp-json\/wp\/v2\/users\/2"}],"replies":[{"embeddable":true,"href":"https:\/\/www.europesays.com\/fr\/wp-json\/wp\/v2\/comments?post=695200"}],"version-history":[{"count":0,"href":"https:\/\/www.europesays.com\/fr\/wp-json\/wp\/v2\/posts\/695200\/revisions"}],"wp:featuredmedia":[{"embeddable":true,"href":"https:\/\/www.europesays.com\/fr\/wp-json\/wp\/v2\/media\/695201"}],"wp:attachment":[{"href":"https:\/\/www.europesays.com\/fr\/wp-json\/wp\/v2\/media?parent=695200"}],"wp:term":[{"taxonomy":"category","embeddable":true,"href":"https:\/\/www.europesays.com\/fr\/wp-json\/wp\/v2\/categories?post=695200"},{"taxonomy":"post_tag","embeddable":true,"href":"https:\/\/www.europesays.com\/fr\/wp-json\/wp\/v2\/tags?post=695200"}],"curies":[{"name":"wp","href":"https:\/\/api.w.org\/{rel}","templated":true}]}}