{"id":695202,"date":"2026-01-28T14:48:10","date_gmt":"2026-01-28T14:48:10","guid":{"rendered":"https:\/\/www.europesays.com\/fr\/695202\/"},"modified":"2026-01-28T14:48:10","modified_gmt":"2026-01-28T14:48:10","slug":"municipales-2026-a-paris-bournazel-devoile-son-plan-familles-pour-enrayer-les-departs","status":"publish","type":"post","link":"https:\/\/www.europesays.com\/fr\/695202\/","title":{"rendered":"Municipales 2026 \u00e0 Paris: Bournazel d\u00e9voile son \u00ab\u00a0plan familles\u00a0\u00bb pour enrayer les d\u00e9parts"},"content":{"rendered":"\n<p>\u201cJe ne veux pas d\u2019un Paris-mus\u00e9e\u201d, revendique le candidat soutenu par Horizons et Renaissance dans un document de pr\u00e9sentation, dressant le constat d\u2019une ville qui \u201ca perdu 180 000 habitants en douze ans\u201d.<\/p>\n<p>Outre ses mesures pour remettre des logements sur le march\u00e9, gr\u00e2ce notamment \u00e0 l\u2019acc\u00e9l\u00e9ration des r\u00e9novations de passoires thermiques, M. Bournazel propose \u201c10 000 solutions de garde suppl\u00e9mentaires\u201d d\u2019ici 2032, en places de cr\u00e8che et garde \u00e0 domicile, soit une hausse de pr\u00e8s de 25%.<\/p>\n<p>Il plaide pour l\u2019augmentation du nombre de places en CAP \u201cpetite enfance\u201d et en dipl\u00f4mes d\u2019auxiliaires de pu\u00e9riculture afin de \u201cd\u00e9bloquer 10 000 places en cr\u00e8ches suppl\u00e9mentaires d\u2019ici 2035\u201d.<\/p>\n<p>L\u2019\u00e9lu souhaite \u00e9galement am\u00e9liorer la transparence dans l\u2019attribution des places en cr\u00e8che et garantir un \u201cquota minimum\u201d pour les travailleurs ind\u00e9pendants.<\/p>\n<p>Pour r\u00e9pondre aux besoins d\u2019horaires plus extensibles, il compte d\u00e9velopper des \u201cmaisons des nounous\u201d, sur la base des maisons d\u2019assistantes maternelles, pr\u00e9sent\u00e9es comme une \u201cnouvelle solution de garde en soir\u00e9e et le week-end\u201d, au co\u00fbt \u00e9valu\u00e9 \u00e0 1 million d\u2019euros par an.<\/p>\n<p>Pour les \u00e9coles, le candidat entend investir \u201c1 milliard d\u2019euros\u201d sur le mandat pour r\u00e9nover la totalit\u00e9 des \u00e9tablissements.<\/p>\n<p>Il propose \u00e9galement de revoir l\u2019organisation des cantines scolaires pour \u201cpermettre \u00e0 un tiers d\u2019entre elles de disposer de leur propre cantine\u201d, soit 200 millions d\u2019euros d\u2019investissement en six ans. Pour les autres \u00e9coles, il \u201cfavorisera les liaisons chaudes\u201d depuis des cuisines centrales.<\/p>\n<p>Sur le p\u00e9riscolaire, secou\u00e9 par des accusations de violences sexuelles, M. Bournazel compte syst\u00e9matiser les contr\u00f4les des personnels d\u00e9j\u00e0 en poste et recrut\u00e9s, mettre en place des contr\u00f4les inopin\u00e9s, investir 8 millions d\u2019euros dans la formation, titulariser des animateurs et leur proposer des primes allant jusqu\u2019\u00e0 500 euros, tout en \u00e9largissant \u00e0 19H00 l\u2019horaire d\u2019accueil du soir.<\/p>\n<p>M. Bournazel souhaite \u00e9galement instaurer \u201cun service minimum\u201d en cas de gr\u00e8ve en mobilisant une brigade municipale et veut permettre \u00e0 30 000 \u00e9l\u00e8ves, \u201cde la maternelle au lyc\u00e9e\u201d de partir en classe verte ou en colonie.<\/p>\n<p>Enfin, il sugg\u00e8re que les coll\u00e9giens d\u00e9butent leurs cours \u00e0 9H00 au lieu de 8H00 \u201cafin de respecter le sommeil des ados\u201d.<\/p>\n","protected":false},"excerpt":{"rendered":"\u201cJe ne veux pas d\u2019un Paris-mus\u00e9e\u201d, revendique le candidat soutenu par Horizons et Renaissance dans un document de&hellip;\n","protected":false},"author":2,"featured_media":695203,"comment_status":"","ping_status":"","sticky":false,"template":"","format":"standard","meta":{"footnotes":""},"categories":[1888],"tags":[11,79082,20055,1777,674,1011,27,3540,2846,2381,16009,3554,3434,30216,12,626,55846,59616,3370,25],"class_list":{"0":"post-695202","1":"post","2":"type-post","3":"status-publish","4":"format-standard","5":"has-post-thumbnail","7":"category-paris","8":"tag-actualites","9":"tag-assistantes-maternelles","10":"tag-collegien","11":"tag-eu","12":"tag-europe","13":"tag-fr","14":"tag-france","15":"tag-horizons","16":"tag-logements","17":"tag-mairie-de-paris","18":"tag-municipale","19":"tag-municipales","20":"tag-municipales-2026","21":"tag-municipales-2026-a-paris","22":"tag-news","23":"tag-paris","24":"tag-passoires-thermiques","25":"tag-pierre-yves-bournazel","26":"tag-renaissance","27":"tag-republique-francaise"},"share_on_mastodon":{"url":"https:\/\/pubeurope.com\/@fr\/115973279176494875","error":""},"_links":{"self":[{"href":"https:\/\/www.europesays.com\/fr\/wp-json\/wp\/v2\/posts\/695202","targetHints":{"allow":["GET"]}}],"collection":[{"href":"https:\/\/www.europesays.com\/fr\/wp-json\/wp\/v2\/posts"}],"about":[{"href":"https:\/\/www.europesays.com\/fr\/wp-json\/wp\/v2\/types\/post"}],"author":[{"embeddable":true,"href":"https:\/\/www.europesays.com\/fr\/wp-json\/wp\/v2\/users\/2"}],"replies":[{"embeddable":true,"href":"https:\/\/www.europesays.com\/fr\/wp-json\/wp\/v2\/comments?post=695202"}],"version-history":[{"count":0,"href":"https:\/\/www.europesays.com\/fr\/wp-json\/wp\/v2\/posts\/695202\/revisions"}],"wp:featuredmedia":[{"embeddable":true,"href":"https:\/\/www.europesays.com\/fr\/wp-json\/wp\/v2\/media\/695203"}],"wp:attachment":[{"href":"https:\/\/www.europesays.com\/fr\/wp-json\/wp\/v2\/media?parent=695202"}],"wp:term":[{"taxonomy":"category","embeddable":true,"href":"https:\/\/www.europesays.com\/fr\/wp-json\/wp\/v2\/categories?post=695202"},{"taxonomy":"post_tag","embeddable":true,"href":"https:\/\/www.europesays.com\/fr\/wp-json\/wp\/v2\/tags?post=695202"}],"curies":[{"name":"wp","href":"https:\/\/api.w.org\/{rel}","templated":true}]}}