{"id":695208,"date":"2026-01-28T14:51:11","date_gmt":"2026-01-28T14:51:11","guid":{"rendered":"https:\/\/www.europesays.com\/fr\/695208\/"},"modified":"2026-01-28T14:51:11","modified_gmt":"2026-01-28T14:51:11","slug":"guerre-en-ukraine-quest-ce-que-le-fath-360-ce-mysterieux-missile-iranien-livre-a-la-russie-et-qui-na-toujours-pas-ete-utilise","status":"publish","type":"post","link":"https:\/\/www.europesays.com\/fr\/695208\/","title":{"rendered":"Guerre en Ukraine\u00a0: qu\u2019est-ce que le Fath-360, ce myst\u00e9rieux missile iranien livr\u00e9 \u00e0 la Russie et qui n\u2019a toujours pas \u00e9t\u00e9 utilis\u00e9\u00a0?"},"content":{"rendered":"<p>\n                                                                L\u2019Iran aurait livr\u00e9 environ 350 missiles balistiques de courte port\u00e9e Fath-360 \u00e0 la Russie, selon des informations du renseignement militaire ukrainien (HUR) relay\u00e9es par le Kyiv Independent. Ces engins tactiques, dot\u00e9s d\u2019une port\u00e9e de 120 kilom\u00e8tres et d\u2019une ogive de 150\u00a0kg, n\u2019auraient pas encore \u00e9t\u00e9 d\u00e9ploy\u00e9s sur le front.\n                            <\/p>\n<p><a href=\"https:\/\/www.midilibre.fr\/2026\/01\/25\/guerre-en-ukraine-il-faut-plus-de-systemes-de-defense-antiaerienne-reclame-volodymyr-zelensky-sous-la-pression-energetique-russe-13185651.php\" target=\"_blank\" rel=\"noopener\">On le sait, la Russie b\u00e9n\u00e9ficie d\u00e9j\u00e0 de la technologie iranienne <\/a>pour d\u00e9velopper des Shahed. Mais selon le <a href=\"https:\/\/kyivindependent.com\/exclusive-iran-gave-russia-over-350-fath-missiles\/\" target=\"_blank\" rel=\"noopener\">Kyiv Independant<\/a>, ce n\u2019est pas la seule aide livr\u00e9e par T\u00e9h\u00e9ran \u00e0 Moscou. L\u2019Iran aurait, selon le journal ukrainien, <a href=\"https:\/\/www.midilibre.fr\/2026\/01\/26\/guerre-en-ukraine-la-livraison-de-missiles-pac-3-est-imminente-de-quoi-sagit-il-13187521.php\" target=\"_blank\" rel=\"noopener\">livr\u00e9 pas moins de 350 missiles Fath-360.<\/a><\/p>\n<p>Ces missiles de courtes port\u00e9es <a href=\"https:\/\/www.midilibre.fr\/2026\/01\/28\/guerre-en-ukraine-du-jamais-vu-depuis-la-seconde-guerre-mondiale-un-nouveau-rapport-temoigne-des-importantes-pertes-russes-13192987.php\" target=\"_blank\" rel=\"noopener\">n\u2019auraient pas encore \u00e9t\u00e9 tir\u00e9s par l\u2019arm\u00e9e russe <\/a>selon les services de renseignement militaire ukrainiens (HUR)<\/p>\n<p>Qu\u2019est-ce que le Fath-360\u00a0?<\/p>\n<p><a href=\"https:\/\/www.midilibre.fr\/2026\/01\/23\/guerre-en-ukraine-les-composants-sont-americains-ou-europeens-comment-des-puces-et-des-microprocesseurs-equipent-les-drones-russes-geran-5-13181816.php\" target=\"_blank\" rel=\"noopener\">Selon nos confr\u00e8res, si ces missiles n\u2019ont pas encore \u00e9t\u00e9 utilis\u00e9s<\/a>, il s\u2019agirait de possibles \u00ab\u00a0limitations d\u2019ordre techniques ou politiques\u00a0\u00bb. Autre explication possible, \u00ab\u00a0des retards\u00a0\u00bb dans la livraison avance un expert \u00e0 nos confr\u00e8res. Cependant, le pays aurait pu avoir d\u00e9j\u00e0 test\u00e9 ce missile iranien en le tirant sur son propre territoire.<\/p>\n<p>Il s\u2019agit de missiles de courte port\u00e9e allant jusqu\u2019\u00e0\u00a0120 kilom\u00e8tres et capable de transporter des ogives de 150\u00a0kg. Selon les experts cit\u00e9s par le m\u00e9dia ukrainien, il s\u2019agit d\u2019arme tactique dont pourrait se servir la Russie pour viser des cibles militaires pr\u00e8s du front. Si elle s\u2019en sert de cette mani\u00e8re, elle pourrait ensuite frapper plus loin dans le pays avec des missiles plus co\u00fbteux et plus puissants.<\/p>\n","protected":false},"excerpt":{"rendered":"L\u2019Iran aurait livr\u00e9 environ 350 missiles balistiques de courte port\u00e9e Fath-360 \u00e0 la Russie, selon des informations du&hellip;\n","protected":false},"author":2,"featured_media":695209,"comment_status":"","ping_status":"","sticky":false,"template":"","format":"standard","meta":{"footnotes":""},"categories":[1590],"tags":[1111,11,1777,674,131,74,12,220],"class_list":{"0":"post-695208","1":"post","2":"type-post","3":"status-publish","4":"format-standard","5":"has-post-thumbnail","7":"category-ukraine","8":"tag-actu","9":"tag-actualites","10":"tag-eu","11":"tag-europe","12":"tag-guerre-en-ukraine","13":"tag-monde","14":"tag-news","15":"tag-ukraine"},"share_on_mastodon":{"url":"https:\/\/pubeurope.com\/@fr\/115973291000753188","error":""},"_links":{"self":[{"href":"https:\/\/www.europesays.com\/fr\/wp-json\/wp\/v2\/posts\/695208","targetHints":{"allow":["GET"]}}],"collection":[{"href":"https:\/\/www.europesays.com\/fr\/wp-json\/wp\/v2\/posts"}],"about":[{"href":"https:\/\/www.europesays.com\/fr\/wp-json\/wp\/v2\/types\/post"}],"author":[{"embeddable":true,"href":"https:\/\/www.europesays.com\/fr\/wp-json\/wp\/v2\/users\/2"}],"replies":[{"embeddable":true,"href":"https:\/\/www.europesays.com\/fr\/wp-json\/wp\/v2\/comments?post=695208"}],"version-history":[{"count":0,"href":"https:\/\/www.europesays.com\/fr\/wp-json\/wp\/v2\/posts\/695208\/revisions"}],"wp:featuredmedia":[{"embeddable":true,"href":"https:\/\/www.europesays.com\/fr\/wp-json\/wp\/v2\/media\/695209"}],"wp:attachment":[{"href":"https:\/\/www.europesays.com\/fr\/wp-json\/wp\/v2\/media?parent=695208"}],"wp:term":[{"taxonomy":"category","embeddable":true,"href":"https:\/\/www.europesays.com\/fr\/wp-json\/wp\/v2\/categories?post=695208"},{"taxonomy":"post_tag","embeddable":true,"href":"https:\/\/www.europesays.com\/fr\/wp-json\/wp\/v2\/tags?post=695208"}],"curies":[{"name":"wp","href":"https:\/\/api.w.org\/{rel}","templated":true}]}}