{"id":695215,"date":"2026-01-28T14:55:13","date_gmt":"2026-01-28T14:55:13","guid":{"rendered":"https:\/\/www.europesays.com\/fr\/695215\/"},"modified":"2026-01-28T14:55:13","modified_gmt":"2026-01-28T14:55:13","slug":"leurope-veut-limiter-le-pouvoir-de-google-sur-android-et-lintelligence-artificielle","status":"publish","type":"post","link":"https:\/\/www.europesays.com\/fr\/695215\/","title":{"rendered":"L\u2019Europe veut limiter le pouvoir de Google sur Android et l&rsquo;intelligence artificielle"},"content":{"rendered":"<p>Depuis l\u2019<a href=\"https:\/\/siecledigital.fr\/2022\/11\/04\/entree-en-vigueur-du-dma-le-paysage-numerique-va-etre-profondement-modifie\/\" target=\"_blank\" rel=\"noopener\">entr\u00e9e en vigueur du Digital Markets Act<\/a> (DMA), les grandes plateformes num\u00e9riques savent que <strong>leur marge de manoeuvre en Europe s\u2019est nettement r\u00e9duite<\/strong>.<\/p>\n<p>Apr\u00e8s avoir longtemps <a href=\"https:\/\/siecledigital.fr\/2025\/04\/24\/la-commission-europeenne-sanctionne-apple-et-meta-a-hauteur-de-700-millions-deuros-pour-non-respect-du-dma\/\" target=\"_blank\" rel=\"noopener\">concentr\u00e9 ses actions sur Apple et Meta<\/a>, la Commission europ\u00e9enne s\u2019attaque d\u00e9sormais frontalement \u00e0 Google, avec en ligne de mire Android, et l\u2019usage strat\u00e9gique de l\u2019intelligence artificielle, notamment via Gemini.<\/p>\n<p>Deux proc\u00e9dures europ\u00e9ennes contre Google dans le cadre du DMA<\/p>\n<p>Le 27 janvier 2026, la Commission europ\u00e9enne a annonc\u00e9 <a href=\"https:\/\/digital-markets-act.ec.europa.eu\/commission-opens-proceedings-assist-google-complying-interoperability-and-online-search-data-sharing-2026-01-27_en?prefLang=fr\" target=\"_blank\" rel=\"noopener\">l\u2019ouverture de deux proc\u00e9dures<\/a> contre Google pour pr\u00e9ciser concr\u00e8tement <strong>comment l\u2019entreprise doit se conformer aux obligations du DMA<\/strong>.<\/p>\n<p>N\u00e9anmoins, contrairement \u00e0 une enqu\u00eate classique, cette approche se veut d\u2019abord coop\u00e9rative, m\u00eame si <strong>la menace de sanctions reste bien r\u00e9elle<\/strong>.<\/p>\n<p>La premi\u00e8re proc\u00e9dure concerne Android, o\u00f9 Bruxelles estime que Google pourrait \u00eatre tent\u00e9 de r\u00e9server certaines fonctionnalit\u00e9s mat\u00e9rielles ou logicielles de son syst\u00e8me d\u2019exploitation \u00e0 Gemini, son assistant d\u2019IA maison. En s\u2019appuyant sur le DMA, <strong>la Commission exige une interop\u00e9rabilit\u00e9 totale<\/strong>.<\/p>\n<p>Autrement dit, des concurrents comme ChatGPT, Claude, Perplexity ou encore Mistral doivent pouvoir acc\u00e9der, dans les m\u00eames conditions, au microphone, \u00e0 la cam\u00e9ra ou au processeur neuronal des smartphones Android.<\/p>\n<p>Le partage des donn\u00e9es de recherche au coeur des tensions<\/p>\n<p>La seconde proc\u00e9dure porte sur le moteur de recherche Google, o\u00f9 <strong>avec une domination \u00e9crasante du march\u00e9 de la recherche en ligne<\/strong>, l\u2019entreprise dispose d\u2019un volume de donn\u00e9es que ses rivaux peinent \u00e0 \u00e9galer. Or, ces donn\u00e9es sont indispensables pour entra\u00eener des moteurs de recherche alternatifs et des mod\u00e8les d\u2019IA conversationnelle.<\/p>\n<p>La Commission europ\u00e9enne demande donc \u00e0 Google de <strong>partager, de mani\u00e8re anonymis\u00e9e et irr\u00e9versible, des donn\u00e9es <\/strong>comme des requ\u00eates, des clics, des vues et m\u00eame les informations de classement.<\/p>\n<p>Ces donn\u00e9es devraient \u00eatre accessibles non seulement aux moteurs de recherche concurrents, mais aussi aux fournisseurs de chatbots IA. Bruxelles souhaite ainsi <strong>r\u00e9\u00e9quilibrer un march\u00e9<\/strong> o\u00f9 plusieurs acteurs, comme <strong>DuckDuckGo<\/strong>, <strong>Qwant<\/strong> ou <strong>Ecosia<\/strong>, d\u00e9noncent depuis des mois un acc\u00e8s trop limit\u00e9 aux donn\u00e9es r\u00e9ellement utiles.<\/p>\n<p>Un d\u00e9lai de six mois et des sanctions en ligne de mire<\/p>\n<p>Google dispose d\u00e9sormais de <strong>six mois pour proposer des mesures<\/strong> conformes aux attentes europ\u00e9ennes. Des conclusions pr\u00e9liminaires seront publi\u00e9es d\u2019ici trois mois, laissant la possibilit\u00e9 aux acteurs tiers de formuler des observations.<\/p>\n<p>En cas d\u2019\u00e9chec, la Commission pourrait ouvrir une proc\u00e9dure d\u2019infraction, avec <strong>des amendes pouvant atteindre 10% du chiffre d\u2019affaires mondial<\/strong> du groupe.<\/p>\n<p>De son c\u00f4t\u00e9, Google se d\u00e9fend, et <strong>l\u2019entreprise affirme qu\u2019Android est ouvert par conception<\/strong> et qu\u2019elle partage d\u00e9j\u00e0 certaines donn\u00e9es de recherche dans le cadre du DMA. Elle met aussi en avant des risques potentiels pour la vie priv\u00e9e, la s\u00e9curit\u00e9 des utilisateurs et l\u2019innovation.<\/p>\n<p>Avec ces nouvelles proc\u00e9dures, Bruxelles envoie un signal clair pour annoncer que <strong>l\u2019\u00e8re d\u2019une tol\u00e9rance accrue envers Android semble toucher \u00e0 sa fin<\/strong>, \u00e0 mesure que l\u2019IA devient un levier central de pouvoir dans l\u2019\u00e9conomie num\u00e9rique\u2026<\/p>\n","protected":false},"excerpt":{"rendered":"Depuis l\u2019entr\u00e9e en vigueur du Digital Markets Act (DMA), les grandes plateformes num\u00e9riques savent que leur marge de&hellip;\n","protected":false},"author":2,"featured_media":695216,"comment_status":"","ping_status":"","sticky":false,"template":"","format":"standard","meta":{"footnotes":""},"categories":[1586],"tags":[11,10656,1777,674,1011,27,322,323,12,25],"class_list":{"0":"post-695215","1":"post","2":"type-post","3":"status-publish","4":"format-standard","5":"has-post-thumbnail","7":"category-europe","8":"tag-actualites","9":"tag-android","10":"tag-eu","11":"tag-europe","12":"tag-fr","13":"tag-france","14":"tag-gemini","15":"tag-google","16":"tag-news","17":"tag-republique-francaise"},"share_on_mastodon":{"url":"https:\/\/pubeurope.com\/@fr\/115973306683764960","error":""},"_links":{"self":[{"href":"https:\/\/www.europesays.com\/fr\/wp-json\/wp\/v2\/posts\/695215","targetHints":{"allow":["GET"]}}],"collection":[{"href":"https:\/\/www.europesays.com\/fr\/wp-json\/wp\/v2\/posts"}],"about":[{"href":"https:\/\/www.europesays.com\/fr\/wp-json\/wp\/v2\/types\/post"}],"author":[{"embeddable":true,"href":"https:\/\/www.europesays.com\/fr\/wp-json\/wp\/v2\/users\/2"}],"replies":[{"embeddable":true,"href":"https:\/\/www.europesays.com\/fr\/wp-json\/wp\/v2\/comments?post=695215"}],"version-history":[{"count":0,"href":"https:\/\/www.europesays.com\/fr\/wp-json\/wp\/v2\/posts\/695215\/revisions"}],"wp:featuredmedia":[{"embeddable":true,"href":"https:\/\/www.europesays.com\/fr\/wp-json\/wp\/v2\/media\/695216"}],"wp:attachment":[{"href":"https:\/\/www.europesays.com\/fr\/wp-json\/wp\/v2\/media?parent=695215"}],"wp:term":[{"taxonomy":"category","embeddable":true,"href":"https:\/\/www.europesays.com\/fr\/wp-json\/wp\/v2\/categories?post=695215"},{"taxonomy":"post_tag","embeddable":true,"href":"https:\/\/www.europesays.com\/fr\/wp-json\/wp\/v2\/tags?post=695215"}],"curies":[{"name":"wp","href":"https:\/\/api.w.org\/{rel}","templated":true}]}}