{"id":69522,"date":"2025-05-02T14:29:11","date_gmt":"2025-05-02T14:29:11","guid":{"rendered":"https:\/\/www.europesays.com\/fr\/69522\/"},"modified":"2025-05-02T14:29:11","modified_gmt":"2025-05-02T14:29:11","slug":"avec-le-bol-maju-manger-equilibre-devient-un-jeu-denfant","status":"publish","type":"post","link":"https:\/\/www.europesays.com\/fr\/69522\/","title":{"rendered":"avec le bol maju, manger \u00e9quilibr\u00e9 devient un jeu d\u2019enfant"},"content":{"rendered":"<p>            Par<br \/>\n        <strong><br \/>\n            <a href=\"https:\/\/actu.fr\/auteur\/manon-haddouche\" title=\"Consulter tous les articles de Manon Haddouche\" rel=\"nofollow noopener\" target=\"_blank\">Manon Haddouche<\/a><br \/>\n        <\/strong><\/p>\n<p>        Publi\u00e9 le<\/p>\n<p>            2 mai 2025 \u00e0 11h26        <\/p>\n<p>Fini les balances, les calculs de calories et les r\u00e9gimes frustrants ! Avec le<strong> bol maju,<\/strong> Matthias Vidal et Julien Jan\u00e9, deux amis d\u2019enfance originaires de B\u00e9ziers, proposent une solution aussi simple qu\u2019ing\u00e9nieuse : un bol alimentaire brevet\u00e9 qui simplifie la <strong>nutrition<\/strong>. Leur passage dans <strong>Qui veut \u00eatre mon associ\u00e9 sur M6,\u00a0<\/strong>o\u00f9 ils ont d\u00e9croch\u00e9 200 000 \u20ac d\u2019Anthony Bourbon et Julian Jacob pour 10 % du capital, a propuls\u00e9 leur start-up fran\u00e7aise d\u00e9j\u00e0 bien install\u00e9e, sous les feux des projecteurs. Leur mission ? \u00ab Simplifier l\u2019\u00e9quilibre alimentaire pour le plus grand nombre \u00bb, comme l\u2019explique Matthias Vidal, di\u00e9t\u00e9ticien et co-fondateur.<\/p>\n<p>De l\u2019Ovalie \u00e0 la di\u00e9t\u00e9tique, une reconversion incarn\u00e9e<\/p>\n<p class=\" wall-content\">Ancien rugbyman \u00e0 l\u2019AS B\u00e9ziers H\u00e9rault, Matthias Vidal voit sa carri\u00e8re stopp\u00e9e par des blessures. Refusant de se laisser abattre, il se reconvertit dans la di\u00e9t\u00e9tique, obtenant un DUT en g\u00e9nie biologique. \u00ab En tant que di\u00e9t\u00e9ticien, j\u2019entendais sans cesse : \u2018Peser les aliments, compter les calories, c\u2019est insupportable\u2019 \u00bb, raconte-t-il. Son ami Julien Jan\u00e9, \u00e9galement ex-rugbyman et dipl\u00f4m\u00e9 d\u2019\u00e9cole de commerce, se lassait lui aussi de ces contraintes. Ensemble, ils imaginent maju, un concept n\u00e9 d\u2019une frustration partag\u00e9e : \u00ab Banco, trouvons une id\u00e9e pour enlever cette charge mentale ! \u00bb<\/p>\n<p>Bol connect\u00e9 pour nutrition intuitive<\/p>\n<p class=\" wall-content\">Le bol maju, prot\u00e9g\u00e9 par un brevet international, est le c\u0153ur du projet. Dot\u00e9 de trois compartiments r\u00e9glables pour les prot\u00e9ines, f\u00e9culents et l\u00e9gumes, il permet de visualiser les portions id\u00e9ales sans peser. \u00ab Tu remplis les cases, c\u2019est termin\u00e9 ! \u00bb, s\u2019enthousiasme Matthias. Gr\u00e2ce \u00e0 un syst\u00e8me de crans (jusqu\u2019\u00e0 sept pour les l\u00e9gumes, cinq pour les f\u00e9culents, trois pour les prot\u00e9ines), il s\u2019adapte \u00e0 tous, des sportifs aux s\u00e9dentaires, couvrant des besoins de 1 200 \u00e0 3 000 calories par jour. Une application mobile compl\u00e8te l\u2019exp\u00e9rience : apr\u00e8s un bilan nutritionnel de 35 questions, elle g\u00e9n\u00e8re des r\u00e9glages personnalis\u00e9s et propose plus de 800 recettes \u00e9labor\u00e9es par des di\u00e9t\u00e9ticiens.<\/p>\n<p>Un bol Made in France<\/p>\n<p class=\" wall-content\">Le bol, fabriqu\u00e9 en France entre Nantes et Angers avec des mat\u00e9riaux alimentaires (PP et TPE\/TPR), est micro-ondable, lavable au lave-vaisselle et garanti deux ans. Pratique, il se transporte avec un couvercle herm\u00e9tique ou se vide dans une assiette. \u00ab Je l\u2019utilise tous les jours au bureau, et le soir, je transvase son contenu dans une assiette pour mes d\u00eeners en famille \u00bb, confie Matthias.<\/p>\n<p>      <img   decoding=\"async\" loading=\"lazy\" src=\"https:\/\/www.europesays.com\/fr\/wp-content\/uploads\/2025\/05\/maju-46-1-960x640.jpg\" alt=\"Ne plus compter ses calories et se nourrir bien et simplement pour avoir une sant\u00e9 optimale : tels sont les objectifs de maju.\" width=\"960\" height=\"640\"\/><br \/>\n    Ne plus compter ses calories et se nourrir bien et simplement pour avoir une sant\u00e9 optimale : tels sont les objectifs de maju. (\u00a9DR \/ maju)Vid\u00e9os : en ce moment sur ActuUne mission \u00e9ducative et engag\u00e9e<\/p>\n<p class=\" wall-content\">Maju, c\u2019est aussi un engagement fort. La start-up lutte contre la malbouffe et la d\u00e9sinformation, s\u2019appuyant sur les recommandations de l\u2019ANSES. \u00ab Nous n\u2019avons pas invent\u00e9 un \u00e9ni\u00e8me r\u00e9gime, nous r\u00e9inventons la fa\u00e7on de manger \u00e9quilibr\u00e9 \u00bb, insiste Matthias. Leur application offre un chat avec des di\u00e9t\u00e9ticiens dipl\u00f4m\u00e9s, disponibles 10 heures par jour, 6 jours sur 7, pour r\u00e9pondre \u00e0 toutes les questions, des cookies aux f\u00e9culents. Des ateliers cuisine gratuits sur Facebook, anim\u00e9s par Matthias et son \u00e9quipe, encouragent les \u00ab bolistes \u00bb \u00e0 cuisiner sainement.<\/p>\n<p class=\" wall-content\">Engag\u00e9s pour la plan\u00e8te, ils collaborent avec une structure de recyclage et produisent 100 % en France. En 2025, maju lance une solution pour un petit d\u00e9jeuner sain, pr\u00eat en deux minutes, et \u00e9toffera sa gamme d\u2019accessoires : sacs isothermes, bols color\u00e9s.<\/p>\n<p>Une success story en expansion<\/p>\n<p class=\" wall-content\">Commercialis\u00e9 depuis janvier 2022, maju a d\u2019abord conquis le web, vendant en France, en Belgique, en Suisse et au Portugal. La start-up compte aujourd\u2019hui plus de 300 points de vente physique et ne souhaite pas s\u2019arr\u00eater l\u00e0. Elle vise en effet les 2000 d\u2019ici la fin de l\u2019ann\u00e9e, sans stopper pour autant la distribution du c\u00f4t\u00e9 des di\u00e9t\u00e9ticiens nutritionnistes et des coachs sportifs.\u00a0<\/p>\n<p class=\" wall-content\">Dans un avenir (l\u00e9g\u00e8rement) plus lointain, en 2026, c\u2019est sur le march\u00e9 \u00e9tats-unien, o\u00f9 l\u2019ob\u00e9sit\u00e9 touche un Am\u00e9ricain sur trois, que l\u2019\u00e9quipe souhaite s\u2019implanter. \u00ab L\u2019ob\u00e9sit\u00e9 a quadrupl\u00e9 dans le monde depuis 1990. Nous voulons proposer une solution sant\u00e9 pour endiguer ce probl\u00e8me \u00bb, explique-t-il. De quoi propager la bonne et simple parole d\u2019Hippocrate, qui posait alors les fondations d\u2019une v\u00e9ritable \u00ab alimentation sant\u00e9 \u00bb : \u00ab Que ton alimentation soit ta premi\u00e8re m\u00e9decine. \u00bb\u00a0<\/p>\n<p><strong>&gt;<\/strong> Pour en savoir plus sur maju, rendez-vous <a href=\"https:\/\/www.maju-nutrition.com\/\" rel=\"nofollow noopener\" target=\"_blank\">sur le site internet<\/a>, <a href=\"https:\/\/www.instagram.com\/maju_nutrition\/\" rel=\"nofollow noopener\" target=\"_blank\">Instagram<\/a> ou <a href=\"https:\/\/www.facebook.com\/groups\/majufoodbolclub\" rel=\"nofollow noopener\" target=\"_blank\">sur Facebook<\/a>.\u00a0<\/p>\n<p class=\" wall-content\">Suivez toute l\u2019actualit\u00e9 de vos villes et m\u00e9dias favoris en vous inscrivant \u00e0 <a href=\"https:\/\/moncompte.actu.fr\" title=\"D\u00e9couvez Mon Actu\" rel=\"nofollow noopener\" data-trk=\"{&quot;cta&quot;:{&quot;action&quot;:&quot;https:\\\/\\\/moncompte.actu.fr&quot;,&quot;category&quot;:&quot;mon compte&quot;,&quot;from&quot;:&quot;article footer&quot;,&quot;name&quot;:&quot;Mon actu&quot;,&quot;type&quot;:&quot;cta&quot;}}\" target=\"_blank\">Mon Actu<\/a>.<\/p>\n<p>                    <script async src=\"\/\/www.instagram.com\/embed.js\"><\/script><\/p>\n","protected":false},"excerpt":{"rendered":"Par Manon Haddouche Publi\u00e9 le 2 mai 2025 \u00e0 11h26 Fini les balances, les calculs de calories et&hellip;\n","protected":false},"author":2,"featured_media":69523,"comment_status":"","ping_status":"","sticky":false,"template":"","format":"standard","meta":{"footnotes":""},"categories":[9599],"tags":[1111,11,258,902,1777,674,1011,27,2208,12,2680,25,104],"class_list":{"0":"post-69522","1":"post","2":"type-post","3":"status-publish","4":"format-standard","5":"has-post-thumbnail","7":"category-montpellier","8":"tag-actu","9":"tag-actualites","10":"tag-alimentation","11":"tag-cuisine","12":"tag-eu","13":"tag-europe","14":"tag-fr","15":"tag-france","16":"tag-montpellier","17":"tag-news","18":"tag-occitanie","19":"tag-republique-francaise","20":"tag-societe"},"share_on_mastodon":{"url":"https:\/\/pubeurope.com\/@fr\/114438718324438549","error":""},"_links":{"self":[{"href":"https:\/\/www.europesays.com\/fr\/wp-json\/wp\/v2\/posts\/69522","targetHints":{"allow":["GET"]}}],"collection":[{"href":"https:\/\/www.europesays.com\/fr\/wp-json\/wp\/v2\/posts"}],"about":[{"href":"https:\/\/www.europesays.com\/fr\/wp-json\/wp\/v2\/types\/post"}],"author":[{"embeddable":true,"href":"https:\/\/www.europesays.com\/fr\/wp-json\/wp\/v2\/users\/2"}],"replies":[{"embeddable":true,"href":"https:\/\/www.europesays.com\/fr\/wp-json\/wp\/v2\/comments?post=69522"}],"version-history":[{"count":0,"href":"https:\/\/www.europesays.com\/fr\/wp-json\/wp\/v2\/posts\/69522\/revisions"}],"wp:featuredmedia":[{"embeddable":true,"href":"https:\/\/www.europesays.com\/fr\/wp-json\/wp\/v2\/media\/69523"}],"wp:attachment":[{"href":"https:\/\/www.europesays.com\/fr\/wp-json\/wp\/v2\/media?parent=69522"}],"wp:term":[{"taxonomy":"category","embeddable":true,"href":"https:\/\/www.europesays.com\/fr\/wp-json\/wp\/v2\/categories?post=69522"},{"taxonomy":"post_tag","embeddable":true,"href":"https:\/\/www.europesays.com\/fr\/wp-json\/wp\/v2\/tags?post=69522"}],"curies":[{"name":"wp","href":"https:\/\/api.w.org\/{rel}","templated":true}]}}