{"id":695225,"date":"2026-01-28T15:00:12","date_gmt":"2026-01-28T15:00:12","guid":{"rendered":"https:\/\/www.europesays.com\/fr\/695225\/"},"modified":"2026-01-28T15:00:12","modified_gmt":"2026-01-28T15:00:12","slug":"les-departs-en-heure-francaise-du-1er-tour-de-matthieu-pavon-adrien-saddier-et-brooks-koepka","status":"publish","type":"post","link":"https:\/\/www.europesays.com\/fr\/695225\/","title":{"rendered":"Les d\u00e9parts en heure fran\u00e7aise du 1er tour de Matthieu Pavon, Adrien Saddier et Brooks Koepka"},"content":{"rendered":"<p>\t\t\t\t\t\t<img width=\"770\" height=\"556\" src=\"https:\/\/www.europesays.com\/fr\/wp-content\/uploads\/2026\/01\/pavon-gains-pga-tour-farmers-insurance-open-770x556.jpg\" class=\"img-responsive wp-post-image\" alt=\"Matthieu Pavon Photo by Sean M. Haffey \/ GETTY IMAGES NORTH AMERICA \/ Getty Images via AFP\" decoding=\"async\" fetchpriority=\"high\"  \/>\t\t\t\t\t<\/p>\n<p>\t\t\t\t\t\t Partager cet article <\/p>\n<p class=\"screen-reader-text juiz_sps_maybe_hidden_text\">Partager la publication \u00ab\u00a0Les d\u00e9parts en heure fran\u00e7aise du 1er tour de Matthieu Pavon, Adrien Saddier et Brooks Koepka\u00a0\u00bb<\/p>\n<p><strong>Le Farmers Insurance Open 2026 sera marqu\u00e9 par le comeback tr\u00e8s m\u00e9diatis\u00e9 de Brooks Koepka, avec une couverture in\u00e9dite d\u2019ESPN et un champ relev\u00e9 \u00e0 Torrey Pines, o\u00f9 Adrien Saddier et Matthieu Pavon, vainqueur du tournoi il y a deux ans,<\/strong> <strong>visent des points pr\u00e9cieux .<br \/>&#13;<br \/>\n\u00a0\u00a0<\/strong><\/p>\n<p>Le <strong>Farmers Insurance Open 2026<\/strong> s\u2019annonce comme le tournoi du grand retour de <strong>Brooks Koepka<\/strong> sur le <strong>PGA Tour <\/strong>apr\u00e8s quatre ann\u00e9es pass\u00e9es sur le <strong>LIV Golf<\/strong>, avec une exposition maximale \u00e0 la t\u00e9l\u00e9vision. Pour la premi\u00e8re fois depuis pr\u00e8s de 20 ans, ESPN proposera effectivement une couverture en direct d\u2019un tournoi du circuit hors Majeurs.<\/p>\n<p>Le quintuple vainqueur en Majeur sera au c\u0153ur d\u2019un \u00ab featured group \u00bb de luxe aux c\u00f4t\u00e9s de <strong>Max Homa,<\/strong> ancien vainqueur du tournoi<strong>,<\/strong> et de <strong>Ludvig \u00c5berg<\/strong>, qui s\u2019est impos\u00e9 l\u2019an dernier lors d\u2019un <strong>Genesis Invitational<\/strong> exceptionnellement d\u00e9localis\u00e9 \u00e0 <strong>Torrey Pines<\/strong> en raison des incendies en Californie.<\/p>\n<blockquote data-service=\"twitter\" data-category=\"marketing\" data-placeholder-image=\"https:\/\/www.golfplanete.com\/wp-content\/plugins\/complianz-gdpr-premium\/assets\/images\/placeholders\/twitter-minimal.jpg\" class=\"cmplz-placeholder-element twitter-tweet\"><p>&#13;<\/p>\n<p dir=\"ltr\" lang=\"en\">Brooks Koepka has arrived at the Farmers Insurance Open. \ud83d\udc40<a href=\"https:\/\/t.co\/nTn32aIH31\">pic.twitter.com\/nTn32aIH31<\/a><\/p>\n<p>&#13;<br \/>\n&#13;<br \/>\n\u2014 Golf Digest (@GolfDigest) <a href=\"https:\/\/twitter.com\/GolfDigest\/status\/2015907206768554066?ref_src=twsrc%5Etfw\" target=\"_blank\" rel=\"noopener\">January 26, 2026<\/a><\/p><\/blockquote>\n<p>Koepka en vitrine, mais pas que<\/p>\n<p>Outre ce trio vedette, trois autres groupes seront mis en avant : <strong>Harris English<\/strong>, tenant du titre, avec le local <strong>Xander Schauffele<\/strong> et le laur\u00e9at du dernier <strong>U.S. Open<\/strong>, <strong>J.J. Spaun<\/strong> ; les anciens vainqueurs du tournoi <strong>Jason Day<\/strong> et <strong>Justin Rose<\/strong> avec <strong>Hideki Matsuyama<\/strong> ; <strong>Chris Gotterup<\/strong>, r\u00e9cent vainqueur du <strong>Sony Open<\/strong>, avec <strong>Keegan Bradley<\/strong> et <strong>Adam Scott<\/strong>.<\/p>\n<p><a href=\"https:\/\/www.pgatour.com\/tournaments\/2026\/farmers-insurance-open\/R2026004\/tee-times\" target=\"_blank\" rel=\"noopener\">Tous les tee times<\/a><\/p>\n<p>Harris English tentera de devenir le premier joueur \u00e0 encha\u00eener deux victoires de suite au Farmers depuis <strong>Tiger Woods<\/strong>, auteur d\u2019un quadrupl\u00e9 entre 2005 et 2008.<\/p>\n<p>Matthieu Pavon en terrain conquis<\/p>\n<p>Pour les Fran\u00e7ais engag\u00e9s, l\u2019enjeu est de marquer des points au classement de la <strong>FedExCup<\/strong> et profiter du troisi\u00e8me des quatre tournois permettant d\u2019en glaner pour l\u2019<strong>Aon Swing 5<\/strong>, s\u00e9same vers les <strong>Signature Events<\/strong> que sont l\u2019<strong>AT&amp;T Pebble Beach Pro-Am <\/strong>et le <strong>Genesis Invitational<\/strong>.<\/p>\n<p><strong>Matthieu Pavon<\/strong>, notamment, sait devoir <a href=\"https:\/\/www.golfplanete.com\/actualites\/matthieu-pavon-monte-en-puissance\/\" target=\"_blank\" rel=\"noopener\">continuer de monter en puissance<\/a> \u00e0 Torrey Pines, o\u00f9 il a triomph\u00e9 en 2024. Apr\u00e8s avoir pass\u00e9 son premier cut sur le PGA Tour, <strong>Adrien Saddier<\/strong> r\u00eave d\u2019imiter son ami.<br \/>&#13;<br \/>\n\u00a0<\/p>\n<p>Les principaux tee times (heure locale puis heure fran\u00e7aise)<\/p>\n<p>SC pour South Course, NC North Course<\/p>\n<p><strong>9h32 Torrey Pines \/ 18h32 France (trou n\u00b010 SC)<\/strong><\/p>\n<ul>&#13;<\/p>\n<li>Brooks Koepka (USA)<\/li>\n<p>&#13;<\/p>\n<li>Max Homa (USA)<\/li>\n<p>&#13;<\/p>\n<li>Ludvig \u00c5berg (SWE)<\/li>\n<p>&#13;\n<\/ul>\n<p><strong>9h43 Torrey Pines \/ 18h43 France (trou n\u00b01 SC)<\/strong><\/p>\n<ul>&#13;<\/p>\n<li>Harris English,<\/li>\n<p>&#13;<\/p>\n<li>Xander Schauffele<\/li>\n<p>&#13;<\/p>\n<li>J. Spaun<\/li>\n<p>&#13;\n<\/ul>\n<p><strong>10h16 Torrey Pines \/ 19h16 France (trou n\u00b010 SC)<\/strong><\/p>\n<ul>&#13;<\/p>\n<li>Neal Shipley (USA)<\/li>\n<p>&#13;<\/p>\n<li><strong>Adrien Saddier<\/strong><\/li>\n<p>&#13;<\/p>\n<li>Hunter Logan (USA)<\/li>\n<p>&#13;\n<\/ul>\n<p><strong>10h38 Torrey Pines \/ 19h38 France (trou n\u00b010 NC)<\/strong><\/p>\n<ul>&#13;<\/p>\n<li>Jason Day (AUS)<\/li>\n<p>&#13;<\/p>\n<li>Hideki Matsuyama (JPN)<\/li>\n<p>&#13;<\/p>\n<li>Justin Rose (ANG)<\/li>\n<p>&#13;\n<\/ul>\n<p><strong>10h49 Torrey Pines \/ 19h49 France (trou n\u00b010 NC)<\/strong><\/p>\n<ul>&#13;<\/p>\n<li>Adam Scott (AUS)<\/li>\n<p>&#13;<\/p>\n<li>Chris Gotterup (USA)<\/li>\n<p>&#13;<\/p>\n<li>Keegan Bradley (USA)<\/li>\n<p>&#13;\n<\/ul>\n<p><strong>11h Torrey Pines \/ 20h France (trou n\u00b010 NC)<\/strong><\/p>\n<ul>&#13;<\/p>\n<li><strong>Matthieu Pavon\u00a0<\/strong><\/li>\n<p>&#13;<\/p>\n<li>Brandt Snedeker (USA)<\/li>\n<p>&#13;<\/p>\n<li>Kristoffer Reitan (NOR)<\/li>\n<p>&#13;\n<\/ul>\n<p>&#13;<br \/>\nPhoto : Sean M. Haffey \/ Getty Images via AFP<\/p>\n<p>\t\t\t<script async src=\"https:\/\/platform.twitter.com\/widgets.js\" charset=\"utf-8\"><\/script><\/p>\n","protected":false},"excerpt":{"rendered":"Partager cet article Partager la publication \u00ab\u00a0Les d\u00e9parts en heure fran\u00e7aise du 1er tour de Matthieu Pavon, Adrien&hellip;\n","protected":false},"author":2,"featured_media":695226,"comment_status":"","ping_status":"","sticky":false,"template":"","format":"standard","meta":{"footnotes":""},"categories":[1418],"tags":[1011,27,1472,60],"class_list":{"0":"post-695225","1":"post","2":"type-post","3":"status-publish","4":"format-standard","5":"has-post-thumbnail","7":"category-golf","8":"tag-fr","9":"tag-france","10":"tag-golf","11":"tag-sports"},"share_on_mastodon":{"url":"https:\/\/pubeurope.com\/@fr\/115973326328119760","error":""},"_links":{"self":[{"href":"https:\/\/www.europesays.com\/fr\/wp-json\/wp\/v2\/posts\/695225","targetHints":{"allow":["GET"]}}],"collection":[{"href":"https:\/\/www.europesays.com\/fr\/wp-json\/wp\/v2\/posts"}],"about":[{"href":"https:\/\/www.europesays.com\/fr\/wp-json\/wp\/v2\/types\/post"}],"author":[{"embeddable":true,"href":"https:\/\/www.europesays.com\/fr\/wp-json\/wp\/v2\/users\/2"}],"replies":[{"embeddable":true,"href":"https:\/\/www.europesays.com\/fr\/wp-json\/wp\/v2\/comments?post=695225"}],"version-history":[{"count":0,"href":"https:\/\/www.europesays.com\/fr\/wp-json\/wp\/v2\/posts\/695225\/revisions"}],"wp:featuredmedia":[{"embeddable":true,"href":"https:\/\/www.europesays.com\/fr\/wp-json\/wp\/v2\/media\/695226"}],"wp:attachment":[{"href":"https:\/\/www.europesays.com\/fr\/wp-json\/wp\/v2\/media?parent=695225"}],"wp:term":[{"taxonomy":"category","embeddable":true,"href":"https:\/\/www.europesays.com\/fr\/wp-json\/wp\/v2\/categories?post=695225"},{"taxonomy":"post_tag","embeddable":true,"href":"https:\/\/www.europesays.com\/fr\/wp-json\/wp\/v2\/tags?post=695225"}],"curies":[{"name":"wp","href":"https:\/\/api.w.org\/{rel}","templated":true}]}}