{"id":695231,"date":"2026-01-28T15:07:10","date_gmt":"2026-01-28T15:07:10","guid":{"rendered":"https:\/\/www.europesays.com\/fr\/695231\/"},"modified":"2026-01-28T15:07:10","modified_gmt":"2026-01-28T15:07:10","slug":"cyclisme-alula-tour-jonathan-milan-la-2e-etape-encore-et-toujours-aussi-facile-au-sprint","status":"publish","type":"post","link":"https:\/\/www.europesays.com\/fr\/695231\/","title":{"rendered":"Cyclisme. AlUla Tour &#8211; Jonathan Milan la 2e \u00e9tape, encore et toujours aussi facile au sprint"},"content":{"rendered":"<p>Au lendemain d&rsquo;une premi\u00e8re \u00e9tape marqu\u00e9e par un final tendu, la seconde \u00e9tape de l&rsquo;<strong><a href=\"https:\/\/www.cyclismactu.net\/..\/news-alula-tour-route-jan-christen-a-ecope-d-une-penalite-de-20-secondes-91777.html\" target=\"_blank\" rel=\"noopener\">AlUla Tour<\/a> <\/strong>a de nouveau consacr\u00e9 un sprinteur au terme d&rsquo;un sprint nerveux. Sans <strong><a href=\"https:\/\/www.cyclismactu.net\/..\/\" target=\"_blank\" rel=\"noopener\">Phil Bauhaus<\/a><\/strong>\u00a0(Bahrain-Victorious) \u00e9cart\u00e9 \u00e0 6 km de l&rsquo;arriv\u00e9e par une crevaison\u00a0et <strong>Fabio Jakobsen <\/strong>(Team Picnic PostNL)\u00a0\u00e9limin\u00e9 par des crampes, le leader <strong><a href=\"https:\/\/www.cyclismactu.net\/..\/news-alula-tour-route-jonathan-milan-il-y-a-d-autres-belles-etapes-gagner-91774.html\" target=\"_blank\" rel=\"noopener\">Jonathan Milan<\/a> <\/strong>a \u00e9t\u00e9 une nouvelle fois le plus fort \u00e0 l&rsquo;arriv\u00e9e. L&rsquo;Italien a domin\u00e9 un sprint sans contestation possible, en devan\u00e7ant son compatriote <strong>Daniel Skerl <\/strong>(Bahrain-Victorious), initialement lanceur de <strong>Bauhaus<\/strong>, et <strong>Pascal Ackermann <\/strong>(Team Jayco AlUla), qui s&rsquo;offre son premier podium sous ses nouvelles couleurs.<\/p>\n<p>Vid\u00e9o &#8211; Jonathan Milan s&rsquo;impose \u00e0 nouveau Lire la suite de l&rsquo;article&#13;<\/p>\n<p>\u00a0<\/p>\n<p>&#13;<br \/>\nDes bordures sur la route de la deuxi\u00e8me \u00e9tape&#13;<\/p>\n<p>Comme la veille, le d\u00e9but de course a \u00e9t\u00e9 relativement calme avec la formation d&rsquo;une \u00e9chapp\u00e9e de cinq coureurs :<strong>\u00a0Muhammad Nur Aiman Bin Rosli,\u00a0Zhe Yie Kee<\/strong>\u00a0(Terengganu Cycling Team), <strong>Federico Iacomoni<\/strong> (Team UKYO),\u00a0<strong>Mohammed Al-Wahibi et\u00a0Said Alrahbi<\/strong> (Oman). C&rsquo;est \u00e0 79 km de l&rsquo;arriv\u00e9e que la course a bascul\u00e9 avec les premi\u00e8res bordures de la journ\u00e9e, cette fois \u00e0 l&rsquo;initiative de <strong>Jan Christen <\/strong>et de la <strong>UAE Team Emirates XRG.<\/strong><\/p>\n<p>&#13;<\/p>\n<p style=\"text-align: center;\">\n<p>&#13;<\/p>\n<p>\u00a0<\/p>\n<p>&#13;<\/p>\n<p>Parmi les favoris du classement g\u00e9n\u00e9ral, seuls\u00a0<strong>Mark Donovan <\/strong>(Pinarello-Q36.5 Pro Cycling Team) et <strong>Alan Hatherly <\/strong>(Team Jayco AlUla) ont\u00a0\u00e9t\u00e9 pi\u00e9g\u00e9s, sans cons\u00e9quence puisqu&rsquo;apr\u00e8s 35 kilom\u00e8tres de chasse, la situation s&rsquo;est r\u00e9tablie. <strong>Mathias Bregnh\u00f8j <\/strong>(Terengganu Cycling Team) et <strong>Stefan de Bod <\/strong>(Modern Adventure Pro Cycling) ont bien tent\u00e9 de fausser compagnie au peloton, sans r\u00e9ussite. Le peloton s&rsquo;est donc mis en route pour disputer le sprint, en perdant au passage <strong>Phil Bauhaus <\/strong>et <strong>Fabio Jakobsen<\/strong>. Avec un train bien huil\u00e9 et parfaitement d\u00e9pos\u00e9 par <strong>Simone Consonni <\/strong>\u00e0 250 m de la ligne, <strong>Jonathan Milan <\/strong>a donc fini le travail en imposant toute sa puissance.<\/p>\n<p>AlUla Tour &#8211; Classement de la 2\u00e8 \u00e9tape AlUla Tour &#8211; Classement g\u00e9n\u00e9ral provisoire apr\u00e8s la 2\u00e8 \u00e9tape<\/p>\n","protected":false},"excerpt":{"rendered":"Au lendemain d&rsquo;une premi\u00e8re \u00e9tape marqu\u00e9e par un final tendu, la seconde \u00e9tape de l&rsquo;AlUla Tour a de&hellip;\n","protected":false},"author":2,"featured_media":695232,"comment_status":"","ping_status":"","sticky":false,"template":"","format":"standard","meta":{"footnotes":""},"categories":[1411],"tags":[75187,1154,207,211,1011,27,209,60,210,212,208,213],"class_list":{"0":"post-695231","1":"post","2":"type-post","3":"status-publish","4":"format-standard","5":"has-post-thumbnail","7":"category-cyclisme","8":"tag-alula-tour","9":"tag-cycling","10":"tag-cyclisme","11":"tag-ffc","12":"tag-fr","13":"tag-france","14":"tag-route","15":"tag-sports","16":"tag-tour-de-france","17":"tag-uci","18":"tag-velo","19":"tag-world-tour"},"share_on_mastodon":{"url":"https:\/\/pubeurope.com\/@fr\/115973353850865119","error":""},"_links":{"self":[{"href":"https:\/\/www.europesays.com\/fr\/wp-json\/wp\/v2\/posts\/695231","targetHints":{"allow":["GET"]}}],"collection":[{"href":"https:\/\/www.europesays.com\/fr\/wp-json\/wp\/v2\/posts"}],"about":[{"href":"https:\/\/www.europesays.com\/fr\/wp-json\/wp\/v2\/types\/post"}],"author":[{"embeddable":true,"href":"https:\/\/www.europesays.com\/fr\/wp-json\/wp\/v2\/users\/2"}],"replies":[{"embeddable":true,"href":"https:\/\/www.europesays.com\/fr\/wp-json\/wp\/v2\/comments?post=695231"}],"version-history":[{"count":0,"href":"https:\/\/www.europesays.com\/fr\/wp-json\/wp\/v2\/posts\/695231\/revisions"}],"wp:featuredmedia":[{"embeddable":true,"href":"https:\/\/www.europesays.com\/fr\/wp-json\/wp\/v2\/media\/695232"}],"wp:attachment":[{"href":"https:\/\/www.europesays.com\/fr\/wp-json\/wp\/v2\/media?parent=695231"}],"wp:term":[{"taxonomy":"category","embeddable":true,"href":"https:\/\/www.europesays.com\/fr\/wp-json\/wp\/v2\/categories?post=695231"},{"taxonomy":"post_tag","embeddable":true,"href":"https:\/\/www.europesays.com\/fr\/wp-json\/wp\/v2\/tags?post=695231"}],"curies":[{"name":"wp","href":"https:\/\/api.w.org\/{rel}","templated":true}]}}