{"id":695237,"date":"2026-01-28T15:10:13","date_gmt":"2026-01-28T15:10:13","guid":{"rendered":"https:\/\/www.europesays.com\/fr\/695237\/"},"modified":"2026-01-28T15:10:13","modified_gmt":"2026-01-28T15:10:13","slug":"les-nympheas-les-nenuphars-et-les-oeuvres-les-plus-iconiques-de-monet-maitre-absolu-de-limpressionnisme-pourront-bientot-sadmirer-a-lyon-dans-une-version-numerique","status":"publish","type":"post","link":"https:\/\/www.europesays.com\/fr\/695237\/","title":{"rendered":"Les Nymph\u00e9as, les N\u00e9nuphars et les oeuvres les plus iconiques de Monet, ma\u00eetre absolu de l\u2019impressionnisme, pourront bient\u00f4t s\u2019admirer \u00e0 Lyon dans une version num\u00e9rique"},"content":{"rendered":"<p>\t\t\t<a href=\"https:\/\/lyonsecret.com\/author\/clementine-ponsin\/\" rel=\"follow noopener\" target=\"_blank\"><img loading=\"lazy\" decoding=\"async\" alt=\"\" src=\"https:\/\/www.europesays.com\/fr\/wp-content\/uploads\/2025\/12\/IMG_9522_Facetune_09-11-2019-08-53-37-150x150.png\"  class=\"avatar avatar-40 photo\" height=\"40\" width=\"40\"\/><\/a><\/p>\n<p>\n\t\t\t\t\u00a0\u2013\u00a0<br \/>\n\t\t\t\tJournaliste Publir\u00e9dactionnelle\n\t\t\t<\/p>\n<p>\t\t\t\u00a0\u00b7\u00a0<br \/>\n\t\t\tjanvier 28, 2026<\/p>\n<p>Apr\u00e8s un succ\u00e8s foudroyant en Outre-Atlantique et en Europe, c\u2019est Lyon qui a l\u2019honneur de recevoir cette p\u00e9pite audiovisuelle. Bient\u00f4t, Studio 24, P\u00f4le PIXEL, accueillera <strong>Monet: The Immersive Experience<\/strong>. Au programme : une <strong>exposition \u00e0 360 degr\u00e9s<\/strong> m\u00ealant <strong>d\u00e9cors interactifs, projections de vid\u00e9o mapping, r\u00e9alit\u00e9 virtuelle<\/strong>\u2026 Tout pour plonger dans<strong> l\u2019univers pictural floral de cette figure majeure de l\u2019impressionnisme<\/strong>.<strong> Ouverture de la billetterie le 4 f\u00e9vrier<\/strong> 2026 \u00e0 12h. Inscrivez-vous sur la liste d\u2019attente pour b\u00e9n\u00e9ficier d\u2019un acc\u00e8s exclusif \u00e0 l\u2019ouverture de la billetterie !<\/p>\n<p><strong>L\u2019art sort litt\u00e9ralement du cadre avec Monet : l\u2019exp\u00e9rience immersive<\/strong><\/p>\n<p>On parle ici d\u2019un <strong>spectacle num\u00e9rique \u00e0 360 \u00b0<\/strong>, o\u00f9 projections, sons et images s\u2019unissent pour raconter la vie, les voyages et les inspirations de<strong> Claude Monet<\/strong> \u2013 des <strong>jardins de<\/strong> <strong>Giverny<\/strong> parfaitement recr\u00e9es avec leur <strong>clos normand<\/strong>, leur jardin d\u2019eau, leur <strong>pont japonais <\/strong>et leur glycine, aux rives scintillantes de la Seine, en passant par les c\u00e9l\u00e8bres <strong>Nymph\u00e9as<\/strong>. Tout est pens\u00e9 pour vous faire ressentir l\u2019\u0153uvre plut\u00f4t que de simplement la regarder.<\/p>\n<p>Le concept ? Oubliez les murs un peu froids d\u2019un mus\u00e9e classique : ici, les murs deviennent \u00e9crans, les sols s\u2019animent, et les couleurs sont plus vibrantes que jamais. L\u2019exp\u00e9rience promet de m\u00ealer <strong>\u00e9motion, po\u00e9sie et technologie<\/strong>. Des murs au sol, (venue) sera baign\u00e9 par la lumi\u00e8re \u00e9manant de <strong>l\u2019\u0153uvre de Claude Monet<\/strong>.<\/p>\n<p><img fetchpriority=\"high\" decoding=\"async\" width=\"1024\" height=\"683\" src=\"https:\/\/www.europesays.com\/fr\/wp-content\/uploads\/2026\/01\/BeFunky-collage-20-1024x683.jpg\" alt=\"\" class=\"wp-image-26367\"  \/><\/p>\n<p><strong>L\u2019art au service de la technologie : un dispositif num\u00e9rique in\u00e9dit\u00a0<\/strong><\/p>\n<p>L\u2019exposition\/exp\u00e9rience est organis\u00e9e par Exhibition Hub \u2013 cr\u00e9ateurs de Van Gogh: The Immersive Experience \u2013 et donne l\u2019occasion de d\u00e9couvrir l\u2019\u0153uvre de Monet dans une version 2.0. M\u00ealant \u00e0 la perfection <strong>art et technologie<\/strong>, gr\u00e2ce \u00e0 un <strong>dispositif alliant projections de vid\u00e9o-mapping et r\u00e9alit\u00e9 virtuelle, <\/strong>elle permet aux visiteurs de traverser le pont japonais en regardant les n\u00e9nuphars et leur reflet dans l\u2019\u00e9tang, d\u2019observer la valse des poissons japonais, de capturer la lumi\u00e8re de l\u2019aube, de se perdre \u00e0 travers des champs de coquelicot\u2026 Le tout sans bouger de Lyon.\u00a0<\/p>\n<p>Cette exp\u00e9rience contemplative invite \u00e9galement les participants \u00e0 s\u2019essayer \u00e0 la <strong>technique de l\u2019impressionnisme<\/strong>. Pointill\u00e9s, traits de pinceaux saccad\u00e9s de toutes les couleurs juxtapos\u00e9s\u2026 Les artistes en herbe ont aussi l\u2019occasion de mettre la th\u00e9orie en pratique en <strong>cr\u00e9ant leur propre \u0153uvre d\u2019art.<\/strong><\/p>\n<p>Bref, une vraie <strong>balade sensorielle dans l\u2019univers impressionniste<\/strong>, parfaite pour une sortie chill entre amis, un date arty, ou une sortie culturelle en famille.\u00a0<\/p>\n","protected":false},"excerpt":{"rendered":"\u00a0\u2013\u00a0 Journaliste Publir\u00e9dactionnelle \u00a0\u00b7\u00a0 janvier 28, 2026 Apr\u00e8s un succ\u00e8s foudroyant en Outre-Atlantique et en Europe, c\u2019est Lyon&hellip;\n","protected":false},"author":2,"featured_media":695238,"comment_status":"","ping_status":"","sticky":false,"template":"","format":"standard","meta":{"footnotes":""},"categories":[1358],"tags":[3734,1348,1384,1385,1386,58,59,13319,3293,31097,1011,27,11177],"class_list":{"0":"post-695237","1":"post","2":"type-post","3":"status-publish","4":"format-standard","5":"has-post-thumbnail","7":"category-arts-et-design","8":"tag-art","9":"tag-arts","10":"tag-arts-and-design","11":"tag-arts-et-design","12":"tag-design","13":"tag-divertissement","14":"tag-entertainment","15":"tag-experience-immersive","16":"tag-exposition","17":"tag-fever","18":"tag-fr","19":"tag-france","20":"tag-monet"},"share_on_mastodon":{"url":"https:\/\/pubeurope.com\/@fr\/115973365704176845","error":""},"_links":{"self":[{"href":"https:\/\/www.europesays.com\/fr\/wp-json\/wp\/v2\/posts\/695237","targetHints":{"allow":["GET"]}}],"collection":[{"href":"https:\/\/www.europesays.com\/fr\/wp-json\/wp\/v2\/posts"}],"about":[{"href":"https:\/\/www.europesays.com\/fr\/wp-json\/wp\/v2\/types\/post"}],"author":[{"embeddable":true,"href":"https:\/\/www.europesays.com\/fr\/wp-json\/wp\/v2\/users\/2"}],"replies":[{"embeddable":true,"href":"https:\/\/www.europesays.com\/fr\/wp-json\/wp\/v2\/comments?post=695237"}],"version-history":[{"count":0,"href":"https:\/\/www.europesays.com\/fr\/wp-json\/wp\/v2\/posts\/695237\/revisions"}],"wp:featuredmedia":[{"embeddable":true,"href":"https:\/\/www.europesays.com\/fr\/wp-json\/wp\/v2\/media\/695238"}],"wp:attachment":[{"href":"https:\/\/www.europesays.com\/fr\/wp-json\/wp\/v2\/media?parent=695237"}],"wp:term":[{"taxonomy":"category","embeddable":true,"href":"https:\/\/www.europesays.com\/fr\/wp-json\/wp\/v2\/categories?post=695237"},{"taxonomy":"post_tag","embeddable":true,"href":"https:\/\/www.europesays.com\/fr\/wp-json\/wp\/v2\/tags?post=695237"}],"curies":[{"name":"wp","href":"https:\/\/api.w.org\/{rel}","templated":true}]}}