{"id":695285,"date":"2026-01-28T15:35:11","date_gmt":"2026-01-28T15:35:11","guid":{"rendered":"https:\/\/www.europesays.com\/fr\/695285\/"},"modified":"2026-01-28T15:35:11","modified_gmt":"2026-01-28T15:35:11","slug":"opticienne-honorine-est-partie-en-guinee-pour-ameliorer-lacces-a-la-sante-visuelle","status":"publish","type":"post","link":"https:\/\/www.europesays.com\/fr\/695285\/","title":{"rendered":"opticienne, Honorine est partie en Guin\u00e9e pour am\u00e9liorer l&rsquo;acc\u00e8s \u00e0 la sant\u00e9 visuelle"},"content":{"rendered":"<p>                    Par<br \/>\n        <strong><br \/>\n            <a href=\"https:\/\/actu.fr\/auteur\/journaliste-lachronique\" title=\"Consulter tous les articles de R\u00e9daction Foug\u00e8res\" target=\"_blank\" rel=\"noopener\">R\u00e9daction Foug\u00e8res<\/a><br \/>\n                    <\/strong><\/p>\n<p>        Publi\u00e9 le<\/p>\n<p>            28 janv. 2026 \u00e0 14h56        <\/p>\n<p>En novembre dernier, <b>Honorine<\/b>,<b> opticienne au magasin Krys <\/b>de<a href=\"https:\/\/actu.fr\/la-chronique-republicaine\/\" target=\"_blank\" rel=\"noopener\"> L\u00e9cousse<\/a> <b>(Ille-et-Vilaine),<\/b> est partie \u00e0\u00a0 <b>Conakry<\/b> pour une <b>action humanitaire<\/b> d\u2019une semaine afin d\u2019am\u00e9liorer<b> l\u2019acc\u00e8s aux soins oculaires<\/b> de la population locale. \u00ab\u00a0Avec mes coll\u00e8gues Candice de Bordeaux et Islem de Paris, nous sommes all\u00e9s sur place pour rencontrer les \u00e9quipes form\u00e9es aux examens de vue, les aider \u00e0 gagner en rapidit\u00e9 et \u00e0 \u00eatre autonomes\u00a0\u00bb .<\/p>\n<p>\u00ab\u00a0Nous avons d\u00fb proc\u00e9der \u00e0 l\u2019ancienne\u00a0\u00bb<\/p>\n<p class=\" wall-content\">Les trois opticiens ont \u00e9galement apport\u00e9 des montures \u00ab \u00a0plus adapt\u00e9es \u00e0 la morphologie des habitants \u00bb ainsi que des lunettes fournies par l\u2019ONG Voir la vie, partenaire du projet.<\/p>\n<p class=\" wall-content\">La jeune femme, qui souhaitait faire un voyage humanitaire dans le cadre de sa profession, a accept\u00e9 avec joie de partir en Afrique. Si la mission en elle-m\u00eame correspondait bien \u00e0 ce qu\u2019elle imaginait, elle a toutefois d\u00fb faire face \u00e0 quelques impr\u00e9vus.<\/p>\n<blockquote class=\"ac-article-quote wall-content\">\n<p>Nous pensions disposer l\u00e0-bas d\u2019une machine appel\u00e9e t\u00eate de r\u00e9fracteur, mais celle qu\u2019ils avaient \u00e9tait cass\u00e9e en trois morceaux et nous avons d\u00fb proc\u00e9der \u00e0 l\u2019ancienne, avec des lunettes d\u2019essai et pas mal de verres manquants.<\/p>\n<p>Honorine<\/p><\/blockquote>\n<p>Une aventure humaine marquante<br \/>\n    <img   decoding=\"async\" loading=\"lazy\" class=\"size-large\" src=\"https:\/\/www.europesays.com\/fr\/wp-content\/uploads\/2026\/01\/6bd7671c9e6965fd7671c9e6933e76v-773x640.jpeg\" alt=\"Screenshot\" width=\"773\" height=\"640\"\/><br \/>\n    Honorine a aussi pu nouer des liens avec la population locale. \u00a9DR<\/p>\n<p class=\" wall-content\"><b>L\u2019exp\u00e9rience <\/b>permet \u00e0 Honorine de mesurer \u00e0 quel point elle travaille dans de bonnes conditions dans le magasin de L\u00e9cousse. \u00ab \u00a0\u00c7a remet les pieds sur terre. L\u00e0-bas, ils font avec les moyens du bord, tout est compliqu\u00e9. \u00bb<\/p>\n<p class=\" wall-content\">L\u2019opticienne s\u2019est toutefois sentie utile, et pense avoir donn\u00e9 de bons conseils pour que l\u2019\u00e9quipe locale gagne en efficacit\u00e9.<\/p>\n<p class=\" wall-content\"><b>Humainement <\/b>et sur le plan personnel, c\u2019est un voyage qui restera <b>grav\u00e9 dans sa m\u00e9moire<\/b>.<\/p>\n<p>Votre r\u00e9gion, votre actu !<\/p>\n<p>Recevez chaque jour les infos qui comptent pour vous.<\/p>\n<p>\t<a href=\"https:\/\/actu.fr\/newsletter\" class=\"ac-btn ac-btn--corner ac-btn--medium ac-btn--blue800\" target=\"_blank\" rel=\"noopener\">S&rsquo;incrire<\/a><\/p>\n<blockquote class=\"ac-article-quote wall-content\">\n<p>J\u2019ai notamment pris conscience de l\u2019importance de la nourriture. En Guin\u00e9e, ils n\u2019ont pas assez \u00e0 manger. Depuis mon retour, je fais tr\u00e8s attention \u00e0 ne rien g\u00e2cher et \u00e0 ne pas jeter.<\/p>\n<p>Honorine<\/p><\/blockquote>\n<p class=\" wall-content\">Rentr\u00e9e depuis quelques semaines, Honorine reste en contact avec certaines personnes rencontr\u00e9es \u00e0 Conakry. \u00ab \u00a0On se donne des nouvelles par Whatsapp, comme le font les amis. J\u2019esp\u00e8re pouvoir un jour participer \u00e0 un nouveau voyage.\u00bb<\/p>\n<p class=\" wall-content\">Deux missions suppl\u00e9mentaires sont programm\u00e9es en 2026, \u00e0 Bok\u00e9 et \u00e0 Kindia.<\/p>\n<p class=\" wall-content\">Personnalisez votre actualit\u00e9 en ajoutant vos villes et m\u00e9dias en favori avec <a href=\"https:\/\/moncompte.actu.fr\" title=\"D\u00e9couvez Mon Actu\" rel=\"nofollow noopener\" data-trk=\"{&quot;cta&quot;:{&quot;action&quot;:&quot;https:\\\/\\\/moncompte.actu.fr&quot;,&quot;category&quot;:&quot;mon compte&quot;,&quot;from&quot;:&quot;article footer&quot;,&quot;name&quot;:&quot;Mon actu&quot;,&quot;type&quot;:&quot;cta&quot;}}\" target=\"_blank\">Mon Actu<\/a>.<\/p>\n","protected":false},"excerpt":{"rendered":"Par R\u00e9daction Foug\u00e8res Publi\u00e9 le 28 janv. 2026 \u00e0 14h56 En novembre dernier, Honorine, opticienne au magasin Krys&hellip;\n","protected":false},"author":2,"featured_media":695286,"comment_status":"","ping_status":"","sticky":false,"template":"","format":"standard","meta":{"footnotes":""},"categories":[2821],"tags":[1111,11,829,9439,1777,674,1011,27,12,584,25,71,104,3400],"class_list":{"0":"post-695285","1":"post","2":"type-post","3":"status-publish","4":"format-standard","5":"has-post-thumbnail","7":"category-rennes","8":"tag-actu","9":"tag-actualites","10":"tag-bretagne","11":"tag-bretagne-nord","12":"tag-eu","13":"tag-europe","14":"tag-fr","15":"tag-france","16":"tag-news","17":"tag-rennes","18":"tag-republique-francaise","19":"tag-sante","20":"tag-societe","21":"tag-solidarite"},"share_on_mastodon":{"url":"https:\/\/pubeurope.com\/@fr\/115973464130215488","error":""},"_links":{"self":[{"href":"https:\/\/www.europesays.com\/fr\/wp-json\/wp\/v2\/posts\/695285","targetHints":{"allow":["GET"]}}],"collection":[{"href":"https:\/\/www.europesays.com\/fr\/wp-json\/wp\/v2\/posts"}],"about":[{"href":"https:\/\/www.europesays.com\/fr\/wp-json\/wp\/v2\/types\/post"}],"author":[{"embeddable":true,"href":"https:\/\/www.europesays.com\/fr\/wp-json\/wp\/v2\/users\/2"}],"replies":[{"embeddable":true,"href":"https:\/\/www.europesays.com\/fr\/wp-json\/wp\/v2\/comments?post=695285"}],"version-history":[{"count":0,"href":"https:\/\/www.europesays.com\/fr\/wp-json\/wp\/v2\/posts\/695285\/revisions"}],"wp:featuredmedia":[{"embeddable":true,"href":"https:\/\/www.europesays.com\/fr\/wp-json\/wp\/v2\/media\/695286"}],"wp:attachment":[{"href":"https:\/\/www.europesays.com\/fr\/wp-json\/wp\/v2\/media?parent=695285"}],"wp:term":[{"taxonomy":"category","embeddable":true,"href":"https:\/\/www.europesays.com\/fr\/wp-json\/wp\/v2\/categories?post=695285"},{"taxonomy":"post_tag","embeddable":true,"href":"https:\/\/www.europesays.com\/fr\/wp-json\/wp\/v2\/tags?post=695285"}],"curies":[{"name":"wp","href":"https:\/\/api.w.org\/{rel}","templated":true}]}}