{"id":69531,"date":"2025-05-02T14:36:14","date_gmt":"2025-05-02T14:36:14","guid":{"rendered":"https:\/\/www.europesays.com\/fr\/69531\/"},"modified":"2025-05-02T14:36:14","modified_gmt":"2025-05-02T14:36:14","slug":"beye-confirme-avoir-ete-prolonge-a-rennes","status":"publish","type":"post","link":"https:\/\/www.europesays.com\/fr\/69531\/","title":{"rendered":"Beye confirme avoir \u00e9t\u00e9 prolong\u00e9 \u00e0 Rennes"},"content":{"rendered":"<p><a href=\"https:\/\/rmcsport.bfmtv.com\/football\/ligue-1\/sortez-de-votre-fauteuil-beye-defend-govou-et-repond-aux-detracteurs_VN-202505020441.html\" rel=\"nofollow noopener\" target=\"_blank\" data-ylk=\"slk:Habib Beye;elm:context_link;itc:0;sec:content-canvas\" class=\"link \">Habib Beye<\/a> a confirm\u00e9, vendredi 2 mai, que son contrat avec le Stade Rennais avait \u00e9t\u00e9 automatiquement prolong\u00e9 d&rsquo;une saison, jusqu&rsquo;en 2026, apr\u00e8s le maintien du club en Ligue 1.<br \/><a href=\"https:\/\/fr.news.yahoo.com\/sport\/mercato-habib-beye-va-bien-142257621.html\" data-ylk=\"slk:Arriv\u00e9 fin janvier \u00e0 la t\u00eate des Rouge et Noir;elm:context_link;itc:0;sec:content-canvas;outcm:mb_qualified_link;_E:mb_qualified_link;ct:story;\" class=\"link  yahoo-link\" rel=\"nofollow noopener\" target=\"_blank\">Arriv\u00e9 fin janvier \u00e0 la t\u00eate des Rouge et Noir<\/a>, l&rsquo;ancien d\u00e9fenseur franco-s\u00e9n\u00e9galais avait \u00e9t\u00e9 nomm\u00e9 jusqu&rsquo;\u00e0 la fin de l&rsquo;actuelle saison avec une ann\u00e9e suppl\u00e9mentaire en option, li\u00e9e \u00e0 une condition qui n&rsquo;avaient jamais \u00e9t\u00e9 confirm\u00e9e officiellement.<\/p>\n<p>\u00ab\u00a0Oui, c&rsquo;est officiel\u00a0\u00bb<\/p>\n<p>\u00ab\u00a0Ma clause, elle est claire, vous la connaissez, si le club est en Ligue 1, j&rsquo;ai un an de contrat automatique (donc) oui, c&rsquo;est officiel\u00a0\u00bb, a-t-il r\u00e9pondu \u00e0 la presse lors d&rsquo;une conf\u00e9rence de presse avant un d\u00e9placement \u00e0 Toulouse, dimanche, pour le compte de la 32e journ\u00e9e.<\/p>\n<p>Avec 10 points d&rsquo;avance sur Le Havre, 16e et barragiste virtuel, \u00e0 trois journ\u00e9es de la fin, Rennes est math\u00e9matiquement assur\u00e9 d&rsquo;une 32e saison cons\u00e9cutive parmi l&rsquo;\u00e9lite, la 3e plus longue pr\u00e9sence derri\u00e8re le Paris Saint-Germain (52e saison) et Lyon (37e).<br \/>Beye, qui avait offici\u00e9 auparavant <a href=\"https:\/\/rmcsport.bfmtv.com\/football\/transferts\/le-red-star-m-a-manque-de-respect-la-rancoeur-de-cheikh-ndoye_VN-202504170497.html\" rel=\"nofollow noopener\" target=\"_blank\" data-ylk=\"slk:au Red Star;elm:context_link;itc:0;sec:content-canvas\" class=\"link \">au Red Star<\/a>, qu&rsquo;il avait emmen\u00e9 de National en Ligue 2, <a href=\"https:\/\/fr.news.yahoo.com\/sport\/rennes-attentes-nont-%C3%A9t%C3%A9-satisfaites-131246991.html\" data-ylk=\"slk:a succ\u00e9d\u00e9 \u00e0 Jorge Sampaoli;elm:context_link;itc:0;sec:content-canvas;outcm:mb_qualified_link;_E:mb_qualified_link;ct:story;\" class=\"link  yahoo-link\" rel=\"nofollow noopener\" target=\"_blank\">a succ\u00e9d\u00e9 \u00e0 Jorge Sampaoli<\/a>, qui avait lui-m\u00eame pris la place de Julien Stephan quelques semaines plus t\u00f4t. Sous ses ordres, Rennes a remport\u00e9 sept matches de championnat et en a perdu cinq, ce qui ne lui a pas permis de remonter plus haut que sa 11e place actuelle.<\/p>\n<p><a href=\"https:\/\/rmcsport.bfmtv.com\/football\/ligue-1\/mercato-beye-confirme-avoir-ete-prolonge-a-rennes_AV-202505020513.html#xtor=AL-68\" rel=\"nofollow noopener\" target=\"_blank\" data-ylk=\"slk:Article original publi\u00e9 sur RMC Sport;elm:context_link;itc:0;sec:content-canvas\" class=\"link \">Article original publi\u00e9 sur RMC Sport<\/a><\/p>\n","protected":false},"excerpt":{"rendered":"Habib Beye a confirm\u00e9, vendredi 2 mai, que son contrat avec le Stade Rennais avait \u00e9t\u00e9 automatiquement prolong\u00e9&hellip;\n","protected":false},"author":2,"featured_media":69532,"comment_status":"","ping_status":"","sticky":false,"template":"","format":"standard","meta":{"footnotes":""},"categories":[2821],"tags":[1111,11,829,1153,2883,1777,674,1011,27,17173,2428,12,91,584,25,2312],"class_list":{"0":"post-69531","1":"post","2":"type-post","3":"status-publish","4":"format-standard","5":"has-post-thumbnail","7":"category-rennes","8":"tag-actu","9":"tag-actualites","10":"tag-bretagne","11":"tag-conference-de-presse","12":"tag-ete","13":"tag-eu","14":"tag-europe","15":"tag-fr","16":"tag-france","17":"tag-habib-beye","18":"tag-lyon","19":"tag-news","20":"tag-paris-saint-germain","21":"tag-rennes","22":"tag-republique-francaise","23":"tag-toulouse"},"share_on_mastodon":{"url":"https:\/\/pubeurope.com\/@fr\/114438745930399027","error":""},"_links":{"self":[{"href":"https:\/\/www.europesays.com\/fr\/wp-json\/wp\/v2\/posts\/69531","targetHints":{"allow":["GET"]}}],"collection":[{"href":"https:\/\/www.europesays.com\/fr\/wp-json\/wp\/v2\/posts"}],"about":[{"href":"https:\/\/www.europesays.com\/fr\/wp-json\/wp\/v2\/types\/post"}],"author":[{"embeddable":true,"href":"https:\/\/www.europesays.com\/fr\/wp-json\/wp\/v2\/users\/2"}],"replies":[{"embeddable":true,"href":"https:\/\/www.europesays.com\/fr\/wp-json\/wp\/v2\/comments?post=69531"}],"version-history":[{"count":0,"href":"https:\/\/www.europesays.com\/fr\/wp-json\/wp\/v2\/posts\/69531\/revisions"}],"wp:featuredmedia":[{"embeddable":true,"href":"https:\/\/www.europesays.com\/fr\/wp-json\/wp\/v2\/media\/69532"}],"wp:attachment":[{"href":"https:\/\/www.europesays.com\/fr\/wp-json\/wp\/v2\/media?parent=69531"}],"wp:term":[{"taxonomy":"category","embeddable":true,"href":"https:\/\/www.europesays.com\/fr\/wp-json\/wp\/v2\/categories?post=69531"},{"taxonomy":"post_tag","embeddable":true,"href":"https:\/\/www.europesays.com\/fr\/wp-json\/wp\/v2\/tags?post=69531"}],"curies":[{"name":"wp","href":"https:\/\/api.w.org\/{rel}","templated":true}]}}