{"id":695313,"date":"2026-01-28T15:51:14","date_gmt":"2026-01-28T15:51:14","guid":{"rendered":"https:\/\/www.europesays.com\/fr\/695313\/"},"modified":"2026-01-28T15:51:14","modified_gmt":"2026-01-28T15:51:14","slug":"10-ans-de-prison-requis-contre-karim-harrat-baron-presume-de-la-drogue","status":"publish","type":"post","link":"https:\/\/www.europesays.com\/fr\/695313\/","title":{"rendered":"10 ans de prison requis contre Karim Harrat, baron pr\u00e9sum\u00e9 de la drogue"},"content":{"rendered":"<p>\n    La peine maximale a \u00e9t\u00e9 requise envers le mis en cause, jug\u00e9 pour la premi\u00e8re fois depuis son extradition du Maroc. L\u2019homme est accus\u00e9 d\u2019avoir pilot\u00e9 depuis les \u00c9mirats arabes unis des r\u00e9seaux de trafic de stup\u00e9fiants.<\/p>\n<p class=\"fig-paragraph\">La peine maximale de 10 ans de prison avec une mesure de s\u00fbret\u00e9 des deux tiers et une amende de 500.000 euros ont \u00e9t\u00e9 requises mercredi contre\u00a0<a href=\"http:\/\/www.lefigaro.fr\/marseille\/personne-ne-m-a-appele-en-face-le-rent-a-la-barre-les-denegations-de-karim-harrat-baron-presume-du-narcotrafic-marseillais-20260127\" data-fig-type=\"NewsFlash\" data-gtm-custom-categorie=\"navigation\" data-gtm-custom-action=\"crossclick\" data-gtm-custom-label=\"Contextuel\" data-gtm-event=\"customEventSPE\" data-fig-domain=\"LEFIGARO\" target=\"_blank\" rel=\"noopener\">Karim Harrat<\/a>, 37 ans, d\u00e9sign\u00e9 comme \u00able chef d&rsquo;une organisation criminelle mafieuse parfaitement hi\u00e9rarchis\u00e9e\u00bb.<\/p>\n<p class=\"fig-paragraph\"><a href=\"http:\/\/www.lefigaro.fr\/marseille\/dubai-reglement-de-comptes-et-trahisons-premier-proces-pour-karim-harrat-baron-du-narcotrafic-marseillais-20260126\" data-fig-type=\"NewsFlash\" data-gtm-custom-categorie=\"navigation\" data-gtm-custom-action=\"crossclick\" data-gtm-custom-label=\"Contextuel\" data-gtm-event=\"customEventSPE\" data-fig-domain=\"LEFIGARO\" target=\"_blank\" rel=\"noopener\">Karim Harrat<\/a>, 37 ans, \u00abbas\u00e9 \u00e0 l&rsquo;\u00e9tranger, a fait arriver \u00e0 Marseille des quantit\u00e9s pl\u00e9thoriques de cannabis et de coca\u00efne pour abonder ses propres r\u00e9seaux et ceux d&rsquo;alli\u00e9s ou d&rsquo;amis, notamment dans la r\u00e9gion ni\u00e7oise\u00bb, selon la procureur.<\/p>\n<p>                                            <a class=\"fig-a11y-skip\" href=\"#fig-a11y-skip-main-inarticle\" data-module=\"a11y-skip\" data-context=\"was @visible\"><br \/>\n    Passer la publicit\u00e9<br \/>\n<\/a>            <\/p>\n<p class=\"fig-paragraph\">Devant le tribunal correctionnel, ce Marseillais qui s&rsquo;\u00e9tait exil\u00e9 \u00e0\u00a0<a href=\"http:\/\/www.lefigaro.fr\/conjoncture\/j-ai-senti-que-mon-avenir-etait-ici-a-dubai-les-francais-continuent-d-affluer-pour-s-offrir-un-nouveau-depart-20260111\" data-fig-type=\"Article\" data-gtm-custom-categorie=\"navigation\" data-gtm-custom-action=\"crossclick\" data-gtm-custom-label=\"Contextuel\" data-gtm-event=\"customEventSPE\" data-fig-domain=\"LEFIGARO\" target=\"_blank\" rel=\"noopener\">Duba\u00ef\u00a0<\/a>avait contest\u00e9 mardi la moindre implication dans le trafic. \u00c9voquant \u00abun r\u00e9veil douloureux\u00bb pour les pr\u00e9venus apr\u00e8s le d\u00e9chiffrage par les polices europ\u00e9ennes de la messagerie Sky ECC, crypt\u00e9e et r\u00e9put\u00e9e inviolable, les messages \u00e9chang\u00e9s ont \u00e9t\u00e9 analys\u00e9s par l&rsquo;accusation comme \u00abune plong\u00e9e abyssale dans les arcanes de la criminalit\u00e9 organis\u00e9e\u00bb.<\/p>\n<p>                                            \u00abUne gestion \u00e0 la dure\u00bb<\/p>\n<p class=\"fig-paragraph\">Les messages jug\u00e9s par la procureur \u00abtellement limpides, tellement probatoires\u00bb, mettent en \u00e9vidence une gestion au quotidien\u00a0: approvisionnements, livraisons, r\u00e9cup\u00e9ration d&rsquo;argent.<\/p>\n<p class=\"fig-paragraph\">Le dossier refl\u00e8te aussi la \u00abfolie des grandeurs du chef, son envie d&rsquo;\u00eatre le plus grand, le plus fort\u00bb, a dit la procureur, citant un des messages\u00a0: \u00abLa ville de Marseille m&rsquo;appartient. Personne ne peut m&rsquo;arr\u00eater. Je veux tout le monde au garde \u00e0 vous, m\u00eame le g\u00e9rant\u00a0!\u00bb<\/p>\n<p class=\"fig-paragraph\">Les \u00e9changes traduisent aussi, selon elle, \u00abune gestion \u00e0 la dure\u00bb avec la menace de \u00abrafaler un commissariat ou une voiture de police\u00bb, ou bien le risque pour un employ\u00e9 dont on veut se s\u00e9parer de se retrouver nu et tortur\u00e9 dans une cave, \u00abfilm\u00e9 pour servir d&rsquo;exemple aux autres\u00bb.<\/p>\n<p>                                            Les avocats de Karim Harrat plaideront la relaxe<\/p>\n<p class=\"fig-paragraph\">Elle a estim\u00e9 qu&rsquo;en niant \u00eatre surnomm\u00e9 \u00abLe Rant\u00bb, surnom associ\u00e9 aux trois t\u00e9l\u00e9phones utilis\u00e9s par le patron de l&rsquo;organisation, Karim Harrat \u00abnie l&rsquo;\u00e9vidence tant les \u00e9l\u00e9ments apport\u00e9s attestent incontestablement l&rsquo;attribution de ces t\u00e9l\u00e9phones\u00bb.<\/p>\n<p>                                            <a class=\"fig-a11y-skip\" href=\"#fig-a11y-skip-main-inarticle_mtf\" data-module=\"a11y-skip\" data-context=\"was @visible\"><br \/>\n    Passer la publicit\u00e9<br \/>\n<\/a>            <\/p>\n<p class=\"fig-paragraph\">Elle a requis sept ans de prison contre trois autres pr\u00e9venus, cadres de l&rsquo;organisation, interlocuteurs et relais marseillais de Karim Harrat, dont l&rsquo;un avait introduit sur la place marseillaise la technologie Sky ECC aupr\u00e8s de narcotrafiquants.<\/p>\n<p class=\"fig-paragraph\">Ce r\u00f4le lui vaudra de compara\u00eetre \u00e0 l&rsquo;automne devant la cour d&rsquo;assises de Paris qui jugera les responsables de Sky ECC. Alors que celui-ci a \u00e9t\u00e9 remis en libert\u00e9, son avocat, Me Karim Bouguessa, a exhort\u00e9 le tribunal de ne pas le renvoyer en prison, le jeune homme ayant tourn\u00e9 la page en reconnaissant son r\u00f4le.<\/p>\n<p class=\"fig-paragraph\">Une peine de 10 ans de prison avec une mesure de s\u00fbret\u00e9 aux deux tiers et une amende de 300.000 euros ont \u00e9t\u00e9 r\u00e9clam\u00e9es contre le correspondant ni\u00e7ois du r\u00e9seau, qui avait pris la fuite avant d&rsquo;\u00eatre interpell\u00e9. Les trois avocats de Karim Harrat devaient ensuite plaider la relaxe.<\/p>\n","protected":false},"excerpt":{"rendered":"La peine maximale a \u00e9t\u00e9 requise envers le mis en cause, jug\u00e9 pour la premi\u00e8re fois depuis son&hellip;\n","protected":false},"author":2,"featured_media":695314,"comment_status":"","ping_status":"","sticky":false,"template":"","format":"standard","meta":{"footnotes":""},"categories":[2814],"tags":[1111,11,1777,674,1011,27,884,8721,12,882,25,887],"class_list":{"0":"post-695313","1":"post","2":"type-post","3":"status-publish","4":"format-standard","5":"has-post-thumbnail","7":"category-marseille","8":"tag-actu","9":"tag-actualites","10":"tag-eu","11":"tag-europe","12":"tag-fr","13":"tag-france","14":"tag-marseille","15":"tag-narcotrafic","16":"tag-news","17":"tag-provence-alpes-cote-dazur","18":"tag-republique-francaise","19":"tag-trafic-de-drogue"},"share_on_mastodon":{"url":"https:\/\/pubeurope.com\/@fr\/115973526936012330","error":""},"_links":{"self":[{"href":"https:\/\/www.europesays.com\/fr\/wp-json\/wp\/v2\/posts\/695313","targetHints":{"allow":["GET"]}}],"collection":[{"href":"https:\/\/www.europesays.com\/fr\/wp-json\/wp\/v2\/posts"}],"about":[{"href":"https:\/\/www.europesays.com\/fr\/wp-json\/wp\/v2\/types\/post"}],"author":[{"embeddable":true,"href":"https:\/\/www.europesays.com\/fr\/wp-json\/wp\/v2\/users\/2"}],"replies":[{"embeddable":true,"href":"https:\/\/www.europesays.com\/fr\/wp-json\/wp\/v2\/comments?post=695313"}],"version-history":[{"count":0,"href":"https:\/\/www.europesays.com\/fr\/wp-json\/wp\/v2\/posts\/695313\/revisions"}],"wp:featuredmedia":[{"embeddable":true,"href":"https:\/\/www.europesays.com\/fr\/wp-json\/wp\/v2\/media\/695314"}],"wp:attachment":[{"href":"https:\/\/www.europesays.com\/fr\/wp-json\/wp\/v2\/media?parent=695313"}],"wp:term":[{"taxonomy":"category","embeddable":true,"href":"https:\/\/www.europesays.com\/fr\/wp-json\/wp\/v2\/categories?post=695313"},{"taxonomy":"post_tag","embeddable":true,"href":"https:\/\/www.europesays.com\/fr\/wp-json\/wp\/v2\/tags?post=695313"}],"curies":[{"name":"wp","href":"https:\/\/api.w.org\/{rel}","templated":true}]}}