{"id":695337,"date":"2026-01-28T16:04:11","date_gmt":"2026-01-28T16:04:11","guid":{"rendered":"https:\/\/www.europesays.com\/fr\/695337\/"},"modified":"2026-01-28T16:04:11","modified_gmt":"2026-01-28T16:04:11","slug":"lallemagne-abaisse-ses-perspectives-de-croissance-un-signal-inquietant-pour-la-france","status":"publish","type":"post","link":"https:\/\/www.europesays.com\/fr\/695337\/","title":{"rendered":"L&rsquo;Allemagne abaisse ses perspectives de croissance, un signal inqui\u00e9tant pour la France"},"content":{"rendered":"<p>Mauvaise nouvelle pour Berlin. Le gouvernement de la premi\u00e8re \u00e9conomie d&rsquo;Europe a r\u00e9vis\u00e9 <a href=\"https:\/\/www.latribune.fr\/article\/economie\/1682657544413\/croissance-en-allemagne-le-moteur-economique-de-l-ue-sort-timidement-la-tete-de-leau?id=1682657544413\" target=\"_blank\" article-id=\"1682657544413\" rel=\"nofollow noopener\">\u00e0 la baisse sa croissance<\/a>. Il table d\u00e9sormais sur un produit int\u00e9rieur brut (PIB) en progression de 1,0 % cette ann\u00e9e, contre 1,3 % pr\u00e9c\u00e9demment. Cela resterait toutefois nettement sup\u00e9rieur au 0,2 % enregistr\u00e9 en 2025, qui a fait suite \u00e0 deux ann\u00e9es cons\u00e9cutives de contraction. La croissance du PIB en 2027 est pour sa part d\u00e9sormais pr\u00e9vue \u00e0 1,3 %, contre 1,4 % pr\u00e9c\u00e9demment.<\/p>\n<p>\u00ab\u2009Les impulsions attendues [&#8230;] ne se sont pas concr\u00e9tis\u00e9es aussi rapidement et dans la mesure que nous l&rsquo;avions pr\u00e9vu\u2009\u00bb, malgr\u00e9 une \u00ab\u2009reprise significative\u2009\u00bb, a expliqu\u00e9 la ministre de l&rsquo;\u00c9conomie, Katherina Reiche, lors d&rsquo;une conf\u00e9rence de presse.<\/p>\n<p>En 2026, les mesures fiscales mises en \u0153uvre par le gouvernement devraient contribuer \u00e0 hauteur d&rsquo;environ deux tiers de point de pourcentage \u00e0 la croissance du PIB, selon le rapport du minist\u00e8re de l&rsquo;\u00c9conomie. Des \u00e9conomistes et des organisations patronales avertissent cependant que le seul paquet fiscal ne suffira pas \u00e0 garantir une croissance durable et appellent \u00e0 des r\u00e9formes structurelles plus ambitieuses.<\/p>\n<p>Alors que le Parlement allemand a approuv\u00e9 en mars un fonds sp\u00e9cial de 500 milliards d&rsquo;euros pour les infrastructures, seuls 24 milliards avaient \u00e9t\u00e9 investis \u00e0 la fin de l&rsquo;ann\u00e9e 2025, ce qui refl\u00e8te la lenteur du processus d\u00e9cisionnel dans le syst\u00e8me f\u00e9d\u00e9ral du pays.<\/p>\n<p>Cette mauvaise nouvelle en Allemande pourrait avoir des cons\u00e9quences outre-rhin. En effet, l\u2019Allemagne est le moteur \u00e9conomique de la zone euro et commerce beaucoup avec la France, ce qui participe \u00e0 stimuler son \u00e9conomie. Ainsi, l\u2019Allemagne est \u00e0 la fois le premier client et le premier fournisseur de la France\u00a0: elle repr\u00e9sente 13,2% des exportations fran\u00e7aises (contre 13,8% en 2023), devant les \u00c9tats-Unis et l\u2019Italie (\u00e0 8,2% chacun en 2024) et 12,6% des importations fran\u00e7aises (comme en 2023), devant la Chine (\u00e0 10,3% en 2024).<\/p>\n<p>Le ralentissement allemand risque-t-il de toucher la France ? L&rsquo;ex\u00e9cutif fran\u00e7ais pr\u00e9voit un d\u00e9ficit de 5 % en 2026. Sauf que cette pr\u00e9vision est tr\u00e8s d\u00e9pendante de la hausse du PIB. Moins de croissance signifie moins de rentr\u00e9es fiscales et donc un d\u00e9ficit plus important que pr\u00e9vu.<\/p>\n<p>Pour le moment, selon la Banque de France, la croissance du produit int\u00e9rieur brut (PIB) devrait atteindre 0,9 % en 2025. \u00ab L\u2019activit\u00e9 est rest\u00e9e soutenue dans l\u2019industrie manufacturi\u00e8re. L&rsquo;a\u00e9ronautique et la d\u00e9fense ont pouss\u00e9 l\u2019industrie vers le haut \u00bb, avait indiqu\u00e9 Olivier Garnier, directeur des \u00e9tudes \u00e0 la Banque de France, lors d\u2019un point presse d\u00e9but janvier.<\/p>\n","protected":false},"excerpt":{"rendered":"Mauvaise nouvelle pour Berlin. Le gouvernement de la premi\u00e8re \u00e9conomie d&rsquo;Europe a r\u00e9vis\u00e9 \u00e0 la baisse sa croissance.&hellip;\n","protected":false},"author":2,"featured_media":695338,"comment_status":"","ping_status":"","sticky":false,"template":"","format":"standard","meta":{"footnotes":"","_share_on_mastodon":"0"},"categories":[1587],"tags":[5734,79086,11,672,1804,913,1805,1803,33,1777,674,27,1801,25459,3442,12,48106,1802,931],"class_list":["post-695337","post","type-post","status-publish","format-standard","has-post-thumbnail","category-allemagne","tag-5734","tag-abaisse","tag-actualites","tag-allemagne","tag-bundesrepublik-deutschland","tag-croissance","tag-de","tag-deutschland","tag-economie","tag-eu","tag-europe","tag-france","tag-germany","tag-inquietant","tag-lallemagne","tag-news","tag-perspectives","tag-republique-federale-dallemagne","tag-signal"],"share_on_mastodon":{"url":"https:\/\/pubeurope.com\/@fr\/115973578405529384","error":""},"_links":{"self":[{"href":"https:\/\/www.europesays.com\/fr\/wp-json\/wp\/v2\/posts\/695337","targetHints":{"allow":["GET"]}}],"collection":[{"href":"https:\/\/www.europesays.com\/fr\/wp-json\/wp\/v2\/posts"}],"about":[{"href":"https:\/\/www.europesays.com\/fr\/wp-json\/wp\/v2\/types\/post"}],"author":[{"embeddable":true,"href":"https:\/\/www.europesays.com\/fr\/wp-json\/wp\/v2\/users\/2"}],"replies":[{"embeddable":true,"href":"https:\/\/www.europesays.com\/fr\/wp-json\/wp\/v2\/comments?post=695337"}],"version-history":[{"count":0,"href":"https:\/\/www.europesays.com\/fr\/wp-json\/wp\/v2\/posts\/695337\/revisions"}],"wp:featuredmedia":[{"embeddable":true,"href":"https:\/\/www.europesays.com\/fr\/wp-json\/wp\/v2\/media\/695338"}],"wp:attachment":[{"href":"https:\/\/www.europesays.com\/fr\/wp-json\/wp\/v2\/media?parent=695337"}],"wp:term":[{"taxonomy":"category","embeddable":true,"href":"https:\/\/www.europesays.com\/fr\/wp-json\/wp\/v2\/categories?post=695337"},{"taxonomy":"post_tag","embeddable":true,"href":"https:\/\/www.europesays.com\/fr\/wp-json\/wp\/v2\/tags?post=695337"}],"curies":[{"name":"wp","href":"https:\/\/api.w.org\/{rel}","templated":true}]}}