{"id":695349,"date":"2026-01-28T16:12:10","date_gmt":"2026-01-28T16:12:10","guid":{"rendered":"https:\/\/www.europesays.com\/fr\/695349\/"},"modified":"2026-01-28T16:12:10","modified_gmt":"2026-01-28T16:12:10","slug":"grand-entretien-quand-on-met-ce-maillot-on-a-un-devoir-eleve-matthis-lebel-evoque-la-periode-particuliere-de-toulouse-avant-la-reception-de-bayonne","status":"publish","type":"post","link":"https:\/\/www.europesays.com\/fr\/695349\/","title":{"rendered":"Grand entretien &#8211; \u00ab\u00a0Quand on met ce maillot, on a un devoir \u00e9lev\u00e9\u00a0\u00bb\u00a0: Matthis Lebel \u00e9voque la p\u00e9riode particuli\u00e8re de Toulouse avant la r\u00e9ception de Bayonne"},"content":{"rendered":"<p>\n                Auteur jusque-l\u00e0 d\u2019une excellente et prolifique saison, m\u00eame s\u2019il n\u2019a pas \u00e9t\u00e9 retenu dans la premi\u00e8re liste du XV de France pour pr\u00e9parer le Tournoi des 6 Nations, l\u2019ailier toulousain Matthis Lebel sait que la r\u00e9ception de Bayonne sera pi\u00e9geuse samedi soir, avec l\u2019absence de tous les internationaux. Mais il insiste sur l\u2019opportunit\u00e9 que les doublons peuvent offrir pour la suite.\n            <\/p>\n<p><strong>Avec tous les joueurs partis en s\u00e9lection, pouvez-vous nous raconter les entra\u00eenements du d\u00e9but de semaine\u00a0?<\/strong><\/p>\n<p>On est habitu\u00e9 \u00e0 avoir un certain nombre de d\u00e9parts dans ces p\u00e9riodes\u00a0mais l\u00e0, c\u2019est fort quand m\u00eame (sourire). Je pense que c\u2019est in\u00e9dit. On r\u00e9cup\u00e8re tout de m\u00eame Blair (Kinghorn) mercredi soir, qui\u00a0viendra \u00e9toffer un peu l\u2019effectif. Apr\u00e8s, on a la chance de s\u2019entra\u00eener avec les jeunes souvent, on essaie de les mettre dans les meilleures dispositions pour qu\u2019ils puissent jouer et se montrer\u00a0performants. On sait l\u2019opportunit\u00e9\u00a0que \u00e7a repr\u00e9sente pour eux.<\/p>\n<p><strong>Cela met-il une pression suppl\u00e9mentaire sur les \u00e9paules\u00a0?<\/strong><\/p>\n<p>Si \u00e7a se passe mal, \u00e7a peut se tendre un peu. Mais si \u00e7a se passe bien, c\u2019est une chance inou\u00efe pour le club, pour les jeunes, pour montrer qu\u2019il y a encore des mecs\u00a0qui seront s\u00fbrement appel\u00e9s plus tard. C\u2019est une belle opportunit\u00e9, mais elle sera valid\u00e9e ou non par ce qu\u2019on va faire sur le terrain samedi.<\/p>\n<p><strong>Comment s&rsquo;adapte-t-on durant les s\u00e9ances, ne serait-ce qu\u2019en termes d\u2019automatismes\u00a0?<\/strong><\/p>\n<p>Je ne sais pas si c\u2019est de l\u2019adaptation, dans le sens o\u00f9 les jeunes sont avec nous quasiment tout le temps. Ils\u00a0connaissent le plan de jeu, sont capables de s\u2019y int\u00e9grer, de montrer de belles choses. L\u2019adaptation pour eux, elle est surtout au niveau de l\u2019euphorie qu\u2019ils peuvent ressentir. Ils voient qu\u2019ils\u00a0vont avoir leur chance, que \u00e7a va \u00eatre leur moment, et il faut trouver le juste milieu entre cette euphorie et la ma\u00eetrise qu\u2019on doit avoir\u00a0pour jouer un match de tr\u00e8s haut niveau.<\/p>\n<p><strong>Comment faire\u00a0?<\/strong><\/p>\n<p>D\u00e9j\u00e0, au-del\u00e0 ce qu\u2019il se passe \u00e0 l\u2019entra\u00eenement, il faut\u00a0prendre en compte l\u2019adversaire. On a perdu chez deux et ils vont venir en \u00e9tant costauds. On a essay\u00e9 d\u2019alarmer nos jeunes joueurs sur le fait de trouver l\u2019\u00e9quilibre entre ce c\u00f4t\u00e9 euphorique o\u00f9 on a envie de jouer, de tenter des coups, mais aussi l\u2019importance de gagner\u00a0un\u00a0match dans notre stade qui va compter.<\/p>\n<p><strong>Justement, vous avez un r\u00f4le important \u00e0 jouer avec Jack Willis, Santiago Chocobares ou Paul Graou, \u00e0 savoir les joueurs plus exp\u00e9riment\u00e9s\u2026<\/strong><\/p>\n<p>Oui. Heureusement qu\u2019il nous reste des mecs comme \u00ab\u00a0Choco\u00a0\u00bb, Jack, Paul ou Blair qui va revenir. Je ne sais pas si notre r\u00f4le est diff\u00e9rent de ce qu\u2019on fait d\u2019habitude, mais on aura au moins un\u00a0devoir d\u2019\u00e9tat d\u2019esprit. On y\u00a0revient, mais il faut bien doser\u00a0l\u2019envie de jouer\u00a0les uns pour les autres et celle de ne pas se\u00a0fissurer, comme on a pu le faire durant les vingt\u00a0derni\u00e8res minutes au match aller \u00e0 Bayonne. On sera peut-\u00eatre un peu les garde-fous de cette ma\u00eetrise.<\/p>\n<p><strong>Est-ce un r\u00f4le dans lequel, avec l\u2019exp\u00e9rience, vous vous sentez\u00a0de plus en plus \u00e0 l\u2019aise\u00a0?<\/strong><\/p>\n<p>Forc\u00e9ment, plus tu encha\u00eenes les matchs, mieux tu te sens. J\u2019ai eu la chance, m\u00eame si je reste relativement jeune, d\u2019avoir jou\u00e9 un certain nombre de matchs qui comptent. Et aussi des matchs dans des situations particuli\u00e8res comme ce sera le cas\u00a0ce week-end. Ce ne sont pas les plus \u00e9vidents. Je suis pass\u00e9 par l\u00e0, \u00e7a change le caract\u00e8re de l\u2019\u00e9quipe et celui des individus. Dans\u00a0ces moments-l\u00e0, on\u00a0pr\u00e9pare\u00a0inconsciemment la fin de saison. Quand\u00a0les matchs \u00e0 \u00e9limination directe\u00a0vont arriver, c\u2019est l\u00e0 qu\u2019on a acquis des certitudes et montr\u00e9 qu\u2019on avait les \u00e9paules pour assumer. Ce sont\u00a0de\u00a0vrais tests de caract\u00e8re.<\/p>\n<p><strong>Qui vous plaisent\u00a0?<\/strong><\/p>\n<p>Oui. C\u2019est difficile de dire qu\u2019on l\u2019affectionne\u00a0parce qu\u2019on ne sait\u00a0jamais \u00e0 l\u2019avance\u00a0ce qu\u2019il\u00a0va se passer. Mais c\u2019est une p\u00e9riode durant laquelle on voit les visages de certains. On a rarement craqu\u00e9 pendant ces doublons, et c\u2019est tr\u00e8s bien pour notre jeunesse.<\/p>\n<p><strong>Avez-vous aussi l\u2019objectif de rester invaincu \u00e0 domicile\u00a0?<\/strong><\/p>\n<p>J\u2019esp\u00e8re qu\u2019on n\u2019a pas besoin de se le dire pour\u00a0le valider. Sinon, c\u2019est qu\u2019on ne s\u2019est pas compris d\u00e8s le d\u00e9but. On joue\u00a0tous les matchs\u00a0pour essayer de les gagner.\u00a0Qu\u2019on fasse tourner ou pas, qu\u2019on ait des internationaux ou des jeunes sur le terrain, qu\u2019on soit \u00e0 domicile ou \u00e0 l\u2019ext\u00e9rieur. Quand on met ce maillot, on a un devoir \u00e9lev\u00e9. Cela\u00a0arrive de conna\u00eetre\u00a0des d\u00e9convenues, comme \u00e0 Montpellier o\u00f9\u00a0on s\u2019est fait rouler dessus. Mais, si on met les ingr\u00e9dients n\u00e9cessaires\u2026 Apr\u00e8s, \u00e0 domicile, tu es dans ton stade, devant tes supporters. C\u2019est important dans le rugby. Quand une zone\u00a0forte\u00a0tombe, comme\u00a0\u00e0 Bayonne le week-end dernier, c\u2019est\u00a0marquant. Mais c\u2019est partout pareil, que tu sois \u00e0\u00a0Mayol, \u00e0 Ernest-Wallon\u00a0ou \u00e0 Jean-Dauger. Quand tu tombes chez toi, ce n\u2019est jamais agr\u00e9able.<\/p>\n<p><strong>Il y aura une semaine de vacances derri\u00e8re cette r\u00e9ception de Bayonne. Une victoire pourrait permettre\u00a0de partir l\u2019esprit libre\u2026<\/strong><\/p>\n<p>On ne s\u2019est pas trop projet\u00e9 sur les semaines suivantes o\u00f9 il y aura plusieurs coupures, et les coachs n\u2019en ont pas trop parl\u00e9. Mais\u00a0tout le monde a s\u00fbrement regard\u00e9 les plannings. On va attendre de voir le r\u00e9sultat. Si tu pars en vacances sur une d\u00e9faite, le retour peut piquer. Tel que je connais Ugo (Mola), mieux vaut que \u00e7a se passe bien\u00a0avant de pr\u00e9voir les vacances (sourire). Ce sera forc\u00e9ment particulier, mais c\u2019est\u00a0une p\u00e9riode qui permet de se resserrer.<\/p>\n<p><strong>\u00c0 titre personnel, malgr\u00e9 une r\u00e9cente blessure \u00e0 une main, vous r\u00e9alisez une excellente saison, avec notamment neuf essais inscrits lors de vos onze derniers matchs. Est-ce \u00e0 dire que vous \u00eates en grande confiance\u00a0?<\/strong><\/p>\n<p>Je ferai les comptes \u00e0 la fin, mais j\u2019ai envie de me faire plaisir. J\u2019ai grandi, j\u2019ai\u00a0encha\u00een\u00e9\u00a0un certain nombre de matchs, et je veux\u00a0continuer\u00a0\u00e0 m\u2019\u00e9clater avec mes co\u00e9quipiers. \u00c0 26 ans, 27 dans quelques mois, j\u2019arrive sur des \u00e2ges o\u00f9 tu commences peut-\u00eatre \u00e0 ma\u00eetriser\u00a0un peu plus ton rugby, o\u00f9 tu es plus apte \u00e0 prendre\u00a0certains risques, ou en tout cas \u00e0 optimiser ton jeu sur beaucoup de situations. C\u2019est s\u00fbrement ce\u00a0cocktail qui peut rendre performant.<\/p>\n<p><strong>Et vous le sentez\u00a0?<\/strong><\/p>\n<p>M\u00eame si j\u2019essaie toujours de participer au jeu, \u00e0 mon poste, cela marche\u00a0aussi avec la confiance collective. J\u2019\u00e9tais le premier, quand \u00e7a allait un peu moins bien, \u00e0 aller aupr\u00e8s des coachs pour parler de notre plan de jeu. Aujourd\u2019hui, et je ne suis pas le seul, si on a des ailiers et des joueurs de la ligne\u00a0de trois-quarts\u00a0qui se montrent \u00e0 leur avantage, c\u2019est que le club\u00a0est dans la bonne dynamique et t\u00e9moigne d\u2019une bonne sant\u00e9 sur le rugby.\u00a0Ce n\u2019est pas toujours gage de victoire \u00e0 la fin, mais\u00a0on veut vraiment\u00a0se faire plaisir le week-end.<\/p>\n<p><strong>Malgr\u00e9 vos performances, vous n\u2019avez pas \u00e9t\u00e9 retenu sur la\u00a0premi\u00e8re liste du XV de France pour pr\u00e9parer le Tournoi des 6 Nations. Gardez-vous en t\u00eate\u00a0l\u2019id\u00e9e de l\u2019int\u00e9grer durant la comp\u00e9tition\u00a0?<\/strong><\/p>\n<p>Moi, je me tiendrai\u00a0toujours pr\u00eat\u00a0\u00e0 toute \u00e9ventualit\u00e9. Je l\u2019ai d\u00e9j\u00e0 dit, je n\u2019ai jamais fait de grandes sorties\u00a0dans la presse quand je n\u2019y \u00e9tais pas, et je ne compte pas commencer maintenant.<\/p>\n<p><strong>Mais est-ce une d\u00e9ception\u00a0?<\/strong><\/p>\n<p>Je le prends avec\u2026 (Il coupe) Quand on est comp\u00e9titeur, on est forc\u00e9ment frustr\u00e9, surtout quand on pense que \u00e7a se passe relativement bien\u00a0et qu\u2019on a de bonnes sensations. On regarde aussi les matchs \u00e0 droite et \u00e0 gauche, et on a\u00a0envie de se dire qu\u2019on peut y \u00eatre. Mais si tu n\u2019y es pas, c\u2019est qu\u2019il en manque.\u00a0Comme d\u2019habitude, je continue \u00e0 travailler. Et\u00a0si un jour, je suis appel\u00e9, j\u2019irai avec grand plaisir. Si je ne le suis pas, je regarderai les matchs, je continuerai \u00e0 voir ce qu\u2019il me manque et je bosserai.<\/p>\n<p><strong>Vous gardez toujours cet \u00e9tat d\u2019esprit positif\u2026<\/strong><\/p>\n<p>Oui.\u00a0Il y a cette p\u00e9riode\u00a0de doublon qui est sympa\u00a0\u00e0 jouer en club. Et, comme le coach l\u2019a d\u00e9j\u00e0 montr\u00e9, les places\u00a0\u00e0 Toulouse ne sont jamais acquises. Donc, si j\u2019arrive\u00a0\u00e0 continuer \u00e0 jouer des matchs qui comptent\u00a0sur la fin de saison, \u00e0\u00a0aller chercher\u00a0des potentiels titres, j\u2019esp\u00e8re que \u00e7a fera, petit \u00e0 petit, changer\u00a0les regards qu\u2019il peut y avoir sur moi.<\/p>\n","protected":false},"excerpt":{"rendered":"Auteur jusque-l\u00e0 d\u2019une excellente et prolifique saison, m\u00eame s\u2019il n\u2019a pas \u00e9t\u00e9 retenu dans la premi\u00e8re liste du&hellip;\n","protected":false},"author":2,"featured_media":695350,"comment_status":"","ping_status":"","sticky":false,"template":"","format":"standard","meta":{"footnotes":""},"categories":[1416],"tags":[1011,27,73066,15062,70921,479,1468,60],"class_list":{"0":"post-695349","1":"post","2":"type-post","3":"status-publish","4":"format-standard","5":"has-post-thumbnail","7":"category-rugby","8":"tag-fr","9":"tag-france","10":"tag-grands-entretiens","11":"tag-matthis-lebel","12":"tag-midi-olympique","13":"tag-rugby","14":"tag-rugby-football","15":"tag-sports"},"share_on_mastodon":{"url":"https:\/\/pubeurope.com\/@fr\/115973609449649467","error":""},"_links":{"self":[{"href":"https:\/\/www.europesays.com\/fr\/wp-json\/wp\/v2\/posts\/695349","targetHints":{"allow":["GET"]}}],"collection":[{"href":"https:\/\/www.europesays.com\/fr\/wp-json\/wp\/v2\/posts"}],"about":[{"href":"https:\/\/www.europesays.com\/fr\/wp-json\/wp\/v2\/types\/post"}],"author":[{"embeddable":true,"href":"https:\/\/www.europesays.com\/fr\/wp-json\/wp\/v2\/users\/2"}],"replies":[{"embeddable":true,"href":"https:\/\/www.europesays.com\/fr\/wp-json\/wp\/v2\/comments?post=695349"}],"version-history":[{"count":0,"href":"https:\/\/www.europesays.com\/fr\/wp-json\/wp\/v2\/posts\/695349\/revisions"}],"wp:featuredmedia":[{"embeddable":true,"href":"https:\/\/www.europesays.com\/fr\/wp-json\/wp\/v2\/media\/695350"}],"wp:attachment":[{"href":"https:\/\/www.europesays.com\/fr\/wp-json\/wp\/v2\/media?parent=695349"}],"wp:term":[{"taxonomy":"category","embeddable":true,"href":"https:\/\/www.europesays.com\/fr\/wp-json\/wp\/v2\/categories?post=695349"},{"taxonomy":"post_tag","embeddable":true,"href":"https:\/\/www.europesays.com\/fr\/wp-json\/wp\/v2\/tags?post=695349"}],"curies":[{"name":"wp","href":"https:\/\/api.w.org\/{rel}","templated":true}]}}