{"id":695358,"date":"2026-01-28T16:20:14","date_gmt":"2026-01-28T16:20:14","guid":{"rendered":"https:\/\/www.europesays.com\/fr\/695358\/"},"modified":"2026-01-28T16:20:14","modified_gmt":"2026-01-28T16:20:14","slug":"1-million-offert-pour-retrouver-des-tableaux-voles","status":"publish","type":"post","link":"https:\/\/www.europesays.com\/fr\/695358\/","title":{"rendered":"1\u00a0million offert pour retrouver des tableaux vol\u00e9s"},"content":{"rendered":"\n<p>        \u2013   <\/p>\n<p>  Un million pour retrouver des tableaux vol\u00e9s dans un chalet valaisan <\/p>\n<p class=\"lead regular externalicon-big astro-mrojhlls\"> L\u2019assureur d\u2019\u0153uvres d\u00e9rob\u00e9es en septembre 2025 offre jusqu\u2019\u00e0 1\u00a0million d\u2019euros \u00e0 toute personne qui permettra de remettre la main dessus.    <\/p>\n<p>   <img loading=\"lazy\" decoding=\"async\" src=\"https:\/\/www.europesays.com\/fr\/wp-content\/uploads\/2026\/01\/3Ui5P4yTai-9RL-rNvPBCB.jpg\"  width=\"100\" height=\"100\"  alt=\"Fabien Eckert\" class=\"AuthorImage -content-head authorimage astro-vmrqen7w astro-g7nkasli\" style=\"background-color:#808080\"\/>        Publi\u00e9 aujourd\u2019hui \u00e0 12h24                   <img decoding=\"async\" loading=\"eager\" fetchpriority=\"high\" src=\"https:\/\/www.europesays.com\/fr\/wp-content\/uploads\/2026\/01\/B72k3TToabs9uJCoaGoUMk.jpg\" data-image-url=\"https:\/\/www.europesays.com\/fr\/wp-content\/uploads\/2026\/01\/B72k3TToabs9uJCoaGoUMk.jpg\" alt=\"Un policier entre dans une pi\u00e8ce de la collection Emil Georg B\u00fchrle \u00e0 Zurich, o\u00f9 quatre tableaux de Degas, van Gogh, C\u00e9zanne et Monet ont \u00e9t\u00e9 vol\u00e9s.\" title=\"Un policier entre dans une pi\u00e8ce de la collection Emil Georg B\u00fchrle \u00e0 Zurich, o\u00f9 quatre tableaux de Degas, van Gogh, C\u00e9zanne et Monet ont \u00e9t\u00e9 vol\u00e9s.\" class=\"ResponsiveImage responsive-image astro-lrzy7jfn\" style=\"background-color:#8D755F\" onload=\"this.style.backgroundColor = &quot;transparent&quot;\"\/>         <\/p>\n<p>L\u2019offre d\u2019une telle r\u00e9compense pour des tableaux vol\u00e9s reste extr\u00eamement rare en Suisse, ce qui augure de la grande valeur des \u0153uvres d\u00e9rob\u00e9es (photo d\u2019illustration). <\/p>\n<p>KEYSTONE\/Eddy Risch<\/p>\n<p>        Abonnez-vous d\u00e8s maintenant et profitez de la fonction de lecture audio. <\/p>\n<p>  S&rsquo;abonner   Se connecter  <\/p>\n<p>    <a href=\"https:\/\/bottalk.io\/\" class=\"bottalklink astro-5ez2hx6t\" target=\"_blank\" rel=\"noreferrer noopener\"> BotTalk <\/a>        <\/p>\n<p class=\"articleParagraph externalicon-big focus _content-width article-element astro-g2qwsodm astro-hwk6bfo3\">C\u2019est une d\u00e9marche assez rare: l\u2019assureur de plusieurs tableaux d\u00e9rob\u00e9s en septembre 2025 dans un chalet haut-valaisan propose une r\u00e9compense de 1\u00a0million d\u2019euros \u00e0 toute personne qui permettra de les retrouver. Les \u0153uvres d\u2019art sont des \u00abtableaux modernes d\u2019artistes c\u00e9l\u00e8bres\u00bb. <\/p>\n<p class=\"articleParagraph externalicon-big focus _content-width article-element astro-g2qwsodm astro-hwk6bfo3\">L\u2019annonce de cette r\u00e9compense a \u00e9t\u00e9 diffus\u00e9e dans les pages du  <a class=\" astro-hwk6bfo3\" target=\"_blank\" rel=\"noopener noreferrer\" href=\"https:\/\/www.lenouvelliste.ch\/valais\/haut-valais\/valais-1million-deuros-pour-retrouver-des-tableaux-voles-dans-un-chalet-une-recompense-record-1484664\" data-article-link=\"https:\/\/www.lenouvelliste.ch\/valais\/haut-valais\/valais-1million-deuros-pour-retrouver-des-tableaux-voles-dans-un-chalet-une-recompense-record-1484664\">\u00abNouvelliste\u00bb<\/a> \u00e0 la mi-janvier. \u00abL\u2019annonce d\u2019une r\u00e9compense reste tr\u00e8s rare, car fort heureusement les vols d\u2019\u0153uvres d\u2019art en Suisse le sont \u00e9galement. L\u2019objectif n\u2019est pas de n\u00e9gocier avec les auteurs, mais de mobiliser la vigilance collective et de g\u00e9n\u00e9rer un impact m\u00e9diatique susceptible de faire \u00e9merger de nouvelles informations\u00bb, a estim\u00e9 dans le quotidien valaisan Sarah Haj, responsable assurances d\u2019\u0153uvres d\u2019art et objets de valeur au sein du cabinet PSPI \u00e0 Gen\u00e8ve. <\/p>\n<p class=\"articleParagraph externalicon-big focus _content-width article-element astro-g2qwsodm astro-hwk6bfo3\">Pour le m\u00e9dia, \u00able montant \u00e9lev\u00e9 de la r\u00e9compense indique qu\u2019il s\u2019agit d\u2019une affaire hors du commun qui touche des \u0153uvres de tout premier plan valant plusieurs millions, voire plusieurs dizaines de millions de francs\u00bb. <\/p>\n<p>  R\u00e9compense aussi \u00e0 Lausanne <\/p>\n<p class=\"articleParagraph externalicon-big focus _content-width article-element astro-g2qwsodm astro-hwk6bfo3\">D\u2019apr\u00e8s \u00abLe Nouvelliste\u00bb encore, il n\u2019y a jamais eu pareille affaire dans le Vieux-Pays: \u00abSelon la police cantonale, il n\u2019existe pas de pr\u00e9c\u00e9dents en Valais concernant un vol de tableaux de grande valeur ou une promesse d\u2019une r\u00e9compense.\u00bb En revanche, en terres vaudoises, on se souvient que le vol au Mus\u00e9e romain de Vidy \u00e0 Lausanne avait fait grand bruit en novembre dernier. L\u2019assureur des dizaines de pi\u00e8ces d\u2019or d\u00e9rob\u00e9es avait alors annonc\u00e9 offrir  <a class=\"noExternalIcon astro-hwk6bfo3\" target=\"_self\" href=\"https:\/\/www.24heures.ch\/musee-romain-de-lausanne-recompense-pour-les-pieces-volees-827001361811\" data-article-link=\"https:\/\/www.24heures.ch\/musee-romain-de-lausanne-recompense-pour-les-pieces-volees-827001361811\" rel=\"noopener\">une r\u00e9compense de 200\u2019000\u00a0euros<\/a> pour les retrouver. <\/p>\n<p class=\"boxtitle astro-42aj3uwb astro-hwk6bfo3\">D\u2019autres vols avec r\u00e9compense <\/p>\n<p>        Newsletter    <\/p>\n<p>\u00abLa semaine valaisanne\u00bb<\/p>\n<p> D\u00e9couvrez l\u2019essentiel de l\u2019actualit\u00e9 du canton du Valais, chaque vendredi dans votre bo\u00eete mail.  <\/p>\n<p class=\"astro-cztuaoj5\"> <a class=\"more astro-cztuaoj5\" href=\"https:\/\/www.24heures.ch\/nos-newsletters\" target=\"_blank\" rel=\"noopener\"> Autres newsletters <\/a> <\/p>\n<p>     Se connecter             <strong>Fabien Eckert<\/strong> est journaliste RP \u00e0 Tamedia depuis 2025. Auparavant, il \u00e9tait engag\u00e9 chez 20minutes durant pr\u00e8s de 15 ans o\u00f9 il a couvert la culture en plus de sujets li\u00e9s au divertissement. Fort d\u2019un cursus acad\u00e9mique \u00e0 l\u2019universit\u00e9 de Neuch\u00e2tel et d\u2019un parcours radiophonique chez Rouge FM, il est \u00e9galement titulaire d\u2019un brevet f\u00e9d\u00e9ral de Sp\u00e9cialiste en communication.    <a href=\"https:\/\/www.24heures.ch\/author\/62464583\/fabien-eckert\" class=\"moreinfo _underlinelink astro-pukeoetg\" target=\"_blank\" rel=\"noopener\"> Plus d&rsquo;infos <\/a>     <\/p>\n<p class=\"Feedback content-width astro-kvtdmsee\"> Vous avez trouv\u00e9 une erreur? <a href=\"https:\/\/www.24heures.ch\/mailto:tes_correction@tamedia.ch?subject=Avis%20d\" erreur=\"\" class=\"feedbacklink _underlinelink astro-kvtdmsee\" target=\"_blank\" rel=\"noopener\"> Merci de nous la signaler. <\/a> <\/p>\n<p>L\u2019offre d\u2019une telle r\u00e9compense pour des tableaux vol\u00e9s reste extr\u00eamement rare en Suisse, ce qui augure de la grande valeur des \u0153uvres d\u00e9rob\u00e9es (photo d\u2019illustration). <\/p>\n<p>KEYSTONE\/Eddy Risch<\/p>\n","protected":false},"excerpt":{"rendered":"\u2013 Un million pour retrouver des tableaux vol\u00e9s dans un chalet valaisan L\u2019assureur d\u2019\u0153uvres d\u00e9rob\u00e9es en septembre 2025&hellip;\n","protected":false},"author":2,"featured_media":695359,"comment_status":"","ping_status":"","sticky":false,"template":"","format":"standard","meta":{"footnotes":""},"categories":[1358],"tags":[1348,1384,1385,69486,1386,58,59,1011,27,2300,34241],"class_list":{"0":"post-695358","1":"post","2":"type-post","3":"status-publish","4":"format-standard","5":"has-post-thumbnail","7":"category-arts-et-design","8":"tag-arts","9":"tag-arts-and-design","10":"tag-arts-et-design","11":"tag-content-en-continu","12":"tag-design","13":"tag-divertissement","14":"tag-entertainment","15":"tag-fr","16":"tag-france","17":"tag-stats-seo","18":"tag-stats-seo-trends"},"share_on_mastodon":{"url":"https:\/\/pubeurope.com\/@fr\/115973640978948043","error":""},"_links":{"self":[{"href":"https:\/\/www.europesays.com\/fr\/wp-json\/wp\/v2\/posts\/695358","targetHints":{"allow":["GET"]}}],"collection":[{"href":"https:\/\/www.europesays.com\/fr\/wp-json\/wp\/v2\/posts"}],"about":[{"href":"https:\/\/www.europesays.com\/fr\/wp-json\/wp\/v2\/types\/post"}],"author":[{"embeddable":true,"href":"https:\/\/www.europesays.com\/fr\/wp-json\/wp\/v2\/users\/2"}],"replies":[{"embeddable":true,"href":"https:\/\/www.europesays.com\/fr\/wp-json\/wp\/v2\/comments?post=695358"}],"version-history":[{"count":0,"href":"https:\/\/www.europesays.com\/fr\/wp-json\/wp\/v2\/posts\/695358\/revisions"}],"wp:featuredmedia":[{"embeddable":true,"href":"https:\/\/www.europesays.com\/fr\/wp-json\/wp\/v2\/media\/695359"}],"wp:attachment":[{"href":"https:\/\/www.europesays.com\/fr\/wp-json\/wp\/v2\/media?parent=695358"}],"wp:term":[{"taxonomy":"category","embeddable":true,"href":"https:\/\/www.europesays.com\/fr\/wp-json\/wp\/v2\/categories?post=695358"},{"taxonomy":"post_tag","embeddable":true,"href":"https:\/\/www.europesays.com\/fr\/wp-json\/wp\/v2\/tags?post=695358"}],"curies":[{"name":"wp","href":"https:\/\/api.w.org\/{rel}","templated":true}]}}