{"id":695362,"date":"2026-01-28T16:23:12","date_gmt":"2026-01-28T16:23:12","guid":{"rendered":"https:\/\/www.europesays.com\/fr\/695362\/"},"modified":"2026-01-28T16:23:12","modified_gmt":"2026-01-28T16:23:12","slug":"pascal-obispo-sen-prend-encore-aux-victoires-de-la-musique","status":"publish","type":"post","link":"https:\/\/www.europesays.com\/fr\/695362\/","title":{"rendered":"Pascal Obispo s&rsquo;en prend (encore) aux Victoires de la Musique"},"content":{"rendered":"<p>\n        Theodora, Helena et Charlotte Cardin sont les grandes favorites des Victoires de la Musique 2026. Absent des nominations, Pascal Obispo pousse un nouveau coup de gueule contre la c\u00e9r\u00e9monie : \u00ab\u00a0Je suis contre les comp\u00e9titions entre artistes\u00a0\u00bb.\n    <\/p>\n<p class=\"content-paragraph\"><img decoding=\"async\" src=\"https:\/\/www.europesays.com\/fr\/wp-content\/uploads\/2026\/01\/photo_1769595309.jpg\" class=\"textcenter img-content\" loading=\"lazy\" style=\"margin-bottom: 0;\"\/>Capture d&rsquo;\u00e9cran France 5 <br \/>Il esp\u00e9rait <a href=\"https:\/\/www.chartsinfrance.net\/Pascal-Obispo\/news-132984.html\" class=\"articlepage-link\" target=\"_blank\" rel=\"noopener\">\u00eatre nomm\u00e9 une derni\u00e8re fois<\/a>, pour la beaut\u00e9 du geste. Ce ne sera finalement pas le cas cette ann\u00e9e. Pascal Obispo est absent des <a href=\"https:\/\/www.chartsinfrance.net\/actualite\/news-134947.html\" class=\"articlepage-link\" target=\"_blank\" rel=\"noopener\">Victoires de la Musique 2026<\/a>, o\u00f9 les grandes favorites sont Theodora, Helena et Charlotte Cardin, respectivement en lice \u00e0 cinq, quatre et trois reprises. Et donc rien pour Pascal Obispo qui, depuis des ann\u00e9es, est assez amer sur la c\u00e9r\u00e9monie. En effet, depuis ses d\u00e9buts, le chanteur de <a href=\"https:\/\/www.chartsinfrance.net\/actualite\/news-133602.html\" class=\"articlepage-link\" target=\"_blank\" rel=\"noopener\">\u00ab\u00a0Lucie\u00a0\u00bb<\/a> et \u00ab\u00a0Fan\u00a0\u00bb a \u00e9t\u00e9 nomm\u00e9 24 fois mais n&rsquo;a gagn\u00e9 qu&rsquo;un seul prix : celui du Meilleur concert en 2004. <a href=\"https:\/\/www.chartsinfrance.net\/actualite\/news-131640.html\" class=\"articlepage-link\" target=\"_blank\" rel=\"noopener\">Une \u00ab h\u00e9r\u00e9sie \u00bb<\/a> pour celui qui estime que <a href=\"https:\/\/www.chartsinfrance.net\/actualite\/news-131262.html\" class=\"articlepage-link\" target=\"_blank\" rel=\"noopener\">cette c\u00e9r\u00e9monie est \u00ab truqu\u00e9e \u00bb<\/a>.<\/p>\n<p>\u00ab\u00a0Je reviendrai pour un prix d&rsquo;honneur avec une canne\u00a0\u00bb<\/p>\n<p class=\"content-paragraph\"> Invit\u00e9 de \u00ab\u00a0C \u00e0 vous\u00a0\u00bb ce mardi soir pour <a href=\"https:\/\/www.chartsinfrance.net\/actualite\/news-133989.html\" class=\"articlepage-link\" target=\"_blank\" rel=\"noopener\">son duo \u00ab\u00a0Reste-t-il du bonheur ?\u00a0\u00bb avec B\u00e9nabar<\/a>, Pascal Obispo en a remis une couche sur les Victoires de la Musique. Et \u00e0 le croire, il ne sera plus invit\u00e9 \u00ab que pour un prix d&rsquo;honneur avec une canne et un d\u00e9ambulateur \u00bb. \u00ab J&rsquo;attends que \u00e7a arrive parce que je vais balancer mes petites histoires. Je suis contre les comp\u00e9titions entre artistes \u00bb a-t-il clam\u00e9, avant que B\u00e9nabar ne le soutienne : \u00ab C&rsquo;est inadmissible qu&rsquo;il n&rsquo;ait pas eu de Victoires \u00e0 l&rsquo;\u00e9poque \u00bb.<\/p>\n<blockquote class=\"quote\"><p><b>A LIRE &#8211;<\/b> <a href=\"https:\/\/www.chartsinfrance.net\/Pascal-Obispo\/news-135071.html\" class=\"articlepage-link\" target=\"_blank\" rel=\"noopener\">Pascal Obispo dans un \u00e9tat second \u00e0 la \u00ab\u00a0Star Academy\u00a0\u00bb ? Sa grosse mise au point !<\/a><\/p><\/blockquote>\n<p> Et Pascal Obispo de l&rsquo;affirmer, \u00ab les Victoires c&rsquo;est bien quand on est jeunes \u00bb : \u00ab On doit donner des prix \u00e0 des gens qui commencent et \u00e7a les stimule. Moi, au bout de 24 nominations, \u00e0 un moment donn\u00e9, j&rsquo;ai arr\u00eat\u00e9 de venir. Je rentrais, je mettais les mains dans la bassine tellement j&rsquo;avais applaudi. Une ann\u00e9e c&rsquo;est Florent [Pagny qui gagne], Daniel Levi, Natasha St-Pier, Zazie&#8230; J&rsquo;ai dit \u00ab\u00a0\u00e9coutez, je ne vais plus venir parce que l\u00e0&#8230;\u00a0\u00bb \u00bb.\u00a0\u00bbJe suis content d&rsquo;avoir perdu\u00a0\u00bb<\/p>\n<p class=\"content-paragraph\"> Car ce qui l&rsquo;ennuie, c&rsquo;est de cr\u00e9er une \u00ab comp\u00e9tition entre artistes \u00bb : \u00ab Je me demande toujours comment aurait-on fait une soir\u00e9e avec \u00ab\u00a0Ne me quitte pas\u00a0\u00bb de Jacques Brel, \u00ab\u00a0Avec le temps\u00a0\u00bb de L\u00e9o Ferr\u00e9, \u00ab\u00a0Le gorille\u00a0\u00bb de Georges Brassens ou \u00ab\u00a0Comme ils disent\u00a0\u00bb de Charles Aznavour. Vous voulez comparer ? Ce sont les plus grands artistes \u00bb. Toutefois, Pascal Obispo rappelle que son passage en 1997, lorsqu&rsquo;il a chant\u00e9 \u00ab\u00a0Lucie\u00a0\u00bb, lui a permis de passer des \u00ab petits th\u00e9\u00e2tres de 500 places \u00e0 des Z\u00e9nith deux semaines apr\u00e8s \u00bb. \u00ab Je suis content d&rsquo;avoir perdu \u00bb conclut-il avec humour.<\/p>\n<p>                <img loading=\"lazy\" decoding=\"async\" src=\"https:\/\/www.europesays.com\/fr\/wp-content\/uploads\/2025\/10\/favicon.png\" class=\"author-article-picture\" width=\"35\" height=\"35\"\/><\/p>\n<p>                    Par<\/p>\n<p>                                            <a class=\"author-article-bio-link\" href=\"https:\/\/www.chartsinfrance.net\/auteur\/120\/\" target=\"_blank\" rel=\"noopener\">Th\u00e9au BERTHELOT<\/a><\/p>\n<p>                    |<\/p>\n<p>                                            Journaliste<\/p>\n<p>\n                Passionn\u00e9 par la musique autant que le cin\u00e9ma, la litt\u00e9rature et le journalisme, il est incollable sur la sc\u00e8ne rock ind\u00e9pendante et se prend de passion pour les dessous de l&rsquo;industrie musicale et de l&rsquo;organisation des concerts et festivals, o\u00f9 vous ne manquerez pas de le croiser.\n            <\/p>\n","protected":false},"excerpt":{"rendered":"Theodora, Helena et Charlotte Cardin sont les grandes favorites des Victoires de la Musique 2026. Absent des nominations,&hellip;\n","protected":false},"author":2,"featured_media":695363,"comment_status":"","ping_status":"","sticky":false,"template":"","format":"standard","meta":{"footnotes":""},"categories":[1355],"tags":[58,59,1011,27,1361,873],"class_list":{"0":"post-695362","1":"post","2":"type-post","3":"status-publish","4":"format-standard","5":"has-post-thumbnail","7":"category-musique","8":"tag-divertissement","9":"tag-entertainment","10":"tag-fr","11":"tag-france","12":"tag-music","13":"tag-musique"},"share_on_mastodon":{"url":"https:\/\/pubeurope.com\/@fr\/115973652849229764","error":""},"_links":{"self":[{"href":"https:\/\/www.europesays.com\/fr\/wp-json\/wp\/v2\/posts\/695362","targetHints":{"allow":["GET"]}}],"collection":[{"href":"https:\/\/www.europesays.com\/fr\/wp-json\/wp\/v2\/posts"}],"about":[{"href":"https:\/\/www.europesays.com\/fr\/wp-json\/wp\/v2\/types\/post"}],"author":[{"embeddable":true,"href":"https:\/\/www.europesays.com\/fr\/wp-json\/wp\/v2\/users\/2"}],"replies":[{"embeddable":true,"href":"https:\/\/www.europesays.com\/fr\/wp-json\/wp\/v2\/comments?post=695362"}],"version-history":[{"count":0,"href":"https:\/\/www.europesays.com\/fr\/wp-json\/wp\/v2\/posts\/695362\/revisions"}],"wp:featuredmedia":[{"embeddable":true,"href":"https:\/\/www.europesays.com\/fr\/wp-json\/wp\/v2\/media\/695363"}],"wp:attachment":[{"href":"https:\/\/www.europesays.com\/fr\/wp-json\/wp\/v2\/media?parent=695362"}],"wp:term":[{"taxonomy":"category","embeddable":true,"href":"https:\/\/www.europesays.com\/fr\/wp-json\/wp\/v2\/categories?post=695362"},{"taxonomy":"post_tag","embeddable":true,"href":"https:\/\/www.europesays.com\/fr\/wp-json\/wp\/v2\/tags?post=695362"}],"curies":[{"name":"wp","href":"https:\/\/api.w.org\/{rel}","templated":true}]}}