{"id":69541,"date":"2025-05-02T14:41:20","date_gmt":"2025-05-02T14:41:20","guid":{"rendered":"https:\/\/www.europesays.com\/fr\/69541\/"},"modified":"2025-05-02T14:41:20","modified_gmt":"2025-05-02T14:41:20","slug":"face-a-un-manque-de-benevoles-lavenir-de-cette-association-pres-de-nantes-est-incertain","status":"publish","type":"post","link":"https:\/\/www.europesays.com\/fr\/69541\/","title":{"rendered":"Face \u00e0 un manque de b\u00e9n\u00e9voles, l\u2019avenir de cette association pr\u00e8s de Nantes est incertain"},"content":{"rendered":"<p>Le Calg (Culture, animation, loisirs de Grandchamp-des-Fontaines) est une des plus anciennes associations de la ville de<a href=\"https:\/\/nantes.maville.com\/actu\/actudet_-grandchamp-des-fontaines.-la-ville-installe-des-pieges-a-frelons-asiatiques-_8-6753590_actu.Htm\" target=\"_blank\" rel=\"noopener\"> Grandchamp-des-Fontaines<\/a>, cr\u00e9\u00e9e il y a 36\u00a0ans, par B\u00e9atrice Girardet et Michel Dr\u00e9ano.<\/p>\n<p>Une association saine financi\u00e8rement<\/p>\n<p>\u00a0Nous sommes 180\u00a0adh\u00e9rents, toutes g\u00e9n\u00e9rations confondues, et dix\u00a0enseignants salari\u00e9s. L\u2019association propose des cours de musique pour les enfants et les adultes, et des cours de th\u00e9\u00e2tre pour les enfants\u00a0\u00bb, pr\u00e9cise Caroline Retailleau, la pr\u00e9sidente du Calg.<\/p>\n<p>++ Lire aussi\u00a0:<a href=\"https:\/\/nantes.maville.com\/actu\/actudet_-en-manque-de-benevoles-une-association-de-bouvron-risque-de-disparaitre-_8-6648322_actu.Htm\" target=\"_blank\" rel=\"noopener\"> En manque de b\u00e9n\u00e9voles, une association de Bouvron risque de dispara\u00eetre<\/a><\/p>\n<p>Le Calg est reconnu d\u2019utilit\u00e9 publique mais rencontre aujourd\u2019hui une grosse difficult\u00e9\u00a0: les huit membres du bureau vont se retirer en octobre prochain pour des raisons diverses et vari\u00e9es. La mairie a \u00e9t\u00e9 pr\u00e9venue mais pour sauver cette dynamique association, des b\u00e9n\u00e9voles sont sollicit\u00e9s, trois au minimum.<\/p>\n<p>\u00ab\u00a0J\u2019ai tr\u00e8s peur, il y a des salari\u00e9s qui seront \u00e0 la porte\u00a0\u00bb<\/p>\n<p>Caroline Retailleau termine\u00a0: \u00a0La chose qui me tient \u00e0 c\u0153ur c\u2019est que je n\u2019ai pas envie que ferme cette association, j\u2019ai tr\u00e8s peur, il y a des salari\u00e9s qui seront \u00e0 la porte\u00a0.<\/p>\n<p>Cette association, saine financi\u00e8rement, organise tout au long de l\u2019ann\u00e9e de nombreuses animations\u00a0: \u00a0La f\u00eate de No\u00ebl sur Grandchamp, le Fest deiz en novembre, l\u2019animation des v\u0153ux du maire avec la pr\u00e9sence d\u2019un groupe de musique, des Notes et des mots avec la m\u00e9diath\u00e8que, la f\u00eate de l\u2019\u00e9cole de musique avec un quiz, le spectacle de l\u2019\u00e9cole de th\u00e9\u00e2tre (en 2025, ce sera le samedi 14\u00a0juin)\u2026\u00a0, ajoute Caroline Retailleau.<\/p>\n<p>Pour joindre l\u2019association\u00a0: info@grandchampmusique.fr<\/p>\n<p>\u00a0<\/p>\n","protected":false},"excerpt":{"rendered":"Le Calg (Culture, animation, loisirs de Grandchamp-des-Fontaines) est une des plus anciennes associations de la ville de Grandchamp-des-Fontaines,&hellip;\n","protected":false},"author":2,"featured_media":69542,"comment_status":"","ping_status":"","sticky":false,"template":"","format":"standard","meta":{"footnotes":""},"categories":[2818],"tags":[1111,11,4077,3232,15089,1777,674,2823,1011,27,17175,3027,766,12,2636,3762,25],"class_list":{"0":"post-69541","1":"post","2":"type-post","3":"status-publish","4":"format-standard","5":"has-post-thumbnail","7":"category-nantes","8":"tag-actu","9":"tag-actualites","10":"tag-association","11":"tag-avenir","12":"tag-benevoles","13":"tag-eu","14":"tag-europe","15":"tag-face","16":"tag-fr","17":"tag-france","18":"tag-incertain","19":"tag-manque","20":"tag-nantes","21":"tag-news","22":"tag-pays-de-la-loire","23":"tag-pres","24":"tag-republique-francaise"},"share_on_mastodon":{"url":"https:\/\/pubeurope.com\/@fr\/114438765573810377","error":""},"_links":{"self":[{"href":"https:\/\/www.europesays.com\/fr\/wp-json\/wp\/v2\/posts\/69541","targetHints":{"allow":["GET"]}}],"collection":[{"href":"https:\/\/www.europesays.com\/fr\/wp-json\/wp\/v2\/posts"}],"about":[{"href":"https:\/\/www.europesays.com\/fr\/wp-json\/wp\/v2\/types\/post"}],"author":[{"embeddable":true,"href":"https:\/\/www.europesays.com\/fr\/wp-json\/wp\/v2\/users\/2"}],"replies":[{"embeddable":true,"href":"https:\/\/www.europesays.com\/fr\/wp-json\/wp\/v2\/comments?post=69541"}],"version-history":[{"count":0,"href":"https:\/\/www.europesays.com\/fr\/wp-json\/wp\/v2\/posts\/69541\/revisions"}],"wp:featuredmedia":[{"embeddable":true,"href":"https:\/\/www.europesays.com\/fr\/wp-json\/wp\/v2\/media\/69542"}],"wp:attachment":[{"href":"https:\/\/www.europesays.com\/fr\/wp-json\/wp\/v2\/media?parent=69541"}],"wp:term":[{"taxonomy":"category","embeddable":true,"href":"https:\/\/www.europesays.com\/fr\/wp-json\/wp\/v2\/categories?post=69541"},{"taxonomy":"post_tag","embeddable":true,"href":"https:\/\/www.europesays.com\/fr\/wp-json\/wp\/v2\/tags?post=69541"}],"curies":[{"name":"wp","href":"https:\/\/api.w.org\/{rel}","templated":true}]}}