{"id":695415,"date":"2026-01-28T16:52:11","date_gmt":"2026-01-28T16:52:11","guid":{"rendered":"https:\/\/www.europesays.com\/fr\/695415\/"},"modified":"2026-01-28T16:52:11","modified_gmt":"2026-01-28T16:52:11","slug":"excrements-sur-les-murs-wc-brises-comment-expliquer-les-degradations-dans-des-lycees-de-lagglomeration-nantaise","status":"publish","type":"post","link":"https:\/\/www.europesays.com\/fr\/695415\/","title":{"rendered":"Excr\u00e9ments sur les murs, WC bris\u00e9s\u2026 Comment expliquer les d\u00e9gradations dans des lyc\u00e9es de l\u2019agglom\u00e9ration nantaise\u00a0?"},"content":{"rendered":"<p>Des excr\u00e9ments \u00e9tal\u00e9s sur les murs, des cuvettes de toilettes bris\u00e9es \u00e0 coups de parpaings, des tuyaux d\u2019\u00e9vacuation arrach\u00e9s, un ascenseur d\u00e9t\u00e9rior\u00e9\u2026 Les parents des \u00e9l\u00e8ves du lyc\u00e9e g\u00e9n\u00e9ral et technologique Jean Perrin et du <a href=\"https:\/\/www.20minutes.fr\/societe\/lycee-professionnel\/\" class=\"c-link c-link--is-underlined\" target=\"_blank\" rel=\"noopener\">lyc\u00e9e professionnel<\/a> Louis-Jacques Goussier de <a href=\"https:\/\/www.20minutes.fr\/justice\/4191854-20260122-agressions-sexuelles-maternelle-ex-animateur-periscolaire-loire-atlantique-condamne-six-ans-prison\" class=\"c-link c-link--is-underlined\" target=\"_blank\" rel=\"noopener\">Rez\u00e9<\/a>, en Loire-Atlantique, ont re\u00e7u jeudi dernier un mail les informant de vandalisme dans les espaces communs o\u00f9 sont scolaris\u00e9s leurs enfants.<\/p>\n<p>Dans ce courrier, que 20 Minutes a pu consulter, la direction d\u00e9plore \u00ab\u00a0de tr\u00e8s nombreuses d\u00e9t\u00e9riorations\u00a0\u00bb, \u00e9voquant l\u2019hypoth\u00e8se \u00ab\u00a0d\u2019une surench\u00e8re\u00a0\u00bb visant \u00e0 \u00ab\u00a0d\u00e9truire au maximum les lieux\u00a0\u00bb. Un petit jeu qui pourrait \u00eatre, \u00e0 en croire le mail, le r\u00e9sultat de \u00ab\u00a0d\u00e9fis entre \u00e9l\u00e8ves\u00a0\u00bb, voire de mises en sc\u00e8ne film\u00e9es et diffus\u00e9es sur les r\u00e9seaux sociaux.<\/p>\n<p><\/p>\n<p>Eternelles d\u00e9gradations dans les sanitaires<\/p>\n<p>Sur place, un agent d\u2019entretien confirme\u00a0l\u2019ampleur des d\u00e9g\u00e2ts. \u00ab\u00a0Nous avons toujours \u00e9t\u00e9 confront\u00e9s \u00e0 des <a href=\"https:\/\/www.20minutes.fr\/societe\/4043657-20230701-haute-garonne-plus-propres-moins-degradees-college-toilettes-mixtes-font-ecole\" class=\"c-link c-link--is-underlined\" target=\"_blank\" rel=\"noopener\">d\u00e9gradations dans les sanitaires<\/a> mais cela s\u2019est intensifi\u00e9 cette ann\u00e9e\u00a0\u00bb, confie-t-il sans avancer d\u2019explications face \u00e0 cette recrudescence. \u00ab\u00a0Nous ne pouvons pas certifier une hausse des d\u00e9gradations dans les \u00e9tablissements de la r\u00e9gion nantaise\u00a0\u00bb, nuance Fabienne Dubourg, secr\u00e9taire acad\u00e9mique en Loire-Atlantique et membre du <a href=\"https:\/\/www.20minutes.fr\/actu-generale\/4072880-20240126-colleges-groupes-niveau-inquietent-chefs-etablissements\" class=\"c-link c-link--is-underlined\" target=\"_blank\" rel=\"noopener\">Syndicat National des Personnels de Direction de L\u2019\u00c9ducation Nationale<\/a> (SNPDEN). Et de pr\u00e9ciser\u00a0: \u00ab\u00a0Cela a toujours exist\u00e9 et d\u00e9pend g\u00e9n\u00e9ralement des groupes d\u2019\u00e9l\u00e8ves pr\u00e9sents d\u2019une ann\u00e9e \u00e0 l\u2019autre.\u00a0\u00bb<\/p>\n<p>Selon une membre de la F\u00e9d\u00e9ration des conseils de parents d\u2019\u00e9l\u00e8ves (FCPE) du d\u00e9partement, le probl\u00e8me est loin d\u2019\u00eatre in\u00e9dit. \u00ab\u00a0La probl\u00e9matique sur l\u2019\u00e9tat des sanitaires est r\u00e9currente dans tous les \u00e9tablissements, coll\u00e8ges comme <a href=\"https:\/\/www.20minutes.fr\/societe\/4197100-20260122-37-classe-accepter-resultats-decevants-pourquoi-lycees-reclament-retour-rep-rep\" class=\"c-link c-link--is-underlined\" target=\"_blank\" rel=\"noopener\">lyc\u00e9es<\/a>\u00a0\u00bb, r\u00e9sume-t-elle. Elle reconna\u00eet toutefois la gravit\u00e9 des d\u00e9gradations constat\u00e9es dans les deux \u00e9tablissements rez\u00e9ens.<\/p>\n<p>Une tendance sur les r\u00e9seaux sociaux\u00a0?<\/p>\n<p>Devant l\u2019un des \u00e9tablissements, les lyc\u00e9ens semblent \u00e9galement perplexes face \u00e0 la th\u00e9orie d\u2019un d\u00e9fi sur les r\u00e9seaux sociaux. Tous ont bien constat\u00e9 les d\u00e9gradations mais peinent \u00e0 en expliquer l\u2019origine. \u00ab\u00a0Globalement, les sanitaires ne sont jamais dans un tr\u00e8s bon \u00e9tat\u00a0\u00bb, insiste une lyc\u00e9enne. Seule une \u00e9l\u00e8ve de seconde \u00e9voque la piste d\u2019une <a href=\"https:\/\/www.20minutes.fr\/societe\/4177929-20251008-tiktok-quoi-tendance-fous-jeunes-assument-fatigue-morale-sociale\" class=\"c-link c-link--is-underlined\" target=\"_blank\" rel=\"noopener\">\u00ab\u00a0tendance TikTok\u00a0\u00bb<\/a>.<\/p>\n<p>Le proviseur des deux \u00e9tablissements, lui-m\u00eame, refuse de s\u2019avancer sur les causes de ces d\u00e9gradations. \u00ab\u00a0Les notions de d\u00e9fis et de r\u00e9seaux sociaux ont \u00e9t\u00e9 mentionn\u00e9es entre parenth\u00e8ses, il s\u2019agit surtout de suppositions\u00a0\u00bb, tient-il \u00e0 pr\u00e9ciser. \u00ab\u00a0Apr\u00e8s l\u2019envoi de notre mail, les parents se sont surtout inqui\u00e9t\u00e9s quant aux <a href=\"https:\/\/www.20minutes.fr\/societe\/4081436-20240315-seine-saint-denis-profs-denonce-vetuste-lycee-tiktok-convoques\" class=\"c-link c-link--is-underlined\" target=\"_blank\" rel=\"noopener\">nombreuses d\u00e9gradations<\/a> et ont apport\u00e9 leur soutien aux agents\u00a0\u00bb. Les sanitaires concern\u00e9s sont depuis r\u00e9utilisables.<\/p>\n<p><a href=\"https:\/\/www.20minutes.fr\/dossier\/education\" class=\"c-link c-btn c-btn--primary\" target=\"_blank\" rel=\"noopener\">Notre dossier \u00e9ducation<\/a><\/p>\n<p>Contact\u00e9, le rectorat de l\u2019acad\u00e9mie de Nantes dit ne pas avoir \u00e9t\u00e9 inform\u00e9 de la situation et affirme ne pas avoir entendu parler de \u00ab\u00a0d\u00e9fis\u00a0\u00bb similaires dans d\u2019autres \u00e9tablissements de <a href=\"https:\/\/www.20minutes.fr\/dossier\/pays_de_la_loire\" class=\"c-link c-link--is-underlined\" target=\"_blank\" rel=\"noopener\">la r\u00e9gion<\/a>. Les lyc\u00e9es des alentours ne semblent pas avoir \u00e9t\u00e9 touch\u00e9s par une recrudescence de <a href=\"https:\/\/www.20minutes.fr\/faits_divers\/4198088-20260126-haut-rhin-gymnase-vandalise-pleine-nuit-dizaines-milliers-euros-degats\" class=\"c-link c-link--is-underlined\" target=\"_blank\" rel=\"noopener\">vandalisme<\/a>.<\/p>\n","protected":false},"excerpt":{"rendered":"Des excr\u00e9ments \u00e9tal\u00e9s sur les murs, des cuvettes de toilettes bris\u00e9es \u00e0 coups de parpaings, des tuyaux d\u2019\u00e9vacuation&hellip;\n","protected":false},"author":2,"featured_media":695416,"comment_status":"","ping_status":"","sticky":false,"template":"","format":"standard","meta":{"footnotes":""},"categories":[2818],"tags":[1111,11,1777,674,1011,27,3047,2633,16446,766,12,2636,1306,25,938,11942],"class_list":{"0":"post-695415","1":"post","2":"type-post","3":"status-publish","4":"format-standard","5":"has-post-thumbnail","7":"category-nantes","8":"tag-actu","9":"tag-actualites","10":"tag-eu","11":"tag-europe","12":"tag-fr","13":"tag-france","14":"tag-loire-atlantique","15":"tag-lycee","16":"tag-lyceen","17":"tag-nantes","18":"tag-news","19":"tag-pays-de-la-loire","20":"tag-regions","21":"tag-republique-francaise","22":"tag-reseaux-sociaux","23":"tag-vandalisme"},"share_on_mastodon":{"url":"https:\/\/pubeurope.com\/@fr\/115973766841412482","error":""},"_links":{"self":[{"href":"https:\/\/www.europesays.com\/fr\/wp-json\/wp\/v2\/posts\/695415","targetHints":{"allow":["GET"]}}],"collection":[{"href":"https:\/\/www.europesays.com\/fr\/wp-json\/wp\/v2\/posts"}],"about":[{"href":"https:\/\/www.europesays.com\/fr\/wp-json\/wp\/v2\/types\/post"}],"author":[{"embeddable":true,"href":"https:\/\/www.europesays.com\/fr\/wp-json\/wp\/v2\/users\/2"}],"replies":[{"embeddable":true,"href":"https:\/\/www.europesays.com\/fr\/wp-json\/wp\/v2\/comments?post=695415"}],"version-history":[{"count":0,"href":"https:\/\/www.europesays.com\/fr\/wp-json\/wp\/v2\/posts\/695415\/revisions"}],"wp:featuredmedia":[{"embeddable":true,"href":"https:\/\/www.europesays.com\/fr\/wp-json\/wp\/v2\/media\/695416"}],"wp:attachment":[{"href":"https:\/\/www.europesays.com\/fr\/wp-json\/wp\/v2\/media?parent=695415"}],"wp:term":[{"taxonomy":"category","embeddable":true,"href":"https:\/\/www.europesays.com\/fr\/wp-json\/wp\/v2\/categories?post=695415"},{"taxonomy":"post_tag","embeddable":true,"href":"https:\/\/www.europesays.com\/fr\/wp-json\/wp\/v2\/tags?post=695415"}],"curies":[{"name":"wp","href":"https:\/\/api.w.org\/{rel}","templated":true}]}}