{"id":69543,"date":"2025-05-02T14:42:19","date_gmt":"2025-05-02T14:42:19","guid":{"rendered":"https:\/\/www.europesays.com\/fr\/69543\/"},"modified":"2025-05-02T14:42:19","modified_gmt":"2025-05-02T14:42:19","slug":"beaulieu-galerie-dynamique-a-nantes-depuis-50-ans","status":"publish","type":"post","link":"https:\/\/www.europesays.com\/fr\/69543\/","title":{"rendered":"Beaulieu, galerie dynamique \u00e0 Nantes depuis 50 ans"},"content":{"rendered":"<p>Pour ses cinquante printemps, la galerie commerciale Beaulieu a repris de belles couleurs et son directeur, Christopher Jacques, s\u2019en f\u00e9licite. Arriv\u00e9 \u00e0 sa t\u00eate en 2020, en pleine crise du Covid-19, il a connu des moments difficiles. M\u00eame quand, lors du 2e confinement, pr\u00e8s de la moiti\u00e9 de la galerie \u00e9tait ouverte\u00a0: les activit\u00e9s m\u00e9dicales, les opticiens, &#8230;<\/p>\n<p>\u00a0<\/p>\n","protected":false},"excerpt":{"rendered":"Pour ses cinquante printemps, la galerie commerciale Beaulieu a repris de belles couleurs et son directeur, Christopher Jacques,&hellip;\n","protected":false},"author":2,"featured_media":69544,"comment_status":"","ping_status":"","sticky":false,"template":"","format":"standard","meta":{"footnotes":""},"categories":[2818],"tags":[9285,1111,11,1764,17176,17177,1777,674,1011,27,10486,766,12,2636,25],"class_list":{"0":"post-69543","1":"post","2":"type-post","3":"status-publish","4":"format-standard","5":"has-post-thumbnail","7":"category-nantes","8":"tag-9285","9":"tag-actu","10":"tag-actualites","11":"tag-ans","12":"tag-beaulieu","13":"tag-dynamique","14":"tag-eu","15":"tag-europe","16":"tag-fr","17":"tag-france","18":"tag-galerie","19":"tag-nantes","20":"tag-news","21":"tag-pays-de-la-loire","22":"tag-republique-francaise"},"share_on_mastodon":{"url":"https:\/\/pubeurope.com\/@fr\/114438769728938908","error":""},"_links":{"self":[{"href":"https:\/\/www.europesays.com\/fr\/wp-json\/wp\/v2\/posts\/69543","targetHints":{"allow":["GET"]}}],"collection":[{"href":"https:\/\/www.europesays.com\/fr\/wp-json\/wp\/v2\/posts"}],"about":[{"href":"https:\/\/www.europesays.com\/fr\/wp-json\/wp\/v2\/types\/post"}],"author":[{"embeddable":true,"href":"https:\/\/www.europesays.com\/fr\/wp-json\/wp\/v2\/users\/2"}],"replies":[{"embeddable":true,"href":"https:\/\/www.europesays.com\/fr\/wp-json\/wp\/v2\/comments?post=69543"}],"version-history":[{"count":0,"href":"https:\/\/www.europesays.com\/fr\/wp-json\/wp\/v2\/posts\/69543\/revisions"}],"wp:featuredmedia":[{"embeddable":true,"href":"https:\/\/www.europesays.com\/fr\/wp-json\/wp\/v2\/media\/69544"}],"wp:attachment":[{"href":"https:\/\/www.europesays.com\/fr\/wp-json\/wp\/v2\/media?parent=69543"}],"wp:term":[{"taxonomy":"category","embeddable":true,"href":"https:\/\/www.europesays.com\/fr\/wp-json\/wp\/v2\/categories?post=69543"},{"taxonomy":"post_tag","embeddable":true,"href":"https:\/\/www.europesays.com\/fr\/wp-json\/wp\/v2\/tags?post=69543"}],"curies":[{"name":"wp","href":"https:\/\/api.w.org\/{rel}","templated":true}]}}