{"id":695436,"date":"2026-01-28T17:03:11","date_gmt":"2026-01-28T17:03:11","guid":{"rendered":"https:\/\/www.europesays.com\/fr\/695436\/"},"modified":"2026-01-28T17:03:11","modified_gmt":"2026-01-28T17:03:11","slug":"lyon-menaces-jets-doeufs-rodeos-la-tranquillite-de-ce-quartier-lyonnais-est-mise-a-rude-epreuve","status":"publish","type":"post","link":"https:\/\/www.europesays.com\/fr\/695436\/","title":{"rendered":"Lyon. Menaces, jets d\u2019\u0153ufs, rod\u00e9os\u2026 La tranquillit\u00e9 de ce quartier lyonnais est mise \u00e0 rude \u00e9preuve"},"content":{"rendered":"<p>\u00ab\u00a0En moins d\u2019un an, l\u2019atmosph\u00e8re du quartier a compl\u00e8tement chang\u00e9.\u00a0\u00bb Que se passe-t-il \u00e0 l\u2019angle du cours Richard-Vitton et du boulevard Pinel, dans le nord de Montchat\u00a0? \u00ab\u00a0Squat\u00a0\u00bb, \u00ab\u00a0nuisances\u00a0\u00bb, \u00ab\u00a0ins\u00e9curit\u00e9\u00a0\u00bb. Depuis plusieurs mois, les m\u00eames maux reviennent en boucle sur les forums d\u2019habitants, o\u00f9 les publications et autres commentaires indign\u00e9s se multiplient. Le Progr\u00e8s , \u00e9galement, a re\u00e7u plusieurs signalements de riverains.<\/p>\n<p>Le dernier en date a \u00e9t\u00e9 transmis par Julien, qui r\u00e9side \u00e0 deux pas de l\u2019intersection. Lui, pointe l\u2019occupation sauvage d\u2019au moins trois maisons par un groupe de personnes. \u00ab\u00a0Cette situation d\u00e9grade fortement la qualit\u00e9 de vie et le sentiment de s\u00e9curit\u00e9, dans un quartier jusqu\u2019ici r\u00e9put\u00e9 pour sa tranquillit\u00e9\u00a0\u00bb, atteste-t-il. Nous l\u2019avons rencontr\u00e9 sur place, en compagnie d\u2019une demi-douzaine de riverains, qui souhaitaient \u00e9galement t\u00e9moigner.<\/p>\n<p>Une plainte pour occupation&#8230;                        <\/p>\n","protected":false},"excerpt":{"rendered":"\u00ab\u00a0En moins d\u2019un an, l\u2019atmosph\u00e8re du quartier a compl\u00e8tement chang\u00e9.\u00a0\u00bb Que se passe-t-il \u00e0 l\u2019angle du cours Richard-Vitton&hellip;\n","protected":false},"author":2,"featured_media":695437,"comment_status":"","ping_status":"","sticky":false,"template":"","format":"standard","meta":{"footnotes":""},"categories":[1889],"tags":[1111,11,2430,2757,1777,674,1011,27,1908,2428,2756,12,25,2429,104],"class_list":{"0":"post-695436","1":"post","2":"type-post","3":"status-publish","4":"format-standard","5":"has-post-thumbnail","7":"category-lyon","8":"tag-actu","9":"tag-actualites","10":"tag-auvergne-rhone-alpes","11":"tag-edition-lyon-villeurbanne","12":"tag-eu","13":"tag-europe","14":"tag-fr","15":"tag-france","16":"tag-logement","17":"tag-lyon","18":"tag-lyon-bassin","19":"tag-news","20":"tag-republique-francaise","21":"tag-rhone","22":"tag-societe"},"share_on_mastodon":{"url":"https:\/\/pubeurope.com\/@fr\/115973809909109283","error":""},"_links":{"self":[{"href":"https:\/\/www.europesays.com\/fr\/wp-json\/wp\/v2\/posts\/695436","targetHints":{"allow":["GET"]}}],"collection":[{"href":"https:\/\/www.europesays.com\/fr\/wp-json\/wp\/v2\/posts"}],"about":[{"href":"https:\/\/www.europesays.com\/fr\/wp-json\/wp\/v2\/types\/post"}],"author":[{"embeddable":true,"href":"https:\/\/www.europesays.com\/fr\/wp-json\/wp\/v2\/users\/2"}],"replies":[{"embeddable":true,"href":"https:\/\/www.europesays.com\/fr\/wp-json\/wp\/v2\/comments?post=695436"}],"version-history":[{"count":0,"href":"https:\/\/www.europesays.com\/fr\/wp-json\/wp\/v2\/posts\/695436\/revisions"}],"wp:featuredmedia":[{"embeddable":true,"href":"https:\/\/www.europesays.com\/fr\/wp-json\/wp\/v2\/media\/695437"}],"wp:attachment":[{"href":"https:\/\/www.europesays.com\/fr\/wp-json\/wp\/v2\/media?parent=695436"}],"wp:term":[{"taxonomy":"category","embeddable":true,"href":"https:\/\/www.europesays.com\/fr\/wp-json\/wp\/v2\/categories?post=695436"},{"taxonomy":"post_tag","embeddable":true,"href":"https:\/\/www.europesays.com\/fr\/wp-json\/wp\/v2\/tags?post=695436"}],"curies":[{"name":"wp","href":"https:\/\/api.w.org\/{rel}","templated":true}]}}