{"id":695442,"date":"2026-01-28T17:07:14","date_gmt":"2026-01-28T17:07:14","guid":{"rendered":"https:\/\/www.europesays.com\/fr\/695442\/"},"modified":"2026-01-28T17:07:14","modified_gmt":"2026-01-28T17:07:14","slug":"une-cycliste-perd-la-vie-apres-une-collision-avec-un-camion","status":"publish","type":"post","link":"https:\/\/www.europesays.com\/fr\/695442\/","title":{"rendered":"une cycliste perd la vie apr\u00e8s une collision avec un camion"},"content":{"rendered":"<p>Publi\u00e9 le 28 janvier 2026 \u00e0 16:23 par Priscillia Vitel <\/p>\n<p>L\u2019accident mortel d\u2019une cycliste percut\u00e9e par un camion \u00e0 Paris relance le d\u00e9bat sur la s\u00e9curit\u00e9 routi\u00e8re et la n\u00e9cessit\u00e9 d\u2019am\u00e9liorer la protection des usagers vuln\u00e9rables en ville.<\/p>\n<p>\u00c0 lire plus tardSauvegard\u00e9Suivre #actualit\u00e9#actualit\u00e9 Suivi<\/p>\n<p class=\"first-paragraph\">Le 27 janvier, une cycliste est d\u00e9c\u00e9d\u00e9e \u00e0 Paris dans le 12e arrondissement apr\u00e8s avoir \u00e9t\u00e9 percut\u00e9e par un camion. Le drame relance le d\u00e9bat sur la <strong>s\u00e9curit\u00e9 routi\u00e8re \u00e0 Paris<\/strong>.<\/p>\n<p>Figure de la vie quotidienne parisienne, la cycliste dont il est question ce 27 janvier personnifie, malgr\u00e9 elle, la vuln\u00e9rabilit\u00e9 des usagers doux dans une capitale en mutation. Paris, ville r\u00e9put\u00e9e pour ses ambitions de transformation urbaine et ses actions en faveur de la mobilit\u00e9 durable, se trouve une nouvelle fois confront\u00e9e \u00e0 une r\u00e9alit\u00e9 tragique. Au petit matin, vers 7h15, \u00e0 l\u2019intersection du boulevard Diderot et de la rue de Reuilly, le quotidien de nombreux habitants a \u00e9t\u00e9 boulevers\u00e9 par cet accident mortel. L\u2019information, d\u2019abord partag\u00e9e par la maire du 12e arrondissement, <strong>Emmanuelle Pierre-Marie<\/strong>, sur le r\u00e9seau social X, met en lumi\u00e8re des enjeux qui d\u00e9passent le simple fait divers, incitant responsables et citoyens \u00e0 s\u2019interroger sur la s\u00e9curit\u00e9 de la voirie.<\/p>\n<p>R\u00e9cemment, la cohabitation entre cyclistes et poids lourds n\u2019a jamais \u00e9t\u00e9 aussi pr\u00e9caire. Les am\u00e9nagements urbains destin\u00e9s \u00e0 faciliter la circulation et prot\u00e9ger les plus fragiles semblent ne pas suffire dans certains secteurs. Cette actualit\u00e9 dramatique remet sur le devant de la sc\u00e8ne la n\u00e9cessit\u00e9 d\u2019intensifier les efforts pour garantir \u00e0 tous un espace public <strong>s\u00fbr<\/strong> et pacifi\u00e9, selon l\u2019expression m\u00eame des responsables politiques locaux. <\/p>\n<p>Circonstances de l\u2019accident mortel impliquant une cycliste et un camion<\/p>\n<p>D\u2019apr\u00e8s les informations officielles communiqu\u00e9es par la mairie du 12e arrondissement ainsi que celles du parquet de Paris, <strong>l\u2019accident a eu lieu vers 7h15<\/strong>, \u00e0 l\u2019intersection du boulevard Diderot et de la rue de Reuilly. Le poids lourd, arr\u00eat\u00e9 au feu rouge, aurait red\u00e9marr\u00e9 en effectuant un virage \u00e0 droite, moment tragique o\u00f9 la cycliste se serait retrouv\u00e9e dans l\u2019<strong>angle mort du conducteur<\/strong>. Le v\u00e9lo de la victime est rest\u00e9 coinc\u00e9 sous le camion apr\u00e8s le choc, soulignant la violence de l\u2019impact.<\/p>\n<p>Malgr\u00e9 l\u2019intervention rapide des secours, le d\u00e9c\u00e8s de la cycliste a \u00e9t\u00e9 constat\u00e9 environ trente minutes apr\u00e8s l\u2019accident, laissant riverains et passants sous le choc. Le conducteur du camion, quant \u00e0 lui, a \u00e9t\u00e9 transport\u00e9 \u00e0 l\u2019h\u00f4pital, en \u00e9tat de choc lui aussi, et n\u2019a pu \u00eatre entendu imm\u00e9diatement par les enqu\u00eateurs.<\/p>\n<p>Une <strong>enqu\u00eate pour homicide involontaire<\/strong> par conducteur a \u00e9t\u00e9 ouverte et confi\u00e9e au service de traitement judiciaire des accidents. Ce type de drame, bien que rare sur un carrefour qui n\u2019est pas identifi\u00e9 parmi les points noirs de la capitale, rappelle cruellement les dangers persistants de la circulation, particuli\u00e8rement lorsque l\u2019angle mort des v\u00e9hicules lourds entre en jeu.<\/p>\n<p>S\u00e9curit\u00e9 des cyclistes \u00e0 Paris\u00a0: une question toujours br\u00fblante<\/p>\n<p>La mort de cette cycliste alimente une vague d\u2019\u00e9motion et de revendications sur la n\u00e9cessaire <strong>s\u00e9curisation de l\u2019espace public<\/strong>. Pour Emmanuelle Pierre-Marie, maire \u00e9cologiste du 12e arrondissement, il est imp\u00e9ratif de continuer \u00e0 renforcer la s\u00e9curit\u00e9 routi\u00e8re et de mettre fin \u00e0 ces \u201cviolences inacceptables\u201d qui touchent usagers fragiles et familles. Pens\u00e9es et condol\u00e9ances ont \u00e9t\u00e9 adress\u00e9es \u00e0 la famille de la victime, mais l\u2019\u00e9lue a aussi insist\u00e9 sur l\u2019<strong>urgence d\u2019agir<\/strong>.<\/p>\n<p>L\u2019\u00e9v\u00e9nement relance, une fois encore, le d\u00e9bat sur l\u2019urbanisation de Paris, la gestion des carrefours et le partage de la voirie. Les associations de cyclistes, comme Paris en Selle, rappellent que de nombreux points restent dangereux et que l\u2019effort d\u2019am\u00e9nagement doit \u00eatre poursuivi\u00a0: multiplication de pistes cyclables, am\u00e9lioration de la visibilit\u00e9 aux intersections, limitation de la vitesse sur certains axes. <strong>Marion Soulet<\/strong>, porte-parole de l\u2019association, signale que le lieu de l\u2019accident n\u2019\u00e9tait pas sp\u00e9cifiquement r\u00e9pertori\u00e9 comme dangereux, preuve qu\u2019aucun quartier n\u2019est totalement \u00e0 l\u2019abri.<\/p>\n<p>L\u2019affaire a \u00e9galement une r\u00e9sonance politique \u00e0 l\u2019approche des \u00e9lections municipales. Plusieurs candidats \u00e0 la mairie, comme <strong>Emmanuel Gr\u00e9goire<\/strong> et <strong>Rachida Dati<\/strong>,\u202fappellent \u00e0 des mesures plus ambitieuses pour prot\u00e9ger cyclistes et pi\u00e9tons, sur fond d\u2019augmentation du trafic et de coexistence toujours complexe avec les v\u00e9hicules lourds.<\/p>\n<ul>\n<li><strong>Renforcement des pistes cyclables<\/strong>\u00a0: une demande pressante des collectifs citoyens et des riverains.<\/li>\n<li><strong>Concertation avec les associations<\/strong> pour identifier et s\u00e9curiser les carrefours probl\u00e9matiques.<\/li>\n<li><strong>Adaptation du code de la route<\/strong> \u00e0 la r\u00e9alit\u00e9 parisienne o\u00f9 les modes doux prennent de plus en plus de place.<\/li>\n<\/ul>\n<p>Entre risque latent et volont\u00e9 de transformation, la capitale doit faire face \u00e0 de nouveaux d\u00e9fis pour garantir la s\u00e9curit\u00e9 de tous. Ce drame r\u00e9active la vigilance collective et remet le sujet au c\u0153ur du d\u00e9bat public.<\/p>\n<p><strong>Sources\u00a0:<\/strong> Franceinfo, Le Parisien, BFMTV.<\/p>\n<p>\u00c0 lire aussi\u00a0:<\/p>\n<p><a href=\"https:\/\/www.ohmymag.com\/people\/actu-people\/isabelle-nanty-elle-ne-portera-pas-plainte-contre-le-chauffeur-qui-a-cause-son-accident_art178339.html\" target=\"_blank\" rel=\"noopener\">Isabelle Nanty : elle ne portera pas plainte contre le chauffeur qui a caus\u00e9 son accident !<\/a><\/p>\n<p><a href=\"https:\/\/www.ohmymag.com\/news\/faits-divers\/nouvel-accident-ferroviaire-en-espagne-collision-entre-un-train-de-banlieue-et-une-grue-plusieurs-blesses-legers_art177866.html\" target=\"_blank\" rel=\"noopener\">Nouvel accident ferroviaire en Espagne : collision entre un train de banlieue et une grue, plusieurs bless\u00e9s l\u00e9gers<\/a><\/p>\n<p><a href=\"https:\/\/www.ohmymag.com\/news\/faits-divers\/accident-de-train-en-catalogne-apres-leffondrement-d-un-mur-la-securite-ferroviaire-espagnole-remise-en-question_art177726.html\" target=\"_blank\" rel=\"noopener\">Accident de train en Catalogne apr\u00e8s l\u2019effondrement d&rsquo;un mur : la s\u00e9curit\u00e9 ferroviaire espagnole remise en question !<\/a><\/p>\n","protected":false},"excerpt":{"rendered":"Publi\u00e9 le 28 janvier 2026 \u00e0 16:23 par Priscillia Vitel L\u2019accident mortel d\u2019une cycliste percut\u00e9e par un camion&hellip;\n","protected":false},"author":2,"featured_media":695443,"comment_status":"","ping_status":"","sticky":false,"template":"","format":"standard","meta":{"footnotes":""},"categories":[1888],"tags":[119,1111,1928,47,11,1927,1777,674,1011,27,18,12,1926,626,1925,25,208],"class_list":{"0":"post-695442","1":"post","2":"type-post","3":"status-publish","4":"format-standard","5":"has-post-thumbnail","7":"category-paris","8":"tag-accident","9":"tag-actu","10":"tag-actu-paris","11":"tag-actualite","12":"tag-actualites","13":"tag-actualites-paris","14":"tag-eu","15":"tag-europe","16":"tag-fr","17":"tag-france","18":"tag-mort","19":"tag-news","20":"tag-news-paris","21":"tag-paris","22":"tag-paris-news","23":"tag-republique-francaise","24":"tag-velo"},"share_on_mastodon":{"url":"https:\/\/pubeurope.com\/@fr\/115973825760371477","error":""},"_links":{"self":[{"href":"https:\/\/www.europesays.com\/fr\/wp-json\/wp\/v2\/posts\/695442","targetHints":{"allow":["GET"]}}],"collection":[{"href":"https:\/\/www.europesays.com\/fr\/wp-json\/wp\/v2\/posts"}],"about":[{"href":"https:\/\/www.europesays.com\/fr\/wp-json\/wp\/v2\/types\/post"}],"author":[{"embeddable":true,"href":"https:\/\/www.europesays.com\/fr\/wp-json\/wp\/v2\/users\/2"}],"replies":[{"embeddable":true,"href":"https:\/\/www.europesays.com\/fr\/wp-json\/wp\/v2\/comments?post=695442"}],"version-history":[{"count":0,"href":"https:\/\/www.europesays.com\/fr\/wp-json\/wp\/v2\/posts\/695442\/revisions"}],"wp:featuredmedia":[{"embeddable":true,"href":"https:\/\/www.europesays.com\/fr\/wp-json\/wp\/v2\/media\/695443"}],"wp:attachment":[{"href":"https:\/\/www.europesays.com\/fr\/wp-json\/wp\/v2\/media?parent=695442"}],"wp:term":[{"taxonomy":"category","embeddable":true,"href":"https:\/\/www.europesays.com\/fr\/wp-json\/wp\/v2\/categories?post=695442"},{"taxonomy":"post_tag","embeddable":true,"href":"https:\/\/www.europesays.com\/fr\/wp-json\/wp\/v2\/tags?post=695442"}],"curies":[{"name":"wp","href":"https:\/\/api.w.org\/{rel}","templated":true}]}}