{"id":695446,"date":"2026-01-28T17:09:23","date_gmt":"2026-01-28T17:09:23","guid":{"rendered":"https:\/\/www.europesays.com\/fr\/695446\/"},"modified":"2026-01-28T17:09:23","modified_gmt":"2026-01-28T17:09:23","slug":"decreter-letat-durgence-du-logement-a-paris-sophia-chikirou-detaille-ses-propositions","status":"publish","type":"post","link":"https:\/\/www.europesays.com\/fr\/695446\/","title":{"rendered":"d\u00e9cr\u00e9ter \u00ab\u00a0l\u2019\u00e9tat d\u2019urgence du logement\u00a0\u00bb \u00e0 Paris, Sophia Chikirou d\u00e9taille ses propositions"},"content":{"rendered":"<p class=\"upper-letter\">Il reste moins de 50 jours avant le premier tour des municipales parisiennes. Pourtant, Sophia Chikirou demeure relativement discr\u00e8te dans les m\u00e9dias. Cr\u00e9dit\u00e9e de 11 % d\u2019intentions de vote dans <a href=\"https:\/\/www.ifop.com\/article\/le-climat-politique-a-paris-13\/\" target=\"_blank\" rel=\"noopener\">le dernier sondage Ifop<\/a> pour Le Parisien, la d\u00e9put\u00e9e de Paris pourrait n\u00e9anmoins devenir une s\u00e9rieuse \u00e9pine dans le pied de la majorit\u00e9 sortante si elle parvient \u00e0 se hisser au second tour. Un sc\u00e9nario redout\u00e9 par la liste conduite par le socialiste Emmanuel Gr\u00e9goire.<\/p>\n<p>Sur le bilan de l\u2019\u00e9quipe d\u2019Anne Hidalgo en mati\u00e8re de logement, la candidate de La France insoumise ne m\u00e2che pas ses mots. Elle d\u00e9nonce l\u2019inaction de la majorit\u00e9 sortante, tant dans le parc priv\u00e9 que dans le logement social, et fait de cette th\u00e9matique l\u2019un des axes centraux de sa campagne. Sophia Chikirou dit vouloir s\u2019attaquer \u00e0 la sp\u00e9culation immobili\u00e8re et promet de faire \u00ab\u00a0baisser les loyers\u00a0\u00bb des Parisiens. Pr\u00e9emptions, r\u00e9quisitions, encadrement des loyers, lutte contre les logements vacants et les meubl\u00e9s touristiques\u00a0: elle d\u00e9taille \u00e0 Challenges les contours de son programme.<\/p>\n<p><strong>Challenges<\/strong>\u00a0\u2013\u00a0Quelle est votre analyse de la crise du logement aujourd\u2019hui \u00e0 Paris ?<\/p>\n<p><strong>Sophia Chikirou<\/strong>\u00a0\u2013\u00a0Je refuse qu\u2019on parle de \u00ab\u00a0crise du logement\u00a0\u00bb. C\u2019est un syst\u00e8me qui a \u00e9t\u00e9 structur\u00e9, tout particuli\u00e8rement depuis 25\u00a0ans \u00e0 Paris, et qui consiste \u00e0 organiser la p\u00e9nurie pour faire monter les prix du m2. Quand il y a moins de logements disponibles, ce sont des loyers plus \u00e9lev\u00e9s, <a href=\"https:\/\/www.challenges.fr\/immobilier\/prix-de-limmobilier-loyers-logements-sociaux-quel-est-le-bilan-logement-danne-hidalgo_622238\" target=\"_blank\" rel=\"noopener\">des prix \u00e0 l\u2019achat inaccessibles<\/a> et une rente immobili\u00e8re toujours plus forte pour ceux qui poss\u00e8dent d\u00e9j\u00e0. En 1998, le taux d\u2019effort d\u2019un locataire parisien, c\u2019est-\u00e0-dire la part de ses revenus qu\u2019il consacre \u00e0 son loyer, \u00e9tait de 24 %. Aujourd\u2019hui, on est en moyenne \u00e0 35 %. Chez de tr\u00e8s nombreuses familles monoparentales, chez les jeunes, les classes populaires, le taux d\u2019effort d\u00e9passe les 50 %.<\/p>\n<p>Ce que je d\u00e9nonce, c\u2019est ce syst\u00e8me reposant sur des investisseurs sp\u00e9culateurs, qui sont tr\u00e8s souvent des fonds d\u2019investissement bas\u00e9s dans des paradis fiscaux. Ils ach\u00e8tent \u00e0 Paris, pas pour mettre en location ni pour de l\u2019activit\u00e9 commerciale, mais pour placer leur argent. Qu\u2019est-ce qui a \u00e9t\u00e9 fait pour lutter contre ce ph\u00e9nom\u00e8ne depuis 25\u00a0ans ? Rien. Il y a aussi <a href=\"http:\/\/www.challenges.fr\/immobilier\/il-y-a-des-residences-secondaires-qui-sont-vides-toute-lannee-lalarmant-probleme-des-logements-vides-a-paris_596929\" target=\"_blank\" rel=\"noopener\">le probl\u00e8me des logements vacants<\/a>\u00a0: ils n\u2019ont rien fait. A quel moment ont-ils men\u00e9 le bras de fer avec la pr\u00e9fecture pour obtenir le droit de r\u00e9quisition ? Nous, nous exigerons ce droit-l\u00e0.<\/p>\n<p>Vous dites vouloir d\u00e9clarer \u00ab\u00a0l\u2019\u00e9tat d\u2019urgence communale\u00a0\u00bb ?<\/p>\n","protected":false},"excerpt":{"rendered":"Il reste moins de 50 jours avant le premier tour des municipales parisiennes. Pourtant, Sophia Chikirou demeure relativement&hellip;\n","protected":false},"author":2,"featured_media":695447,"comment_status":"","ping_status":"","sticky":false,"template":"","format":"standard","meta":{"footnotes":""},"categories":[1888],"tags":[11,4188,1777,674,1011,27,12,626,25,18834,13167],"class_list":{"0":"post-695446","1":"post","2":"type-post","3":"status-publish","4":"format-standard","5":"has-post-thumbnail","7":"category-paris","8":"tag-actualites","9":"tag-elections-municipales","10":"tag-eu","11":"tag-europe","12":"tag-fr","13":"tag-france","14":"tag-news","15":"tag-paris","16":"tag-republique-francaise","17":"tag-sophia-chikirou","18":"tag-ville-de-paris"},"share_on_mastodon":{"url":"https:\/\/pubeurope.com\/@fr\/115973833591224606","error":""},"_links":{"self":[{"href":"https:\/\/www.europesays.com\/fr\/wp-json\/wp\/v2\/posts\/695446","targetHints":{"allow":["GET"]}}],"collection":[{"href":"https:\/\/www.europesays.com\/fr\/wp-json\/wp\/v2\/posts"}],"about":[{"href":"https:\/\/www.europesays.com\/fr\/wp-json\/wp\/v2\/types\/post"}],"author":[{"embeddable":true,"href":"https:\/\/www.europesays.com\/fr\/wp-json\/wp\/v2\/users\/2"}],"replies":[{"embeddable":true,"href":"https:\/\/www.europesays.com\/fr\/wp-json\/wp\/v2\/comments?post=695446"}],"version-history":[{"count":0,"href":"https:\/\/www.europesays.com\/fr\/wp-json\/wp\/v2\/posts\/695446\/revisions"}],"wp:featuredmedia":[{"embeddable":true,"href":"https:\/\/www.europesays.com\/fr\/wp-json\/wp\/v2\/media\/695447"}],"wp:attachment":[{"href":"https:\/\/www.europesays.com\/fr\/wp-json\/wp\/v2\/media?parent=695446"}],"wp:term":[{"taxonomy":"category","embeddable":true,"href":"https:\/\/www.europesays.com\/fr\/wp-json\/wp\/v2\/categories?post=695446"},{"taxonomy":"post_tag","embeddable":true,"href":"https:\/\/www.europesays.com\/fr\/wp-json\/wp\/v2\/tags?post=695446"}],"curies":[{"name":"wp","href":"https:\/\/api.w.org\/{rel}","templated":true}]}}