{"id":695454,"date":"2026-01-28T17:13:11","date_gmt":"2026-01-28T17:13:11","guid":{"rendered":"https:\/\/www.europesays.com\/fr\/695454\/"},"modified":"2026-01-28T17:13:11","modified_gmt":"2026-01-28T17:13:11","slug":"traversees-clandestines-de-la-manche-jusqua-huit-ans-de-prison-pour-un-reseau-de-17-passeurs","status":"publish","type":"post","link":"https:\/\/www.europesays.com\/fr\/695454\/","title":{"rendered":"Travers\u00e9es clandestines de la Manche\u00a0: jusqu\u2019\u00e0 huit ans de prison pour un r\u00e9seau de 17 passeurs"},"content":{"rendered":"<p>Dix-sept passeurs ont \u00e9t\u00e9 condamn\u00e9s, mercredi, \u00e0 des peines allant d\u2019un an de prison avec sursis \u00e0 huit ans ferme, pour avoir notamment utilis\u00e9 des \u00ab\u00a0taxi-boats\u00a0\u00bb pour transporter clandestinement des migrants depuis la France vers le Royaume-Uni en 2023. Trois des mis en cause ont aussi \u00e9t\u00e9 condamn\u00e9s pour homicide involontaire, apr\u00e8s la mort d\u2019une Erythr\u00e9enne de 24 ans lors d\u2019une travers\u00e9e organis\u00e9e par ce r\u00e9seau de passeurs en septembre 2023.<\/p>\n","protected":false},"excerpt":{"rendered":"Dix-sept passeurs ont \u00e9t\u00e9 condamn\u00e9s, mercredi, \u00e0 des peines allant d\u2019un an de prison avec sursis \u00e0 huit&hellip;\n","protected":false},"author":2,"featured_media":695455,"comment_status":"","ping_status":"","sticky":false,"template":"","format":"standard","meta":{"footnotes":""},"categories":[1588],"tags":[11,1777,674,27,1061,12,473,1853,801,3693,1851,1850,1852],"class_list":{"0":"post-695454","1":"post","2":"type-post","3":"status-publish","4":"format-standard","5":"has-post-thumbnail","7":"category-royaume-uni","8":"tag-actualites","9":"tag-eu","10":"tag-europe","11":"tag-france","12":"tag-immigration","13":"tag-news","14":"tag-royaume-uni","15":"tag-royaume-uni-de-grande-bretagne-et-dirlande-du-nord","16":"tag-social","17":"tag-tribunal","18":"tag-uk","19":"tag-united-kingdom","20":"tag-united-kingdom-of-great-britain-and-northern-ireland"},"share_on_mastodon":{"url":"https:\/\/pubeurope.com\/@fr\/115973849393349989","error":""},"_links":{"self":[{"href":"https:\/\/www.europesays.com\/fr\/wp-json\/wp\/v2\/posts\/695454","targetHints":{"allow":["GET"]}}],"collection":[{"href":"https:\/\/www.europesays.com\/fr\/wp-json\/wp\/v2\/posts"}],"about":[{"href":"https:\/\/www.europesays.com\/fr\/wp-json\/wp\/v2\/types\/post"}],"author":[{"embeddable":true,"href":"https:\/\/www.europesays.com\/fr\/wp-json\/wp\/v2\/users\/2"}],"replies":[{"embeddable":true,"href":"https:\/\/www.europesays.com\/fr\/wp-json\/wp\/v2\/comments?post=695454"}],"version-history":[{"count":0,"href":"https:\/\/www.europesays.com\/fr\/wp-json\/wp\/v2\/posts\/695454\/revisions"}],"wp:featuredmedia":[{"embeddable":true,"href":"https:\/\/www.europesays.com\/fr\/wp-json\/wp\/v2\/media\/695455"}],"wp:attachment":[{"href":"https:\/\/www.europesays.com\/fr\/wp-json\/wp\/v2\/media?parent=695454"}],"wp:term":[{"taxonomy":"category","embeddable":true,"href":"https:\/\/www.europesays.com\/fr\/wp-json\/wp\/v2\/categories?post=695454"},{"taxonomy":"post_tag","embeddable":true,"href":"https:\/\/www.europesays.com\/fr\/wp-json\/wp\/v2\/tags?post=695454"}],"curies":[{"name":"wp","href":"https:\/\/api.w.org\/{rel}","templated":true}]}}