{"id":695460,"date":"2026-01-28T17:16:17","date_gmt":"2026-01-28T17:16:17","guid":{"rendered":"https:\/\/www.europesays.com\/fr\/695460\/"},"modified":"2026-01-28T17:16:17","modified_gmt":"2026-01-28T17:16:17","slug":"il-a-tape-mon-copain-de-dos-jai-eu-peur-jai-frappe-quand-un-coup-de-poing-transforme-deux-vies-en-cauchemar","status":"publish","type":"post","link":"https:\/\/www.europesays.com\/fr\/695460\/","title":{"rendered":"\u00ab\u00a0Il a tap\u00e9 mon copain de dos. J\u2019ai eu peur, j\u2019ai frapp\u00e9\u2026\u00a0\u00bb Quand un coup de poing transforme deux vies en cauchemar"},"content":{"rendered":"<p>\n                                                                    l&rsquo;essentiel<br \/>\n                                                                Un coup de poing devant un bar toulousain a boulevers\u00e9 deux vies en novembre\u00a02021, \u00e0 Toulouse. Hugo, joueur de rugby, a \u00e9t\u00e9 condamn\u00e9 pour avoir bless\u00e9 gravement Alain, victime d\u2019un important traumatisme cr\u00e2nien. La l\u00e9gitime d\u00e9fense a \u00e9t\u00e9 \u00e9cart\u00e9e par le tribunal correctionnel de Toulouse.\n                            <\/p>\n<p>Costume et chemise blanche, Hugo ponctue ses interventions par un \u00ab\u00a0Monsieur le pr\u00e9sident\u00a0\u00bb poli. Le costume ne dissimule pas la masse de ce joueur de rugby de 25 ans. Derri\u00e8re lui, assis, Alain tend l\u2019oreille. Ce quinquag\u00e9naire r\u00e9sume en trois d\u00e9clarations les cons\u00e9quences d\u2019un coup de poing, survenu au petit matin du 21\u00a0novembre 2021 devant un bar de nuit du centre de Toulouse.<\/p>\n<p>\u00ab\u00a0J\u2019ai souffert d\u2019un important traumatisme cr\u00e2nien avec une double h\u00e9morragie intracr\u00e2nienne et une fracture du rocher. J\u2019ai pass\u00e9 plusieurs jours dans le coma, en r\u00e9animation. J\u2019ai d\u00fb tout r\u00e9apprendre\u00a0: parler, marcher, manger\u2026 Aujourd\u2019hui, j\u2019ai perdu le go\u00fbt et l\u2019odorat, plus des difficult\u00e9s d\u2019audition.\u00a0\u00bb<\/p>\n<p>Coup de klaxon et \u00e9change d\u2019insultes<\/p>\n<p>Le soir du drame, il sortait d\u2019une r\u00e9union \u00ab\u00a0importante\u00a0\u00bb. En ramenant un ami chez lui, il s\u2019est retrouv\u00e9 devant la foule des f\u00eatards rue Gabriel-P\u00e9ri. Il a klaxonn\u00e9, des insultes ont fus\u00e9. Quelqu\u2019un a tap\u00e9 la carrosserie de sa Jaguar. Au lieu de poursuivre sa route, Alain s\u2019est gar\u00e9, est descendu, bien d\u00e9cid\u00e9 \u00e0 en d\u00e9coudre. \u00ab\u00a0Il ne marchait pas droit\u00a0\u00bb, a affirm\u00e9 un t\u00e9moin.<\/p>\n<p>Il a donn\u00e9 un coup de poing \u00e0 un ami d\u2019Hugo. Ce dernier a r\u00e9pondu. Alain est tomb\u00e9, en arri\u00e8re. Chute violente, facilit\u00e9e par son impr\u00e9gnation alcoolique. \u00ab\u00a0J\u2019ai eu peur\u00a0\u00bb, se d\u00e9fend Hugo qui, avec son copain, a vite quitt\u00e9 les lieux. \u00ab\u00a0J\u2019ai compris les cons\u00e9quences de mon coup quand ma femme est arriv\u00e9e en pleurs avec un article de La D\u00e9p\u00eache, le dimanche apr\u00e8s mon match.\u00a0\u00bb<\/p>\n<p class=\"std-elt__inline\">\n        <strong>\u00c0 lire aussi :<\/strong><br \/>\n        <a href=\"https:\/\/www.ladepeche.fr\/2021\/11\/24\/un-homme-entre-la-vie-et-la-mort-apres-un-coup-de-poing-a-toulouse-le-suspect-interpelle-9947861.php\" target=\"_blank\" rel=\"noopener\">Un homme entre la vie et la mort apr\u00e8s un coup de poing \u00e0 Toulouse : le suspect interpell\u00e9 est mis en examen<\/a>\n    <\/p>\n<p>L\u2019article annon\u00e7ait qu\u2019un homme se trouvait entre la vie et la mort. \u00ab\u00a0Le dimanche, il nous a appel\u00e9s. Le lundi, il se trouvait \u00e0 mon cabinet. Nous avons pr\u00e9venu la police. Le mardi matin, il s\u2019est pr\u00e9sent\u00e9 aux enqu\u00eateurs\u00a0\u00bb, r\u00e9sume Me Marie-H\u00e9l\u00e8ne Pibouleau, agac\u00e9e par la fuite \u00ab\u00a0artificielle\u00a0\u00bb mise en avant par le parquet.<\/p>\n<p>\u00ab\u00a0Pourquoi avoir frapp\u00e9 et pourquoi \u00eatre parti si vite\u00a0?\u00a0\u00bb, questionne le pr\u00e9sident Didier Suc. \u00ab\u00a0J\u2019ai eu peur. Peur du coup donn\u00e9 \u00e0 mon ami, peur que la personne qui se trouvait avec lui dans la voiture intervienne. Je n\u2019ai m\u00eame pas regard\u00e9 cet homme \u00e0 terre. Je me suis \u00e9loign\u00e9. Je voulais rentrer chez moi.\u00a0\u00bb \u00ab\u00a0Vous aviez bu\u00a0?\u00a0\u00bb \u00ab\u00a0Trois verres, j\u2019\u00e9tais sobre\u00a0\u00bb.<\/p>\n<p>La procureure peine \u00e0 croire cette version. Elle requiert trois ans de prison dont onze mois ferme. La magistrate \u00e9carte la l\u00e9gitime d\u00e9fense, doute m\u00eame d\u2019un premier coup donn\u00e9 par la victime. Un homme \u00ab\u00a0qui au-del\u00e0 des cons\u00e9quences lourdes de ses importantes blessures a \u00e9galement perdu sa femme qui a divorc\u00e9, et il ne voit plus son fils\u00a0\u00bb, pr\u00e9vient Me Valentine Le Conte des Floris, son avocate. \u00ab\u00a0\u00c0 l\u2019h\u00f4pital, ils me pensaient condamn\u00e9 \u00e0 vivre dans un fauteuil\u00a0\u00bb, confie cet homme, droit \u00e0 la barre.<\/p>\n<p>L\u00e9gitime d\u00e9fense\u00a0? La d\u00e9fense l\u2019affirme<\/p>\n<p>Seulement les s\u00e9quelles l\u2019emp\u00eachent de travailler. \u00ab\u00a0C\u2019est d\u00e9finitif\u00a0\u00bb, assure son conseil. Et le quotidien demeure d\u00e9licat. \u00ab\u00a0Je ne pouvais pas imaginer les cons\u00e9quences, s\u2019excuse Hugo. J\u2019ai r\u00e9agi trop vite.\u00a0\u00bb\u00a0Peut-on qualifier cette \u00ab\u00a0r\u00e9action\u00a0\u00bb de l\u00e9gitime d\u00e9fense\u00a0? Me Pibouleau s\u2019accroche, convaincue. \u00ab\u00a0La question ne r\u00e9side pas dans les cons\u00e9quences, bien s\u00fbr dramatiques, mais dans la proportionnalit\u00e9 du coup\u00a0\u00bb, insiste l\u2019avocate.<\/p>\n<p class=\"std-elt__inline\">\n        <strong>\u00c0 lire aussi :<\/strong><br \/>\n        <a href=\"https:\/\/www.ladepeche.fr\/2025\/03\/01\/nuit-de-violence-a-toulouse-deux-fetards-roues-de-coups-et-depouilles-a-la-sortie-dune-discotheque-les-vigiles-arrivent-a-la-rescousse-12543255.php\" target=\"_blank\" rel=\"noopener\">Nuit de violence \u00e0 Toulouse\u00a0: deux f\u00eatards rou\u00e9s de coups et d\u00e9pouill\u00e9s \u00e0 la sortie d\u2019une discoth\u00e8que, les vigiles arrivent \u00e0 la rescousse<\/a>\n    <\/p>\n<p>Le tribunal n\u2019a pas retenu la l\u00e9gitime d\u00e9fense mais a r\u00e9duit le quantum de la peine. Deux ans de prison avec sursis et une estimation du pr\u00e9judice \u00ab\u00a0dont vous \u00eates responsable \u00e0 40\u00a0%\u00a0\u00bb, pr\u00e9vient le pr\u00e9sident \u00e0 l\u2019adresse de la victime. Cet homme obtient 50\u00a0000\u00a0euros de provision, plus 2\u00a0000\u00a0euros pour les frais de justice. Une audience au fond, sur l\u2019indemnisation civile, est pr\u00e9vue en d\u00e9cembre.<\/p>\n","protected":false},"excerpt":{"rendered":"l&rsquo;essentiel Un coup de poing devant un bar toulousain a boulevers\u00e9 deux vies en novembre\u00a02021, \u00e0 Toulouse. Hugo,&hellip;\n","protected":false},"author":2,"featured_media":695461,"comment_status":"","ping_status":"","sticky":false,"template":"","format":"standard","meta":{"footnotes":""},"categories":[1586],"tags":[11,1777,674,1779,1011,27,329,2722,303,12,25,2312,1778,364],"class_list":{"0":"post-695460","1":"post","2":"type-post","3":"status-publish","4":"format-standard","5":"has-post-thumbnail","7":"category-europe","8":"tag-actualites","9":"tag-eu","10":"tag-europe","11":"tag-european-union","12":"tag-fr","13":"tag-france","14":"tag-france-monde","15":"tag-haute-garonne","16":"tag-justice","17":"tag-news","18":"tag-republique-francaise","19":"tag-toulouse","20":"tag-ue","21":"tag-union-europeenne"},"share_on_mastodon":{"url":"https:\/\/pubeurope.com\/@fr\/115973861245603558","error":""},"_links":{"self":[{"href":"https:\/\/www.europesays.com\/fr\/wp-json\/wp\/v2\/posts\/695460","targetHints":{"allow":["GET"]}}],"collection":[{"href":"https:\/\/www.europesays.com\/fr\/wp-json\/wp\/v2\/posts"}],"about":[{"href":"https:\/\/www.europesays.com\/fr\/wp-json\/wp\/v2\/types\/post"}],"author":[{"embeddable":true,"href":"https:\/\/www.europesays.com\/fr\/wp-json\/wp\/v2\/users\/2"}],"replies":[{"embeddable":true,"href":"https:\/\/www.europesays.com\/fr\/wp-json\/wp\/v2\/comments?post=695460"}],"version-history":[{"count":0,"href":"https:\/\/www.europesays.com\/fr\/wp-json\/wp\/v2\/posts\/695460\/revisions"}],"wp:featuredmedia":[{"embeddable":true,"href":"https:\/\/www.europesays.com\/fr\/wp-json\/wp\/v2\/media\/695461"}],"wp:attachment":[{"href":"https:\/\/www.europesays.com\/fr\/wp-json\/wp\/v2\/media?parent=695460"}],"wp:term":[{"taxonomy":"category","embeddable":true,"href":"https:\/\/www.europesays.com\/fr\/wp-json\/wp\/v2\/categories?post=695460"},{"taxonomy":"post_tag","embeddable":true,"href":"https:\/\/www.europesays.com\/fr\/wp-json\/wp\/v2\/tags?post=695460"}],"curies":[{"name":"wp","href":"https:\/\/api.w.org\/{rel}","templated":true}]}}