{"id":695468,"date":"2026-01-28T17:22:09","date_gmt":"2026-01-28T17:22:09","guid":{"rendered":"https:\/\/www.europesays.com\/fr\/695468\/"},"modified":"2026-01-28T17:22:09","modified_gmt":"2026-01-28T17:22:09","slug":"rct-le-retour-surprise-de-melvyn-jaminet-et-maa-nonu-pour-le-choc-face-a-pau","status":"publish","type":"post","link":"https:\/\/www.europesays.com\/fr\/695468\/","title":{"rendered":"RCT : Le retour surprise de Melvyn Jaminet et Ma\u2019a Nonu pour le choc face \u00e0 Pau !"},"content":{"rendered":"<p data-path-to-node=\"0\">Le Rugby Club Toulonnais se pr\u00e9pare \u00e0 un tournant majeur de sa saison avec un d\u00e9placement p\u00e9rilleux sur la pelouse de la Section Paloise ce dimanche.<\/p>\n<p data-path-to-node=\"1\">Ce duel de haut de tableau oppose le quatri\u00e8me au deuxi\u00e8me du championnat, offrant au RCT l\u2019opportunit\u00e9 de combler son retard de quatre points sur les B\u00e9arnais en cas de victoire.<\/p>\n<p data-path-to-node=\"2\">Pour compenser l\u2019absence de ses nombreux internationaux retenus pour le Tournoi des 6 Nations, Pierre Mignoni pourra compter sur un retour massif de joueurs cadres au sein de son effectif.<\/p>\n<p data-path-to-node=\"3\">L\u2019infirmerie toulonnaise s\u2019est consid\u00e9rablement vid\u00e9e avec le retour \u00e0 la comp\u00e9tition de Melvyn Jaminet, \u00e9loign\u00e9 des terrains depuis le mois de d\u00e9cembre en raison d\u2019une blessure \u00e0 la main.<\/p>\n<p data-path-to-node=\"3\">Selon les informations de <a href=\"https:\/\/www.rugbyrama.fr\/2026\/01\/28\/top-14-toulon-jaminet-et-villiere-sont-de-retour-un-autre-international-entrevoit-le-bout-du-tunnel-13193458.php\" target=\"_blank\" rel=\"noopener\">Midi Olympique<\/a>, l\u2019arri\u00e8re international Fran\u00e7ais est d\u00e9sormais apte apr\u00e8s avoir re\u00e7u le feu vert m\u00e9dical pour reprendre la comp\u00e9tition.<\/p>\n<p data-path-to-node=\"4\">Le staff varois enregistre \u00e9galement les retours pr\u00e9cieux de Gabin Villi\u00e8re, Gianmarco Lucchesi et de l\u2019exp\u00e9riment\u00e9 Ma\u2019a Nonu, tous aptes pour ce choc au sommet du Top 14.<\/p>\n<p data-path-to-node=\"5\">Le jeune centre Oliver Cowie, un temps incertain apr\u00e8s le match contre Montpellier, a repris l\u2019entra\u00eenement normalement et postule lui aussi pour une place dans le groupe ce week-end.<\/p>\n<p data-path-to-node=\"6\">En revanche, plusieurs joueurs ne pourront pas postuler. On pense notamment aux internationaux Fran\u00e7ais Charles Ollivon, Jean-Baptiste Gros et Baptiste Serin qui devraient \u00eatre conserv\u00e9s par Fabien Galthi\u00e9.<\/p>\n<p data-path-to-node=\"6\">Un doute persiste autour de Dany Priso et de Ga\u00ebl Dr\u00e9an, lesquels pourraient \u00eatre lib\u00e9r\u00e9s par Fabien Galthi\u00e9, ce mercredi soir.<\/p>\n<p data-path-to-node=\"6\">Concernant Paolo Garbisi, Juan Ignacio Brex et Ben White, ils devraient pouvoir r\u00e9int\u00e9grer le groupe Toulonnais d\u00e8s jeudi, eux qui sont actuellement avec leur s\u00e9lection nationale.<\/p>\n<p data-path-to-node=\"6\">Fort de ces renforts, le club de la Rade esp\u00e8re r\u00e9it\u00e9rer sa performance du match aller o\u00f9 il s\u2019\u00e9tait impos\u00e9 avec le bonus offensif face \u00e0 ces m\u00eames Palois.<\/p>\n","protected":false},"excerpt":{"rendered":"Le Rugby Club Toulonnais se pr\u00e9pare \u00e0 un tournant majeur de sa saison avec un d\u00e9placement p\u00e9rilleux sur&hellip;\n","protected":false},"author":2,"featured_media":695469,"comment_status":"","ping_status":"","sticky":false,"template":"","format":"standard","meta":{"footnotes":""},"categories":[1416],"tags":[1011,27,479,1468,60],"class_list":{"0":"post-695468","1":"post","2":"type-post","3":"status-publish","4":"format-standard","5":"has-post-thumbnail","7":"category-rugby","8":"tag-fr","9":"tag-france","10":"tag-rugby","11":"tag-rugby-football","12":"tag-sports"},"share_on_mastodon":{"url":"https:\/\/pubeurope.com\/@fr\/115973884761804210","error":""},"_links":{"self":[{"href":"https:\/\/www.europesays.com\/fr\/wp-json\/wp\/v2\/posts\/695468","targetHints":{"allow":["GET"]}}],"collection":[{"href":"https:\/\/www.europesays.com\/fr\/wp-json\/wp\/v2\/posts"}],"about":[{"href":"https:\/\/www.europesays.com\/fr\/wp-json\/wp\/v2\/types\/post"}],"author":[{"embeddable":true,"href":"https:\/\/www.europesays.com\/fr\/wp-json\/wp\/v2\/users\/2"}],"replies":[{"embeddable":true,"href":"https:\/\/www.europesays.com\/fr\/wp-json\/wp\/v2\/comments?post=695468"}],"version-history":[{"count":0,"href":"https:\/\/www.europesays.com\/fr\/wp-json\/wp\/v2\/posts\/695468\/revisions"}],"wp:featuredmedia":[{"embeddable":true,"href":"https:\/\/www.europesays.com\/fr\/wp-json\/wp\/v2\/media\/695469"}],"wp:attachment":[{"href":"https:\/\/www.europesays.com\/fr\/wp-json\/wp\/v2\/media?parent=695468"}],"wp:term":[{"taxonomy":"category","embeddable":true,"href":"https:\/\/www.europesays.com\/fr\/wp-json\/wp\/v2\/categories?post=695468"},{"taxonomy":"post_tag","embeddable":true,"href":"https:\/\/www.europesays.com\/fr\/wp-json\/wp\/v2\/tags?post=695468"}],"curies":[{"name":"wp","href":"https:\/\/api.w.org\/{rel}","templated":true}]}}