{"id":69547,"date":"2025-05-02T14:44:14","date_gmt":"2025-05-02T14:44:14","guid":{"rendered":"https:\/\/www.europesays.com\/fr\/69547\/"},"modified":"2025-05-02T14:44:14","modified_gmt":"2025-05-02T14:44:14","slug":"girondins-les-supporters-de-bordeaux-doivent-sopposer-a-gerard-lopez","status":"publish","type":"post","link":"https:\/\/www.europesays.com\/fr\/69547\/","title":{"rendered":"Girondins : \u00ab\u00a0Les supporters de Bordeaux doivent s&rsquo;opposer \u00e0 G\u00e9rard Lopez\u00a0\u00bb"},"content":{"rendered":"<p><img decoding=\"async\" src=\"https:\/\/www.europesays.com\/fr\/wp-content\/uploads\/2025\/04\/671_2bc5c6247bff436fbaa2d10486415364.jpg\" alt=\"Girondins : &quot;Les supporters de Bordeaux doivent s'opposer \u00e0 G\u00e9rard Lopez&quot;\" class=\"img-responsive mt-3\"\/><\/p>\n<p class=\"text-center mb-3\" style=\"font-size: 14px\">\u00a9 Iconsport<\/p>\n<p>\u00c9coutez ses propos ou lisez-les :<\/p>\n<p>\u00a0<\/p>\n<p><strong>\u00ab\u00a0Notre devoir en tant que supporter est de dire \u00e0 Lopez de trouver une solution pour partir\u00a0\u00bb<\/strong><\/p>\n<p style=\"text-align: justify;\">Djino Fort\u00e9 dans le <a href=\"https:\/\/www.youtube.com\/watch?v=DsE6xXWLuBw&amp;t=5053s\" target=\"_blank\" rel=\"noopener\">Talk sur WebGirondins<\/a> : \u00ab\u00a0La grogne des supporters est l\u00e9gitime. Il faut souligner la continuit\u00e9 des <a href=\"https:\/\/www.webgirondins.com\/actualite-girondins-communique-des-north-gate-bordeaux-le-fcgb-doit-etre-libere-de-cette-emprise-toxique-128809\" target=\"_blank\" rel=\"noopener\">North Gate<\/a> sur le dossier G\u00e9rard Lopez. \u00c7a ne date pas d&rsquo;aujourd&rsquo;hui leur total d\u00e9saccord avec la politique men\u00e9e par <a href=\"https:\/\/www.webgirondins.com\/actualite-girondins-girondins-la-petite-phrase-de-romain-molina-sur-les-interets-de-gerard-lopez-a-bordeaux-128896\" target=\"_blank\" rel=\"noopener\">G\u00e9rard Lopez<\/a>. Le Kop 33 s&rsquo;est joint \u00e0 ce communiqu\u00e9 (demandant le d\u00e9part de Lopez). Que le Virage Sud rentre dans cette danse pour demander des comptes \u00e0 Lopez, je trouve cela tardif, et que cela se fasse dans une opposition. On ne peut pas \u00eatre dans de la coconstruction avec G\u00e9rard Lopez. Ce n&rsquo;est pas admissible pour moi. Que les Ultramarines rencontrent G.Lopez, tant mieux, mais qu&rsquo;ils soient vraiment dans une opposition avec le pr\u00e9sident, pas dans la construction d&rsquo;un projet.\u00a0\u00bb<\/p>\n<p><strong>\u00ab\u00a0G\u00e9rard Lopez est dans son royaume \u00e0 Bordeaux\u00a0\u00bb<\/strong><\/p>\n<p style=\"text-align: justify;\">\u00ab\u00a0Depuis 2022, ils se sont fait retoquer par G.Lopez sur le pr\u00e9sident d\u00e9l\u00e9gu\u00e9, car il est dans son royaume aux Girondins de Bordeaux. On est \u00e0 la remorque de G\u00e9rard Lopez. Je pense que les supporters comme au Virage Nord doivent \u00eatre dans une opposition. La confiance n&rsquo;existe pas apr\u00e8s toutes ces ann\u00e9es. Notre devoir en tant que supporter est de dire \u00e0 Lopez de trouver une solution pour partir. Et non, pour r\u00e9partir sur 6 ans, on parle de quoi ? Je ne peux pas l&rsquo;admettre comme beaucoup de bordelais.\u00a0\u00bb<\/p>\n<p style=\"text-align: justify;\">Dans leur communiqu\u00e9 publi\u00e9 lundi dernier, les Ultramarines ont mentionn\u00e9 que G\u00e9rard Lopez avait un plan \u00e0 6 ans pour les Girondins.<\/p>\n<p>&gt;&gt;\u00a0<strong><a href=\"https:\/\/www.webgirondins.com\/actualite-girondins-entretien-nisa-saveljic-il-faut-nettoyer-la-maison-girondins-de-bordeaux-128904\" target=\"_blank\" rel=\"noopener\">ENTRETIEN. Nisa Saveljic : \u00ab\u00a0Il faut nettoyer la maison Girondins de Bordeaux\u00a0\u00bb<\/a><\/strong><\/p>\n<p>\u00a0<\/p>\n","protected":false},"excerpt":{"rendered":"\u00a9 Iconsport \u00c9coutez ses propos ou lisez-les : \u00a0 \u00ab\u00a0Notre devoir en tant que supporter est de dire&hellip;\n","protected":false},"author":2,"featured_media":41695,"comment_status":"","ping_status":"","sticky":false,"template":"","format":"standard","meta":{"footnotes":""},"categories":[2817],"tags":[1111,11,1997,3721,352,1446,17179,7682,1777,674,9212,1011,27,8294,1987,15287,8295,12,2219,17181,17178,17180,6020,25,1015,10221],"class_list":{"0":"post-69547","1":"post","2":"type-post","3":"status-publish","4":"format-standard","5":"has-post-thumbnail","7":"category-bordeaux","8":"tag-actu","9":"tag-actualites","10":"tag-bordeaux","11":"tag-chroniqueur","12":"tag-crise","13":"tag-dans","14":"tag-djino","15":"tag-doivent","16":"tag-eu","17":"tag-europe","18":"tag-forte","19":"tag-fr","20":"tag-france","21":"tag-gerard","22":"tag-girondins","23":"tag-historique","24":"tag-lopez","25":"tag-news","26":"tag-nouvelle-aquitaine","27":"tag-opposant","28":"tag-opposer","29":"tag-position","30":"tag-prend","31":"tag-republique-francaise","32":"tag-supporter","33":"tag-supporters"},"share_on_mastodon":{"url":"https:\/\/pubeurope.com\/@fr\/114438777393763895","error":""},"_links":{"self":[{"href":"https:\/\/www.europesays.com\/fr\/wp-json\/wp\/v2\/posts\/69547","targetHints":{"allow":["GET"]}}],"collection":[{"href":"https:\/\/www.europesays.com\/fr\/wp-json\/wp\/v2\/posts"}],"about":[{"href":"https:\/\/www.europesays.com\/fr\/wp-json\/wp\/v2\/types\/post"}],"author":[{"embeddable":true,"href":"https:\/\/www.europesays.com\/fr\/wp-json\/wp\/v2\/users\/2"}],"replies":[{"embeddable":true,"href":"https:\/\/www.europesays.com\/fr\/wp-json\/wp\/v2\/comments?post=69547"}],"version-history":[{"count":0,"href":"https:\/\/www.europesays.com\/fr\/wp-json\/wp\/v2\/posts\/69547\/revisions"}],"wp:featuredmedia":[{"embeddable":true,"href":"https:\/\/www.europesays.com\/fr\/wp-json\/wp\/v2\/media\/41695"}],"wp:attachment":[{"href":"https:\/\/www.europesays.com\/fr\/wp-json\/wp\/v2\/media?parent=69547"}],"wp:term":[{"taxonomy":"category","embeddable":true,"href":"https:\/\/www.europesays.com\/fr\/wp-json\/wp\/v2\/categories?post=69547"},{"taxonomy":"post_tag","embeddable":true,"href":"https:\/\/www.europesays.com\/fr\/wp-json\/wp\/v2\/tags?post=69547"}],"curies":[{"name":"wp","href":"https:\/\/api.w.org\/{rel}","templated":true}]}}