{"id":695472,"date":"2026-01-28T17:27:13","date_gmt":"2026-01-28T17:27:13","guid":{"rendered":"https:\/\/www.europesays.com\/fr\/695472\/"},"modified":"2026-01-28T17:27:13","modified_gmt":"2026-01-28T17:27:13","slug":"pour-eviter-les-chutes-cette-celebre-epreuve-de-la-manche-prend-des-mesures-fortes","status":"publish","type":"post","link":"https:\/\/www.europesays.com\/fr\/695472\/","title":{"rendered":"pour \u00e9viter les chutes, cette c\u00e9l\u00e8bre \u00e9preuve de la Manche prend des mesures fortes"},"content":{"rendered":"<p>                    Par<br \/>\n        <strong><br \/>\n            <a href=\"https:\/\/actu.fr\/auteur\/b-hue\" title=\"Consulter tous les articles de Baptiste Hue\" target=\"_blank\" rel=\"noopener\">Baptiste Hue<\/a><br \/>\n                    <\/strong><\/p>\n<p>        Publi\u00e9 le<\/p>\n<p>            28 janv. 2026 \u00e0 15h11        <\/p>\n<p>Apr\u00e8s plusieurs \u00e9ditions \u00e9maill\u00e9es par des<b> chutes massives<\/b>, dont une qui avait projet\u00e9 quinze coureurs au sol, envoy\u00e9 trois d\u2019entre eux \u00e0 l\u2019h\u00f4pital et conduit \u00e0 l\u2019<a href=\"https:\/\/actu.fr\/normandie\/saint-sauveur-villages_50550\/cyclisme-grosse-chute-sur-la-gislard-a-saint-sauveur-lendelin-la-course-annulee_58982401.html\" target=\"_blank\" rel=\"noopener\">annulation de l\u2019\u00e9preuve en 2023<\/a>, les organisateurs de la <b>Gislard <\/b>\u00e0\u00a0<a href=\"https:\/\/actu.fr\/normandie\/saint-sauveur-villages_50550\" target=\"_blank\" rel=\"noopener\">Saint-Sauveur-Lendelin<\/a> (\u00c9lite Nationale) ont d\u00e9cid\u00e9 d\u2019agir<b> en modifiant totalement un circuit jug\u00e9 \u00ab<\/b>\u2009<b>trop rapide<\/b>\u2009<b>\u00bb et donc \u00ab<\/b>\u2009<b>trop dangereux<\/b>\u2009<b>\u00bb <\/b>par les coureurs.<\/p>\n<p class=\" wall-content\">En 2025, <b>certaines \u00e9quipes avaient menac\u00e9 de ne plus venir <\/b>apr\u00e8s un final une nouvelle fois entach\u00e9 par une <a href=\"https:\/\/actu.fr\/sports\/cyclisme\/cyclisme-une-grosse-chute-a-larrivee-de-la-gislard-quatre-coureurs-a-lhopital_62505711.html\" target=\"_blank\" rel=\"noopener\">\u00e9norme \u00ab<\/a>\u2009<a href=\"https:\/\/actu.fr\/sports\/cyclisme\/cyclisme-une-grosse-chute-a-larrivee-de-la-gislard-quatre-coureurs-a-lhopital_62505711.html\" target=\"_blank\" rel=\"noopener\">gamelle<\/a>\u2009<a href=\"https:\/\/actu.fr\/sports\/cyclisme\/cyclisme-une-grosse-chute-a-larrivee-de-la-gislard-quatre-coureurs-a-lhopital_62505711.html\" target=\"_blank\" rel=\"noopener\">\u00bb qui avait mis \u00e0 terre environ 30 coureurs et n\u00e9cessit\u00e9 l\u2019intervention de quatre ambulances<\/a>.<\/p>\n<p>Une petite route jug\u00e9e trop dangereuse<\/p>\n<p class=\" wall-content\">\u00ab\u2009Avec l\u2019\u00e9volution du mat\u00e9riel, les moyennes sont de plus en plus rapides, <b>les coureurs frottent \u00e9norm\u00e9ment<\/b>. La petite route en descente posait probl\u00e8me\u2009\u00bb, admet <a href=\"https:\/\/actu.fr\/normandie\/port-bail-sur-mer_50412\/passionne-de-velo-et-de-photographie-andre-quentin-une-figure-de-port-bail-sur-mer_63714269.html\" target=\"_blank\" rel=\"noopener\">Andr\u00e9 Quentin<\/a>, le chef d\u2019orchestre de ce week-end de la Gainsbarre-Gislard, l\u2019<b>un des principaux temps forts annuels du calendrier cycliste normand<\/b>.<\/p>\n<p class=\" wall-content\">Avec l\u2019aide de son bras droit, le jeune Matt\u00e9o Ruet, il a pu accoucher d\u2019un <b>nouveau parcours<\/b>, <b>long de 11,1<\/b>\u00a0<b>km<\/b> (au lieu de 10,5\u00a0km pour le circuit \u00ab\u2009historique\u2009\u00bb), qui passera par les communes de\u00a0<a href=\"https:\/\/actu.fr\/normandie\/saint-aubin-du-perron_50449\" target=\"_blank\" rel=\"noopener\">Saint-Aubin-du-Perron<\/a>\u00a0et\u00a0<b>Saint-Michel-de-la-Pierre<\/b>, et non plus par <b>La Rondehaye<\/b>.<\/p>\n<p class=\" wall-content\">L\u2019arriv\u00e9e se situera en face du coll\u00e8ge Tancr\u00e8de de Hauteville. \u00ab\u2009Ce sont des <b>belles routes, bien larges<\/b>\u2009\u00bb, pr\u00e9cise Andr\u00e9 Quentin, qui qualifie ce circuit comme \u00ab\u2009casse-pattes\u2009\u00bb, sans grosses difficult\u00e9s mais avec de nombreux faux-plats.<\/p>\n<p>Rendez-vous les 11 et 12\u00a0avril<\/p>\n<p class=\" wall-content\">Les coureurs devront le <b>boucler \u00e0 13 reprises<\/b> pour un total de <b>144,3<\/b>\u00a0<b>km<\/b>. \u00ab\u2009Ce sera usant\u2009\u00bb, promet-il. Et surtout <b>beaucoup plus s\u00e9curisant<\/b>\u2026<\/p>\n<p>Vid\u00e9os : en ce moment sur Actu<\/p>\n<p class=\" wall-content\">Le rendez-vous est fix\u00e9 au <b>samedi 11<\/b>\u00a0<b>avril <\/b>pour la <a href=\"https:\/\/actu.fr\/normandie\/port-bail-sur-mer_50412\/video-cyclisme-alexis-robert-du-team-bricquebec-cotentin-remporte-la-20e-edition-de-la-gainsbarre_62503799.html\" target=\"_blank\" rel=\"noopener\">Gainsbarre<\/a> \u00e0 <a href=\"https:\/\/actu.fr\/normandie\/port-bail-sur-mer_50412\" target=\"_blank\" rel=\"noopener\">Portbail<\/a> et au <b>dimanche 12<\/b>\u00a0<b>avril 2026 <\/b>pour la <a href=\"https:\/\/actu.fr\/sports\/cyclisme\/cyclisme-un-estonien-inscrit-son-nom-au-palmares-de-la-gislard_62505083.html\" target=\"_blank\" rel=\"noopener\">Gislard<\/a> \u00e0 Saint-Sauveur-Villages.<\/p>\n<p class=\" wall-content\">Personnalisez votre actualit\u00e9 en ajoutant vos villes et m\u00e9dias en favori avec <a href=\"https:\/\/moncompte.actu.fr\" title=\"D\u00e9couvez Mon Actu\" rel=\"nofollow noopener\" data-trk=\"{&quot;cta&quot;:{&quot;action&quot;:&quot;https:\\\/\\\/moncompte.actu.fr&quot;,&quot;category&quot;:&quot;mon compte&quot;,&quot;from&quot;:&quot;article footer&quot;,&quot;name&quot;:&quot;Mon actu&quot;,&quot;type&quot;:&quot;cta&quot;}}\" target=\"_blank\">Mon Actu<\/a>.<\/p>\n","protected":false},"excerpt":{"rendered":"Par Baptiste Hue Publi\u00e9 le 28 janv. 2026 \u00e0 15h11 Apr\u00e8s plusieurs \u00e9ditions \u00e9maill\u00e9es par des chutes massives,&hellip;\n","protected":false},"author":2,"featured_media":695473,"comment_status":"","ping_status":"","sticky":false,"template":"","format":"standard","meta":{"footnotes":""},"categories":[1411],"tags":[3168,1154,207,1011,27,60],"class_list":{"0":"post-695472","1":"post","2":"type-post","3":"status-publish","4":"format-standard","5":"has-post-thumbnail","7":"category-cyclisme","8":"tag-cotentin","9":"tag-cycling","10":"tag-cyclisme","11":"tag-fr","12":"tag-france","13":"tag-sports"},"share_on_mastodon":{"url":"https:\/\/pubeurope.com\/@fr\/115973904418792909","error":""},"_links":{"self":[{"href":"https:\/\/www.europesays.com\/fr\/wp-json\/wp\/v2\/posts\/695472","targetHints":{"allow":["GET"]}}],"collection":[{"href":"https:\/\/www.europesays.com\/fr\/wp-json\/wp\/v2\/posts"}],"about":[{"href":"https:\/\/www.europesays.com\/fr\/wp-json\/wp\/v2\/types\/post"}],"author":[{"embeddable":true,"href":"https:\/\/www.europesays.com\/fr\/wp-json\/wp\/v2\/users\/2"}],"replies":[{"embeddable":true,"href":"https:\/\/www.europesays.com\/fr\/wp-json\/wp\/v2\/comments?post=695472"}],"version-history":[{"count":0,"href":"https:\/\/www.europesays.com\/fr\/wp-json\/wp\/v2\/posts\/695472\/revisions"}],"wp:featuredmedia":[{"embeddable":true,"href":"https:\/\/www.europesays.com\/fr\/wp-json\/wp\/v2\/media\/695473"}],"wp:attachment":[{"href":"https:\/\/www.europesays.com\/fr\/wp-json\/wp\/v2\/media?parent=695472"}],"wp:term":[{"taxonomy":"category","embeddable":true,"href":"https:\/\/www.europesays.com\/fr\/wp-json\/wp\/v2\/categories?post=695472"},{"taxonomy":"post_tag","embeddable":true,"href":"https:\/\/www.europesays.com\/fr\/wp-json\/wp\/v2\/tags?post=695472"}],"curies":[{"name":"wp","href":"https:\/\/api.w.org\/{rel}","templated":true}]}}