{"id":695478,"date":"2026-01-28T17:30:10","date_gmt":"2026-01-28T17:30:10","guid":{"rendered":"https:\/\/www.europesays.com\/fr\/695478\/"},"modified":"2026-01-28T17:30:10","modified_gmt":"2026-01-28T17:30:10","slug":"re-2020-de-nouveaux-batiments-concernes-a-partir-du-1er-mai-2026","status":"publish","type":"post","link":"https:\/\/www.europesays.com\/fr\/695478\/","title":{"rendered":"RE 2020 : de nouveaux b\u00e2timents concern\u00e9s \u00e0 partir du 1er mai 2026"},"content":{"rendered":"<p>Le d\u00e9cret n\u00b02026-16 du 15 janvier 2026 relatif aux exigences de performance \u00e9nerg\u00e9tique et environnementale des constructions de b\u00e2timents d&rsquo;activit\u00e9s tertiaires sp\u00e9cifiques et de b\u00e2timents \u00e0 usage industriel et artisanal en France m\u00e9tropolitaine,\u202fvient \u00e9tendre le p\u00e9rim\u00e8tre d\u2019application de la r\u00e9glementation environnementale RE 2020. Jusqu\u2019alors, l&rsquo;application de la r\u00e9glementation \u00e9tait limit\u00e9e aux b\u00e2timents d\u2019habitation, de bureaux ainsi qu\u2019aux \u00e9tablissements d\u2019enseignement primaire et secondaire.\u00a0<\/p>\n","protected":false},"excerpt":{"rendered":"Le d\u00e9cret n\u00b02026-16 du 15 janvier 2026 relatif aux exigences de performance \u00e9nerg\u00e9tique et environnementale des constructions de&hellip;\n","protected":false},"author":2,"featured_media":695479,"comment_status":"","ping_status":"","sticky":false,"template":"","format":"standard","meta":{"footnotes":""},"categories":[1358],"tags":[1348,1384,1385,1386,58,59,1011,27],"class_list":{"0":"post-695478","1":"post","2":"type-post","3":"status-publish","4":"format-standard","5":"has-post-thumbnail","7":"category-arts-et-design","8":"tag-arts","9":"tag-arts-and-design","10":"tag-arts-et-design","11":"tag-design","12":"tag-divertissement","13":"tag-entertainment","14":"tag-fr","15":"tag-france"},"share_on_mastodon":{"url":"https:\/\/pubeurope.com\/@fr\/115973916080827113","error":""},"_links":{"self":[{"href":"https:\/\/www.europesays.com\/fr\/wp-json\/wp\/v2\/posts\/695478","targetHints":{"allow":["GET"]}}],"collection":[{"href":"https:\/\/www.europesays.com\/fr\/wp-json\/wp\/v2\/posts"}],"about":[{"href":"https:\/\/www.europesays.com\/fr\/wp-json\/wp\/v2\/types\/post"}],"author":[{"embeddable":true,"href":"https:\/\/www.europesays.com\/fr\/wp-json\/wp\/v2\/users\/2"}],"replies":[{"embeddable":true,"href":"https:\/\/www.europesays.com\/fr\/wp-json\/wp\/v2\/comments?post=695478"}],"version-history":[{"count":0,"href":"https:\/\/www.europesays.com\/fr\/wp-json\/wp\/v2\/posts\/695478\/revisions"}],"wp:featuredmedia":[{"embeddable":true,"href":"https:\/\/www.europesays.com\/fr\/wp-json\/wp\/v2\/media\/695479"}],"wp:attachment":[{"href":"https:\/\/www.europesays.com\/fr\/wp-json\/wp\/v2\/media?parent=695478"}],"wp:term":[{"taxonomy":"category","embeddable":true,"href":"https:\/\/www.europesays.com\/fr\/wp-json\/wp\/v2\/categories?post=695478"},{"taxonomy":"post_tag","embeddable":true,"href":"https:\/\/www.europesays.com\/fr\/wp-json\/wp\/v2\/tags?post=695478"}],"curies":[{"name":"wp","href":"https:\/\/api.w.org\/{rel}","templated":true}]}}