{"id":695522,"date":"2026-01-28T17:55:16","date_gmt":"2026-01-28T17:55:16","guid":{"rendered":"https:\/\/www.europesays.com\/fr\/695522\/"},"modified":"2026-01-28T17:55:16","modified_gmt":"2026-01-28T17:55:16","slug":"metropole-de-grenoble-plus-de-100-000-euros-davoirs-criminels-saisis-apres-une-operation-anti-drogue","status":"publish","type":"post","link":"https:\/\/www.europesays.com\/fr\/695522\/","title":{"rendered":"M\u00e9tropole de Grenoble. Plus de 100\u00a0000\u00a0euros d\u2019avoirs criminels saisis apr\u00e8s une op\u00e9ration anti-drogue"},"content":{"rendered":"<p>Une op\u00e9ration de lutte contre le trafic de drogue a permis en d\u00e9but de semaine d\u2019interpeller cinq personnes et de saisir plusieurs kilos de produits stup\u00e9fiants ainsi que des avoirs criminels sur des comptes bancaires et en cryptomonnaie, a indiqu\u00e9 ce mercredi \u00c9tienne Manteaux, procureur de la R\u00e9publique de Grenoble. Ce coup\u00a0de filet contre ce r\u00e9seau op\u00e9rant sur l\u2019ensemble de l\u2019agglom\u00e9ration grenobloise est le fruit d\u2019une enqu\u00eate r\u00e9alis\u00e9e par la brigade de recherches de Grenoble. \u00c0 Claix tout d\u2019abord, le domicile d\u2019un homme de 69 ans qui n\u2019\u00e9tait jusqu\u2019alors connu que pour des d\u00e9lits routiers a \u00e9t\u00e9 perquisitionn\u00e9. De la coca\u00efne, du haschich, de l\u2019ecstasy et une arme de poing ont \u00e9t\u00e9 d\u00e9couverts chez cet homme qui, selon le parquet, \u00ab\u00a0collaborait de son plein gr\u00e9\u00a0\u00bb avec le r\u00e9seau.<\/p>\n<p>Chez un homme de 30 ans tr\u00e8s connu de la justice ont \u00e9t\u00e9 trouv\u00e9s 2,7\u00a0kilos de r\u00e9sine de cannabis et des cigarettes contrefaites.\u00a0Trois autres hommes ont \u00e9t\u00e9 arr\u00eat\u00e9s, notamment un homme de 30 ans condamn\u00e9 \u00e0 neuf reprises, qui \u00ab\u00a0appara\u00eet comme le potentiel financier du r\u00e9seau\u00a0\u00bb, selon Etienne Manteaux. Chez ce suspect qui touche le RSA, de nombreux objets de luxe ont \u00e9t\u00e9 d\u00e9couverts. Par ailleurs, le train de vie de cet homme appara\u00eet disproportionn\u00e9 par rapport \u00e0 ses revenus, puisqu\u2019il faisait des s\u00e9jours r\u00e9guliers \u00e0 Duba\u00ef. \u00ab\u00a0Nous allons faire le n\u00e9cessaire pour informer l\u2019organisme verseur du RSA des faits qui lui sont reproch\u00e9s\u00a0\u00bb, a indiqu\u00e9 le chef du parquet. Au total, 3,3\u00a0kilos de haschich, 250 grammes d\u2019herbe de cannabis, 370 grammes de coca\u00efne, 200 comprim\u00e9s d\u2019ecstasy ont \u00e9t\u00e9 saisis lors des perquisitions, ainsi que 3\u00a0200\u00a0euros en num\u00e9raires. Ont \u00e9t\u00e9 saisis \u00e9galement 80\u00a0000\u00a0euros au titre des avoirs criminels\u00a0sur des comptes, 30\u00a0000\u00a0euros en cryptomonnaie, ainsi qu\u2018une Renault Clio. Quatre des cinq suspects ont \u00e9t\u00e9 plac\u00e9s en d\u00e9tention provisoire ce mercredi, l\u2019homme de 69 ans \u00e9tant plac\u00e9 sous contr\u00f4le judiciaire. Les cinq suspects seront jug\u00e9s par le tribunal correctionnel de 25\u00a0mars prochain.<\/p>\n","protected":false},"excerpt":{"rendered":"Une op\u00e9ration de lutte contre le trafic de drogue a permis en d\u00e9but de semaine d\u2019interpeller cinq personnes&hellip;\n","protected":false},"author":2,"featured_media":695523,"comment_status":"","ping_status":"","sticky":false,"template":"","format":"standard","meta":{"footnotes":""},"categories":[9566],"tags":[1111,11,2430,271,272,112,1777,674,274,1011,27,2731,2732,108,8721,12,25],"class_list":{"0":"post-695522","1":"post","2":"type-post","3":"status-publish","4":"format-standard","5":"has-post-thumbnail","7":"category-grenoble","8":"tag-actu","9":"tag-actualites","10":"tag-auvergne-rhone-alpes","11":"tag-crime","12":"tag-delit-et-contravention","13":"tag-edition-grenoble-agglomeration","14":"tag-eu","15":"tag-europe","16":"tag-faits-divers-justice","17":"tag-fr","18":"tag-france","19":"tag-grenoble","20":"tag-grenoble-bassin","21":"tag-isere","22":"tag-narcotrafic","23":"tag-news","24":"tag-republique-francaise"},"share_on_mastodon":{"url":"https:\/\/pubeurope.com\/@fr\/115974014545177904","error":""},"_links":{"self":[{"href":"https:\/\/www.europesays.com\/fr\/wp-json\/wp\/v2\/posts\/695522","targetHints":{"allow":["GET"]}}],"collection":[{"href":"https:\/\/www.europesays.com\/fr\/wp-json\/wp\/v2\/posts"}],"about":[{"href":"https:\/\/www.europesays.com\/fr\/wp-json\/wp\/v2\/types\/post"}],"author":[{"embeddable":true,"href":"https:\/\/www.europesays.com\/fr\/wp-json\/wp\/v2\/users\/2"}],"replies":[{"embeddable":true,"href":"https:\/\/www.europesays.com\/fr\/wp-json\/wp\/v2\/comments?post=695522"}],"version-history":[{"count":0,"href":"https:\/\/www.europesays.com\/fr\/wp-json\/wp\/v2\/posts\/695522\/revisions"}],"wp:featuredmedia":[{"embeddable":true,"href":"https:\/\/www.europesays.com\/fr\/wp-json\/wp\/v2\/media\/695523"}],"wp:attachment":[{"href":"https:\/\/www.europesays.com\/fr\/wp-json\/wp\/v2\/media?parent=695522"}],"wp:term":[{"taxonomy":"category","embeddable":true,"href":"https:\/\/www.europesays.com\/fr\/wp-json\/wp\/v2\/categories?post=695522"},{"taxonomy":"post_tag","embeddable":true,"href":"https:\/\/www.europesays.com\/fr\/wp-json\/wp\/v2\/tags?post=695522"}],"curies":[{"name":"wp","href":"https:\/\/api.w.org\/{rel}","templated":true}]}}