{"id":695524,"date":"2026-01-28T17:56:17","date_gmt":"2026-01-28T17:56:17","guid":{"rendered":"https:\/\/www.europesays.com\/fr\/695524\/"},"modified":"2026-01-28T17:56:17","modified_gmt":"2026-01-28T17:56:17","slug":"il-y-a-un-potentiel-electoral-pour-lfi","status":"publish","type":"post","link":"https:\/\/www.europesays.com\/fr\/695524\/","title":{"rendered":"Il y a un potentiel \u00e9lectoral pour LFI"},"content":{"rendered":"<p>                    Par<br \/>\n        <strong><br \/>\n            <a href=\"https:\/\/actu.fr\/auteur\/lisa-rodrigues\" title=\"Consulter tous les articles de Lisa Rodrigues\" target=\"_blank\" rel=\"noopener\">Lisa Rodrigues<\/a><br \/>\n                    <\/strong><\/p>\n<p>        Publi\u00e9 le<\/p>\n<p>            28 janv. 2026 \u00e0 18h00        <\/p>\n<p>D\u2019apr\u00e8s le dernier (et pour le moment unique) <a href=\"https:\/\/actu.fr\/auvergne-rhone-alpes\/grenoble_38185\/municipales-a-grenoble-un-sondage-revele-une-candidate-favorite-pour-succeder-a-eric-piolle_63250255.html\" target=\"_blank\" rel=\"noopener\">sondage<\/a> sur les intentions de vote pour les municipales de <a href=\"https:\/\/actu.fr\/auvergne-rhone-alpes\/grenoble_38185\" target=\"_blank\" rel=\"noopener\">Grenoble<\/a>, le candidat LFI <a href=\"https:\/\/actu.fr\/auvergne-rhone-alpes\/grenoble_38185\/municipales-a-grenoble-allan-brunon-candidat-lfi-on-ne-fera-pas-la-chasse-aux-dealers_63459101.html\" target=\"_blank\" rel=\"noopener\">Allan Brunon<\/a> est cr\u00e9dit\u00e9 de 12 % des suffrages au premier tour, derri\u00e8re <a href=\"https:\/\/actu.fr\/auvergne-rhone-alpes\/grenoble_38185\/municipales-a-grenoble-policiers-impots-transports-les-premieres-propositions-d-alain-carignon_63336074.html\" target=\"_blank\" rel=\"noopener\">Alain Carignon<\/a> (divers droite) et <a href=\"https:\/\/actu.fr\/auvergne-rhone-alpes\/grenoble_38185\/municipales-a-grenoble-laurence-ruffin-soutenue-par-eric-piolle-la-porte-a-lfi-est-ouverte_63537963.html\" target=\"_blank\" rel=\"noopener\">Laurence Ruffin<\/a> (majorit\u00e9 sortante \u00e9cologiste).<br \/>Alors que LFI ne cache pas son ambition de faire \u00e9lire des maires insoumis, <strong>Manuel Bompard<\/strong>, coordinateur du mouvement, se rend jeudi 29 janvier dans la capitale des Alpes pour soutenir Allan Brunon. Et assume la liste autonome du parti, alors que les Insoumis \u00e9taient jusque-l\u00e0 alli\u00e9s de la majorit\u00e9.<\/p>\n<p>Une alliance possible avec la liste de Laurence Ruffin au 2nd tour<\/p>\n<p class=\" wall-content\">Pour Manuel Bompard, \u00ab\u00a0la liste \u00e9cologique n\u2019est pas en mesure de mobiliser\u00a0\u00bb suffisamment pour gagner Grenoble, apr\u00e8s des \u00e9changes infructueux sur un potentiel programme commun. La liste LFI est ainsi pr\u00e9sent\u00e9e comme un moyen de \u00ab\u00a0<strong>maintenir la ville \u00e0 gauche<\/strong>\u00ab\u00a0.<\/p>\n<p class=\" wall-content\">Un mantra que le parti m\u00e9lenchoniste compte suivre au second tour, puisqu\u2019il ne ferme pas la porte \u00e0 une alliance avec les autres listes de gauche, \u00e0 Grenoble <a href=\"https:\/\/actu.fr\/auvergne-rhone-alpes\/lyon_69123\/municipales-2026-a-lyon-lfi-n-ecarte-pas-une-alliance-avec-doucet-mais-fixe-des-lignes-rouges_63750215.html\" target=\"_blank\" rel=\"noopener\">comme ailleurs<\/a>. Sous conditions.<\/p>\n<blockquote class=\"ac-article-quote wall-content\">\n<p>Partout o\u00f9 nous serions en t\u00eate au premier tour \u00e0 gauche, on proposerait le rassemblement au 2\u1d49 tour. \u00c9videmment, si ce n&rsquo;est pas nous qui sommes en t\u00eate, c&rsquo;est \u00e0 notre liste de prendre ses responsabilit\u00e9s. On fera toujours le n\u00e9cessaire pour emp\u00eacher la victoire de la droite ou de l&rsquo;extr\u00eame droite.<\/p>\n<p>    <strong>Manuel Bompard<\/strong><br \/>\n        Coordinateur de LFI    <\/p><\/blockquote>\n<p>Les bons scores de LFI aux derni\u00e8res \u00e9lections<\/p>\n<p class=\" wall-content\">\u00c0 Grenoble, Allan Brunon est en course pour se hisser au second tour.<\/p>\n<p class=\" wall-content\">De l\u00e0 \u00e0 imaginer que la ville passe sous banni\u00e8re LFI ? Oui, \u00e0 en croire Manuel Bompard, qui s\u2019appuie sur les derniers scores du parti lors de la pr\u00e9sidentielle en 2022 (arriv\u00e9 en t\u00eate au 1er tour avec 28,37 %) et des europ\u00e9ennes en 2024 (arriv\u00e9 en t\u00eate avec 21,87 %).<\/p>\n<p class=\" wall-content\">\u00ab\u00a0Il y a un potentiel \u00e9lectoral \u00e0 Grenoble aujourd\u2019hui pour les id\u00e9es de La France insoumise qui laisse ouvert un chemin\u00a0\u00bb, veut croire le coordinateur du parti.<\/p>\n<p>Votre r\u00e9gion, votre actu !<\/p>\n<p>Recevez chaque jour les infos qui comptent pour vous.<\/p>\n<p>\t<a href=\"https:\/\/actu.fr\/newsletter\" class=\"ac-btn ac-btn--corner ac-btn--medium ac-btn--blue800\" target=\"_blank\" rel=\"noopener\">S&rsquo;incrire<\/a><br \/>\nDes propos trop radicaux ?\u00a0<\/p>\n<p class=\" wall-content\">La campagne grenobloise est aussi marqu\u00e9e par <strong>des actes de violence<\/strong>, dont certains \u00e0 l\u2019encontre d\u2019Allan Brunon. Derni\u00e8rement, son local a \u00e9t\u00e9 vis\u00e9 par <a href=\"https:\/\/actu.fr\/auvergne-rhone-alpes\/grenoble_38185\/grenoble-le-local-de-campagne-de-lfi-vandalise-le-candidat-allan-brunon-porte-plainte_63717602.html\" target=\"_blank\" rel=\"noopener\">des impacts de balles<\/a>. \u00c0 l\u2019inverse, d\u2019autres candidats ont aussi d\u00e9nonc\u00e9 des propos parfois \u00ab\u00a0radicaux\u00a0\u00bb de la part de l\u2019Insoumis grenoblois.<\/p>\n<p class=\" wall-content\">Parmi ces propos, la promesse d\u2019Allan Brunon de \u00ab\u00a0ne pas <a href=\"https:\/\/actu.fr\/auvergne-rhone-alpes\/grenoble_38185\/municipales-a-grenoble-allan-brunon-candidat-lfi-on-ne-fera-pas-la-chasse-aux-dealers_63459101.html\" target=\"_blank\" rel=\"noopener\">faire la chasse aux dealers<\/a>\u00a0\u00bb s\u2019il arrive \u00e0 la mairie. \u00ab\u00a0Il a raison de le dire, la lutte contre la criminalit\u00e9 organis\u00e9e n\u2019est pas une pr\u00e9rogative de la police municipale\u00a0\u00bb, souligne Manuel Bompard.<\/p>\n<p class=\" wall-content\">Et de relancer <a href=\"https:\/\/actu.fr\/auvergne-rhone-alpes\/grenoble_38185\/renforts-de-police-a-grenoble-la-mairie-fait-part-de-ses-exigences-a-bruno-retailleau_62292326.html\" target=\"_blank\" rel=\"noopener\">l\u2019appel de la classe politique grenobloise<\/a> \u00e0 une hausse des effectifs de la police nationale sur le territoire.\u00a0<\/p>\n<p>\u00ab\u00a0On ne va pas supprimer toutes les cam\u00e9ras\u00a0\u00bb<\/p>\n<p class=\" wall-content\">L\u2019autre sujet, ce sont les<a href=\"https:\/\/actu.fr\/auvergne-rhone-alpes\/grenoble_38185\/grenoble-le-procureur-critique-le-manque-de-cameras-les-enqueteurs-travaillent-souvent-a-l-aveugle_63755071.html\" target=\"_blank\" rel=\"noopener\"> cam\u00e9ras de vid\u00e9osurveillance<\/a> \u00e0 Grenoble. Comme le maire \u00e9cologiste actuel <a href=\"https:\/\/actu.fr\/tag\/eric-piolle\" target=\"_blank\" rel=\"noopener\">\u00c9ric Piolle<\/a>, LFI n\u2019est pas favorable \u00e0 l\u2019extension du parc de cam\u00e9ras.\u00a0<\/p>\n<p class=\" wall-content\">Pour autant, \u00ab\u00a0on ne dit pas qu\u2019on va supprimer toutes les cam\u00e9ras du jour au lendemain\u00a0\u00bb, balaie Manuel Bompard. En revanche, il plaide pour <strong>\u00ab\u00a0un moratoire\u00a0\u00bb<\/strong> sur le sujet. Une position que d\u00e9fend \u00e9galement Allan Brunon.<\/p>\n<p class=\" wall-content\">Personnalisez votre actualit\u00e9 en ajoutant vos villes et m\u00e9dias en favori avec <a href=\"https:\/\/moncompte.actu.fr\" title=\"D\u00e9couvez Mon Actu\" rel=\"nofollow noopener\" data-trk=\"{&quot;cta&quot;:{&quot;action&quot;:&quot;https:\\\/\\\/moncompte.actu.fr&quot;,&quot;category&quot;:&quot;mon compte&quot;,&quot;from&quot;:&quot;article footer&quot;,&quot;name&quot;:&quot;Mon actu&quot;,&quot;type&quot;:&quot;cta&quot;}}\" target=\"_blank\">Mon Actu<\/a>.<\/p>\n","protected":false},"excerpt":{"rendered":"Par Lisa Rodrigues Publi\u00e9 le 28 janv. 2026 \u00e0 18h00 D\u2019apr\u00e8s le dernier (et pour le moment unique)&hellip;\n","protected":false},"author":2,"featured_media":695525,"comment_status":"","ping_status":"","sticky":false,"template":"","format":"standard","meta":{"footnotes":""},"categories":[9566],"tags":[1111,11,2430,4188,1777,674,1011,27,2731,1023,3434,12,316,25],"class_list":{"0":"post-695524","1":"post","2":"type-post","3":"status-publish","4":"format-standard","5":"has-post-thumbnail","7":"category-grenoble","8":"tag-actu","9":"tag-actualites","10":"tag-auvergne-rhone-alpes","11":"tag-elections-municipales","12":"tag-eu","13":"tag-europe","14":"tag-fr","15":"tag-france","16":"tag-grenoble","17":"tag-la-france-insoumise-lfi","18":"tag-municipales-2026","19":"tag-news","20":"tag-politique","21":"tag-republique-francaise"},"share_on_mastodon":{"url":"https:\/\/pubeurope.com\/@fr\/115974018445187545","error":""},"_links":{"self":[{"href":"https:\/\/www.europesays.com\/fr\/wp-json\/wp\/v2\/posts\/695524","targetHints":{"allow":["GET"]}}],"collection":[{"href":"https:\/\/www.europesays.com\/fr\/wp-json\/wp\/v2\/posts"}],"about":[{"href":"https:\/\/www.europesays.com\/fr\/wp-json\/wp\/v2\/types\/post"}],"author":[{"embeddable":true,"href":"https:\/\/www.europesays.com\/fr\/wp-json\/wp\/v2\/users\/2"}],"replies":[{"embeddable":true,"href":"https:\/\/www.europesays.com\/fr\/wp-json\/wp\/v2\/comments?post=695524"}],"version-history":[{"count":0,"href":"https:\/\/www.europesays.com\/fr\/wp-json\/wp\/v2\/posts\/695524\/revisions"}],"wp:featuredmedia":[{"embeddable":true,"href":"https:\/\/www.europesays.com\/fr\/wp-json\/wp\/v2\/media\/695525"}],"wp:attachment":[{"href":"https:\/\/www.europesays.com\/fr\/wp-json\/wp\/v2\/media?parent=695524"}],"wp:term":[{"taxonomy":"category","embeddable":true,"href":"https:\/\/www.europesays.com\/fr\/wp-json\/wp\/v2\/categories?post=695524"},{"taxonomy":"post_tag","embeddable":true,"href":"https:\/\/www.europesays.com\/fr\/wp-json\/wp\/v2\/tags?post=695524"}],"curies":[{"name":"wp","href":"https:\/\/api.w.org\/{rel}","templated":true}]}}