{"id":695528,"date":"2026-01-28T17:58:10","date_gmt":"2026-01-28T17:58:10","guid":{"rendered":"https:\/\/www.europesays.com\/fr\/695528\/"},"modified":"2026-01-28T17:58:10","modified_gmt":"2026-01-28T17:58:10","slug":"caf-carsat-et-msa-mouvement-social-de-travailleurs-sociaux-ce-jeudi-29-et-rassemblement-a-rennes","status":"publish","type":"post","link":"https:\/\/www.europesays.com\/fr\/695528\/","title":{"rendered":"Caf, Carsat et MSA\u00a0: mouvement social de travailleurs sociaux ce jeudi\u00a029\u00a0et rassemblement \u00e0 Rennes"},"content":{"rendered":"<p>Trois collectifs de travailleurs sociaux de la Caf, MSA, Carsat\/Cramif annoncent un mouvement de gr\u00e8ve, ce jeudi 29 janvier. Il s\u2019inscrit dans le cadre d\u2019un mouvement social national revendiquant l\u2019obtention de la prime S\u00e9gur. \u00ab\u00a0Nous sommes titulaires d\u2019un dipl\u00f4me d\u2019\u00c9tat de niveau bac + 3 comme nos coll\u00e8gues b\u00e9n\u00e9ficiaires de cette prime\u00a0\u00bb, indiquent les collectifs avant de souligner\u00a0: \u00ab\u00a0Nous sommes des professionnels de la pr\u00e9vention [\u2026] Loin d\u2019\u00eatre confin\u00e9s \u00e0 des t\u00e2ches administratives, nous agissons en contact direct et quotidien avec le public, dans des situations urgentes, d\u00e9licates et \u00e9motionnellement lourdes. Une action sociale invisible aux yeux du S\u00e9gur\u00a0\u00bb. Un rassemblement r\u00e9gional est programm\u00e9 \u00e0 11\u00a0h \u00e0 Rennes, devant la pr\u00e9fecture de R\u00e9gion.<\/p>\n","protected":false},"excerpt":{"rendered":"Trois collectifs de travailleurs sociaux de la Caf, MSA, Carsat\/Cramif annoncent un mouvement de gr\u00e8ve, ce jeudi 29&hellip;\n","protected":false},"author":2,"featured_media":695529,"comment_status":"","ping_status":"","sticky":false,"template":"","format":"standard","meta":{"footnotes":""},"categories":[2821],"tags":[1111,11,829,765,1777,674,1011,27,6151,848,12,584,25,801],"class_list":{"0":"post-695528","1":"post","2":"type-post","3":"status-publish","4":"format-standard","5":"has-post-thumbnail","7":"category-rennes","8":"tag-actu","9":"tag-actualites","10":"tag-bretagne","11":"tag-en-continu","12":"tag-eu","13":"tag-europe","14":"tag-fr","15":"tag-france","16":"tag-greve","17":"tag-ille-et-vilaine","18":"tag-news","19":"tag-rennes","20":"tag-republique-francaise","21":"tag-social"},"share_on_mastodon":{"url":"https:\/\/pubeurope.com\/@fr\/115974026302192699","error":""},"_links":{"self":[{"href":"https:\/\/www.europesays.com\/fr\/wp-json\/wp\/v2\/posts\/695528","targetHints":{"allow":["GET"]}}],"collection":[{"href":"https:\/\/www.europesays.com\/fr\/wp-json\/wp\/v2\/posts"}],"about":[{"href":"https:\/\/www.europesays.com\/fr\/wp-json\/wp\/v2\/types\/post"}],"author":[{"embeddable":true,"href":"https:\/\/www.europesays.com\/fr\/wp-json\/wp\/v2\/users\/2"}],"replies":[{"embeddable":true,"href":"https:\/\/www.europesays.com\/fr\/wp-json\/wp\/v2\/comments?post=695528"}],"version-history":[{"count":0,"href":"https:\/\/www.europesays.com\/fr\/wp-json\/wp\/v2\/posts\/695528\/revisions"}],"wp:featuredmedia":[{"embeddable":true,"href":"https:\/\/www.europesays.com\/fr\/wp-json\/wp\/v2\/media\/695529"}],"wp:attachment":[{"href":"https:\/\/www.europesays.com\/fr\/wp-json\/wp\/v2\/media?parent=695528"}],"wp:term":[{"taxonomy":"category","embeddable":true,"href":"https:\/\/www.europesays.com\/fr\/wp-json\/wp\/v2\/categories?post=695528"},{"taxonomy":"post_tag","embeddable":true,"href":"https:\/\/www.europesays.com\/fr\/wp-json\/wp\/v2\/tags?post=695528"}],"curies":[{"name":"wp","href":"https:\/\/api.w.org\/{rel}","templated":true}]}}