{"id":695534,"date":"2026-01-28T18:01:09","date_gmt":"2026-01-28T18:01:09","guid":{"rendered":"https:\/\/www.europesays.com\/fr\/695534\/"},"modified":"2026-01-28T18:01:09","modified_gmt":"2026-01-28T18:01:09","slug":"la-7e-edition-de-la-nuit-de-la-lecture-remporte-un-beau-succes-a-saint-jeannet","status":"publish","type":"post","link":"https:\/\/www.europesays.com\/fr\/695534\/","title":{"rendered":"La 7e \u00e9dition de la Nuit de la lecture remporte un beau succ\u00e8s \u00e0 Saint-Jeannet"},"content":{"rendered":"<p>Jean-Luc, Christiane, Charles et les autres, r\u00e9cemment dans l&rsquo;\u00e9glise du village de Saint-Jeannet <a href=\"https:\/\/www.laprovence.com\/region\/Edition-alpes\" target=\"_blank\" rel=\"noopener\">(Alpes-de-Haute-Provence)<\/a>, les membres de l&rsquo;association \u00ab\u00a0La Table Bleue\u00a0\u00bb avaient mis les petits plats dans les grands pour <a href=\"https:\/\/www.laprovence.com\/article\/culture-loisirs\/1980711389320214\/quand-le-plaisir-de-lire-est-transmis-a-la-jeunesse-de-manosque-lors-des-nuits-de-la-lecture\" target=\"_blank\" rel=\"noopener\">la Nuit de la lecture<\/a>. Une jolie ballade po\u00e9tique qui a s\u00e9duit le public, notamment par la qualit\u00e9 des lectures choisies.<\/p>\n<p>De 18 heures \u00e0 21 heures, une cinquantaine de personnes, venues de la vall\u00e9e de l&rsquo;Asse, des vall\u00e9es environnantes et m\u00eame de Toulon (!), se sont ainsi r\u00e9unies pour<\/p>\n<p>cette 7e \u00e9dition. \u00ab\u00a0Il y a eu pas moins de 14 intervenants parmi le public, confiait Christiane Di Malta, pr\u00e9sidente de l&rsquo;association. Ils ont d\u00e9clin\u00e9 le th\u00e8me national de cette ann\u00e9e, Villes et campagnes. Chacun a lu des textes d&rsquo;Emmanuel Ruben, <a href=\"https:\/\/www.laprovence.com\/article\/france-monde\/1001036323590415\/prevert-detrone-par-mistinguett-lappartement-du-poete-menace-par-un-projet-dexpansion-du-moulin-rouge\" target=\"_blank\" rel=\"noopener\">Jacques Pr\u00e9vert<\/a>, Italo Calvino, Baptiste Morizot ou encore <a href=\"https:\/\/www.laprovence.com\/article\/Carnet-Avis-de-deces\/64816539500794\/lastrophysicien-franco-canadien-hubert-reeves-grand-vulgarisateur-scientifique-est-decede\" target=\"_blank\" rel=\"noopener\">Hubert Reeves<\/a>.\u00a0\u00bb<\/p>\n<p>Mais aussi des \u00e9crits des Proven\u00e7aux <a href=\"https:\/\/www.laprovence.com\/article\/region\/3734882055932714\/l-emblematique-maison-de-jean-giono-le-parais-va-enfin-renaitre-de-ses-cendres-a-manosque\" target=\"_blank\" rel=\"noopener\">Jean Giono<\/a> et <a href=\"https:\/\/www.laprovence.com\/article\/edition-alpes\/3693315\/un-ecrivain-amoureux-de-sa-terre-promise.html\" target=\"_blank\" rel=\"noopener\">Pierre Magnan<\/a>, auteurs incontournables de cette soir\u00e9e. Puis le public a pu \u00e9couter des lectures de textes de Luc Bronner, Paul Eluard, Maurice Car\u00eame, Gilles Vigneault, ainsi que des po\u00e8mes du Dignois Claude Braun, un habitu\u00e9 de la manifestation.<\/p>\n<p>\u00ab\u00a0Nous avons eu, \u00e9galement, le plaisir d&rsquo;entendre une \u00e9vocation du vieux Bras-d&rsquo;Asse par Ren\u00e9e Giordano\u00a0\u00bb, poursuivait Christiane Di Malta. Les membres de l&rsquo;association pouvaient se f\u00e9liciter de la r\u00e9ussite de ce rendez-vous litt\u00e9raire, agr\u00e9ment\u00e9 d&rsquo;un jeu de lecture \u00e0 voix multiples, devenu traditionnel, comme la pause gourmande avec son vin chaud. Ces ingr\u00e9dients ont concouru \u00e0 \u00e9gayer la soir\u00e9e \u00e0 succ\u00e8s de l&rsquo;association \u00ab\u00a0La Table Bleue\u00a0\u00bb.<\/p>\n","protected":false},"excerpt":{"rendered":"Jean-Luc, Christiane, Charles et les autres, r\u00e9cemment dans l&rsquo;\u00e9glise du village de Saint-Jeannet (Alpes-de-Haute-Provence), les membres de l&rsquo;association&hellip;\n","protected":false},"author":2,"featured_media":695535,"comment_status":"","ping_status":"","sticky":false,"template":"","format":"standard","meta":{"footnotes":""},"categories":[2819],"tags":[5734,1111,11,6005,251,4660,1777,674,1011,27,2046,12,2401,293,882,6798,25,35376,6006],"class_list":{"0":"post-695534","1":"post","2":"type-post","3":"status-publish","4":"format-standard","5":"has-post-thumbnail","7":"category-nice","8":"tag-5734","9":"tag-actu","10":"tag-actualites","11":"tag-beau","12":"tag-culture","13":"tag-edition","14":"tag-eu","15":"tag-europe","16":"tag-fr","17":"tag-france","18":"tag-lecture","19":"tag-news","20":"tag-nice","21":"tag-nuit","22":"tag-provence-alpes-cote-dazur","23":"tag-remporte","24":"tag-republique-francaise","25":"tag-saint-jeannet","26":"tag-succes"},"share_on_mastodon":{"url":"https:\/\/pubeurope.com\/@fr\/115974038133696326","error":""},"_links":{"self":[{"href":"https:\/\/www.europesays.com\/fr\/wp-json\/wp\/v2\/posts\/695534","targetHints":{"allow":["GET"]}}],"collection":[{"href":"https:\/\/www.europesays.com\/fr\/wp-json\/wp\/v2\/posts"}],"about":[{"href":"https:\/\/www.europesays.com\/fr\/wp-json\/wp\/v2\/types\/post"}],"author":[{"embeddable":true,"href":"https:\/\/www.europesays.com\/fr\/wp-json\/wp\/v2\/users\/2"}],"replies":[{"embeddable":true,"href":"https:\/\/www.europesays.com\/fr\/wp-json\/wp\/v2\/comments?post=695534"}],"version-history":[{"count":0,"href":"https:\/\/www.europesays.com\/fr\/wp-json\/wp\/v2\/posts\/695534\/revisions"}],"wp:featuredmedia":[{"embeddable":true,"href":"https:\/\/www.europesays.com\/fr\/wp-json\/wp\/v2\/media\/695535"}],"wp:attachment":[{"href":"https:\/\/www.europesays.com\/fr\/wp-json\/wp\/v2\/media?parent=695534"}],"wp:term":[{"taxonomy":"category","embeddable":true,"href":"https:\/\/www.europesays.com\/fr\/wp-json\/wp\/v2\/categories?post=695534"},{"taxonomy":"post_tag","embeddable":true,"href":"https:\/\/www.europesays.com\/fr\/wp-json\/wp\/v2\/tags?post=695534"}],"curies":[{"name":"wp","href":"https:\/\/api.w.org\/{rel}","templated":true}]}}