{"id":695547,"date":"2026-01-28T18:08:11","date_gmt":"2026-01-28T18:08:11","guid":{"rendered":"https:\/\/www.europesays.com\/fr\/695547\/"},"modified":"2026-01-28T18:08:11","modified_gmt":"2026-01-28T18:08:11","slug":"apres-les-affrontements-a-toulouse-les-agriculteurs-ne-desarment-pas","status":"publish","type":"post","link":"https:\/\/www.europesays.com\/fr\/695547\/","title":{"rendered":"apr\u00e8s les affrontements \u00e0 Toulouse, les agriculteurs ne d\u00e9sarment pas"},"content":{"rendered":"<p>                    Par<br \/>\n        <strong><br \/>\n            <a href=\"https:\/\/actu.fr\/auteur\/nicolas-stival\" title=\"Consulter tous les articles de Nicolas Stival\" target=\"_blank\" rel=\"noopener\">Nicolas Stival<\/a><br \/>\n                    <\/strong><\/p>\n<p>        Publi\u00e9 le<\/p>\n<p>            28 janv. 2026 \u00e0 18h50        <\/p>\n<p>\u00ab\u2009Comme d\u2019habitude\u2009: <strong>beaucoup de bla-bla et rien \u00e0 la sortie<\/strong>\u2009\u00bb. Voici comment <strong>Maxime Raud, pr\u00e9sident de <a href=\"https:\/\/actu.fr\/occitanie\/toulouse_31555\/nouvelle-manifestation-des-agriculteurs-a-toulouse-ils-reviennent-avec-une-autre-forme-de-mobilisation_63744181.html\" target=\"_blank\" rel=\"noopener\">la Coordination rurale<\/a> (CR) de la Haute-Garonne<\/strong>, r\u00e9sume la rencontre entre les repr\u00e9sentants syndicaux des agriculteurs occitans et <strong>le pr\u00e9fet Pierre-Andr\u00e9 Durand<\/strong>, mardi 27\u00a0janvier 2026 dans l\u2019apr\u00e8s-midi. \u00ab\u2009Il nous dit qu\u2019il est \u00e0 l\u2019\u00e9coute. Il fait remonter les informations, mais <strong>il n\u2019y a rien qui redescend<\/strong>.\u2009\u00bb Voici ce qu\u2019il faut savoir, au lendemain d\u2019une journ\u00e9e marqu\u00e9e par <strong><a href=\"https:\/\/actu.fr\/occitanie\/toulouse_31555\/manif-des-agriculteurs-a-toulouse-en-raison-de-tensions-une-station-de-metro-fermee-des-bus-devies_63754918.html\" target=\"_blank\" rel=\"noopener\">des affrontements<\/a><\/strong> entre forces de l\u2019ordre et manifestants au centre de Toulouse.<\/p>\n<p class=\" wall-content\">\u00c0 c\u00f4t\u00e9 du <strong>Mercosur<\/strong> ou d\u2019autres dossiers comme la gestion de l\u2019eau, la question de <strong>la dermatose nodulaire contagieuse (DNC) des bovins<\/strong> reste la m\u00e8re des batailles pour les \u00e9leveurs, celle qui a mis le feu aux campagnes du Sud-Ouest depuis le mois de d\u00e9cembre. \u00ab\u2009Il y a des n\u00e9gociations avec l\u2019Italie et l\u2019Espagne pour qu\u2019on puisse vendre les veaux vaccin\u00e9s\u2009\u00bb, rel\u00e8ve Maxime Raud.<\/p>\n<p>Pas de remise en cause du protocole d\u2019abattage<\/p>\n<p class=\" wall-content\">Mais le changement de doctrine r\u00e9clam\u00e9 aupr\u00e8s des autorit\u00e9s par <strong>l\u2019intersyndicale (CR, FDSEA, Jeunes Agriculteurs et Conf\u00e9d\u00e9ration paysanne)<\/strong> n\u2019est toujours pas \u00e0 l\u2019ordre du jour. <strong>L\u2019abattage total du troupeau<\/strong> reste toujours de mise d\u00e8s qu\u2019un animal tombe malade.<\/p>\n<p class=\" wall-content\">Le dernier cas de DNC en France remonte \u00e0 <strong>d\u00e9but janvier<\/strong>, dans un \u00e9levage ari\u00e9geois. Mais les agriculteurs restent tr\u00e8s inquiets. \u00ab\u2009Pour l\u2019instant tout va bien, les vaches sont dans les b\u00e2timents, il fait froid, observe le patron de la CR 31. Mais <strong>que va-t-il se passer au printemps\u2009?<\/strong>\u2009\u00bb<\/p>\n<p class=\" wall-content\"><strong>La CR 31 parle de \u00ab\u2009lynchage\u2009\u00bb des manifestants<\/strong><\/p>\n<p class=\" wall-content\">La r\u00e9union avec le pr\u00e9fet mardi a conclu <strong>une journ\u00e9e tr\u00e8s agit\u00e9e dans le centre de Toulouse<\/strong>. Des affrontements ont eu lieu entre manifestants et forces de l\u2019ordre \u00e0 proximit\u00e9 de la place Wilson <strong>sur les all\u00e9es Roosevelt<\/strong>, devant le chantier de l\u2019ancien cin\u00e9ma UGC. \u00ab\u2009<strong>On ne cr\u00e8vera pas en silence<\/strong>, promet Maxime Raud, toujours remont\u00e9 au lendemain des \u00e9v\u00e9nements. Se faire lyncher comme cela par les CRS, quand on est pacifistes, ce n\u2019est pas possible. Et \u00e7a met encore plus de col\u00e8re.\u2009\u00bb<\/p>\n<p>    <img   decoding=\"async\" loading=\"lazy\" src=\"https:\/\/www.europesays.com\/fr\/wp-content\/uploads\/2026\/01\/agriculteurs-barrages-haute-garonne-960x640.jpeg\" alt=\"Maxime Raud, pr\u00e9sident de la Coordination rurale 31.\" width=\"960\" height=\"640\"\/><br \/>\n    Maxime Raud, pr\u00e9sident de la Coordination rurale 31 lors d\u2019une manifestation \u00e0 Fos (Haute-Garonne), \u00e0 la fronti\u00e8re franco-espagnole, le 3\u00a0juin 2024. (\u00a9M. Laville \/ Actu Toulouse)<\/p>\n<p class=\" wall-content\">La pr\u00e9fecture a annonc\u00e9 mardi soir <strong>sept interpellations<\/strong> pour autant de gardes \u00e0 vue, dont cinq pour refus d\u2019obtemp\u00e9rer aggrav\u00e9 (usage de tracteurs face aux forces de l\u2019ordre avec mise en danger) et deux pour r\u00e9bellion et violences aggrav\u00e9es sur forces de l\u2019ordre.<\/p>\n<p>Votre r\u00e9gion, votre actu !<\/p>\n<p>Recevez chaque jour les infos qui comptent pour vous.<\/p>\n<p>\t<a href=\"https:\/\/actu.fr\/newsletter\" class=\"ac-btn ac-btn--corner ac-btn--medium ac-btn--blue800\" target=\"_blank\" rel=\"noopener\">S&rsquo;incrire<\/a><br \/>\nDes bless\u00e9s des deux c\u00f4t\u00e9s<\/p>\n<p class=\" wall-content\">Selon Maxime Raud, un militant de la CR 09 \u00e9tait toujours <strong>en garde \u00e0 vue<\/strong> mercredi en fin de matin\u00e9e.<\/p>\n<p class=\" wall-content\">Par ailleurs, <strong>16\u00a0personnes ont \u00e9t\u00e9 verbalis\u00e9es<\/strong> selon les autorit\u00e9s, qui ont comptabilis\u00e9 <strong>quatre bless\u00e9s<\/strong> parmi les forces de l\u2019ordre.\u00a0<strong>Des agriculteurs ont \u00e9galement \u00e9t\u00e9 touch\u00e9s<\/strong> dans les affrontements, notamment \u00e0 la t\u00eate.<\/p>\n<p>La manifestation n\u2019est jamais partie<\/p>\n<p class=\" wall-content\">Dans un communiqu\u00e9 diffus\u00e9 mardi \u00e0 la mi-journ\u00e9e, la pr\u00e9fecture \u2013 qui avait autoris\u00e9 une manifestation \u00ab\u2009en p\u00e9destre\u2009\u00bb mais <strong><a href=\"https:\/\/actu.fr\/occitanie\/toulouse_31555\/manifestation-a-toulouse-le-coup-de-pression-du-prefet-sur-les-agriculteurs-qui-voudraient-venir-en-tracteur_63748255.html\" target=\"_blank\" rel=\"noopener\">interdit la circulation des engins agricoles<\/a><\/strong> \u2013 <strong>s\u2019\u00e9tait jug\u00e9e \u00ab\u2009tromp\u00e9e\u2009\u00bb<\/strong>. Dans sa ligne de mire\u2009: \u00ab\u2009la pr\u00e9sence <strong>d\u2019une trentaine de tracteurs<\/strong> qui ont converg\u00e9 vers Toulouse\u2009\u00bb mais aussi <strong>le comportement des manifestants<\/strong>, contraires selon elles aux engagements sign\u00e9s.<\/p>\n<p>    <a href=\"https:\/\/www.facebook.com\/plugins\/post.php?href=https%3A%2F%2Fwww.facebook.com%2Fcoordinationrurale.fr%2Fposts%2Fpfbid02wbi1ZvxRPAB66drpZwMpwjkmjYf41NmpL2CCzXaSxdsjx9cFz4dKgx5BzbGLxPftl&amp;show_text=true&amp;width=350\" title=\"Ouvrie le lien\" target=\"_blank\" rel=\"noopener\">Cliquez ici pour visualiser le contenu<\/a><\/p>\n<p class=\" wall-content\">Le cort\u00e8ge rassembl\u00e9 \u00e0 10\u00a0heures en haut des all\u00e9es Jean-Jaur\u00e8s aurait d\u00fb marcher jusqu\u2019\u00e0 la nouvelle cit\u00e9 administrative, <a href=\"https:\/\/actu.fr\/occitanie\/toulouse_31555\/toulouse-un-tout-premier-commerce-a-ouvert-dans-ce-nouveau-quartier-et-ce-ne-sera-pas-le-dernier_63718714.html\" target=\"_blank\" rel=\"noopener\">dans le quartier Guillaumet<\/a>. <strong>Il n\u2019a en fait jamais quitt\u00e9 l\u2019hypercentre<\/strong>, o\u00f9 un impressionnant dispositif policier barrait l\u2019acc\u00e8s \u00e0 la pr\u00e9fecture.<\/p>\n<p>\u00ab\u2009Nous allons maintenir la pression\u2009\u00bb<\/p>\n<p class=\" wall-content\">\u00ab\u2009<strong>Nous sommes pacifistes<\/strong> et nous \u00e9tions \u00e0 pied, r\u00e9plique Maxime Raud. Nous n\u2019allions pas casser la vitre du pr\u00e9fet\u2009! Nous sommes en discussion r\u00e9guli\u00e8re avec la ville de Toulouse, et cela s\u2019est toujours bien pass\u00e9 lors des manifestations de la CR.\u2009\u00bb<\/p>\n<p class=\" wall-content\">Comme apr\u00e8s chaque \u00e9v\u00e9nement similaire, la question se pose. Apr\u00e8s les mobilisations des 7, 14 et 27\u00a0janvier, \u00e0 quoi faut-il d\u00e9sormais s\u2019attendre de la part des agriculteurs\u2009? \u00ab\u2009<strong>Nous allons nous reposer un peu<\/strong>, les gars sont fatigu\u00e9s, constate le patron de la CR 31. Mais <strong>nous allons maintenir la pression<\/strong>. Et il ne faut pas croire que nous allons nous arr\u00eater comme \u00e7a.\u2009\u00bb<\/p>\n<p class=\" wall-content\">Personnalisez votre actualit\u00e9 en ajoutant vos villes et m\u00e9dias en favori avec <a href=\"https:\/\/moncompte.actu.fr\" title=\"D\u00e9couvez Mon Actu\" rel=\"nofollow noopener\" data-trk=\"{&quot;cta&quot;:{&quot;action&quot;:&quot;https:\\\/\\\/moncompte.actu.fr&quot;,&quot;category&quot;:&quot;mon compte&quot;,&quot;from&quot;:&quot;article footer&quot;,&quot;name&quot;:&quot;Mon actu&quot;,&quot;type&quot;:&quot;cta&quot;}}\" target=\"_blank\">Mon Actu<\/a>.<\/p>\n","protected":false},"excerpt":{"rendered":"Par Nicolas Stival Publi\u00e9 le 28 janv. 2026 \u00e0 18h50 \u00ab\u2009Comme d\u2019habitude\u2009: beaucoup de bla-bla et rien \u00e0&hellip;\n","protected":false},"author":2,"featured_media":695548,"comment_status":"","ping_status":"","sticky":false,"template":"","format":"standard","meta":{"footnotes":""},"categories":[2816],"tags":[1111,11,327,70814,1777,674,1011,27,12,2680,25,104,2312,2949],"class_list":{"0":"post-695547","1":"post","2":"type-post","3":"status-publish","4":"format-standard","5":"has-post-thumbnail","7":"category-toulouse","8":"tag-actu","9":"tag-actualites","10":"tag-agriculture","11":"tag-dermatose-nodulaire","12":"tag-eu","13":"tag-europe","14":"tag-fr","15":"tag-france","16":"tag-news","17":"tag-occitanie","18":"tag-republique-francaise","19":"tag-societe","20":"tag-toulouse","21":"tag-violences"},"share_on_mastodon":{"url":"https:\/\/pubeurope.com\/@fr\/115974065569194117","error":""},"_links":{"self":[{"href":"https:\/\/www.europesays.com\/fr\/wp-json\/wp\/v2\/posts\/695547","targetHints":{"allow":["GET"]}}],"collection":[{"href":"https:\/\/www.europesays.com\/fr\/wp-json\/wp\/v2\/posts"}],"about":[{"href":"https:\/\/www.europesays.com\/fr\/wp-json\/wp\/v2\/types\/post"}],"author":[{"embeddable":true,"href":"https:\/\/www.europesays.com\/fr\/wp-json\/wp\/v2\/users\/2"}],"replies":[{"embeddable":true,"href":"https:\/\/www.europesays.com\/fr\/wp-json\/wp\/v2\/comments?post=695547"}],"version-history":[{"count":0,"href":"https:\/\/www.europesays.com\/fr\/wp-json\/wp\/v2\/posts\/695547\/revisions"}],"wp:featuredmedia":[{"embeddable":true,"href":"https:\/\/www.europesays.com\/fr\/wp-json\/wp\/v2\/media\/695548"}],"wp:attachment":[{"href":"https:\/\/www.europesays.com\/fr\/wp-json\/wp\/v2\/media?parent=695547"}],"wp:term":[{"taxonomy":"category","embeddable":true,"href":"https:\/\/www.europesays.com\/fr\/wp-json\/wp\/v2\/categories?post=695547"},{"taxonomy":"post_tag","embeddable":true,"href":"https:\/\/www.europesays.com\/fr\/wp-json\/wp\/v2\/tags?post=695547"}],"curies":[{"name":"wp","href":"https:\/\/api.w.org\/{rel}","templated":true}]}}