{"id":695549,"date":"2026-01-28T18:10:17","date_gmt":"2026-01-28T18:10:17","guid":{"rendered":"https:\/\/www.europesays.com\/fr\/695549\/"},"modified":"2026-01-28T18:10:17","modified_gmt":"2026-01-28T18:10:17","slug":"avec-arnaud-deslandes-le-ps-peut-il-conserver-sa-capitale-regionale","status":"publish","type":"post","link":"https:\/\/www.europesays.com\/fr\/695549\/","title":{"rendered":"Avec Arnaud Deslandes, le PS peut-il conserver sa capitale r\u00e9gionale ?"},"content":{"rendered":"<p>227 voix. C\u2019est l\u2019\u00e9cart infime avec lequel Martine Aubry avait conserv\u00e9 la mairie de Lille lors des municipales de 2020. Ce chiffre racontait d\u00e9j\u00e0 la fragilit\u00e9 d\u2019un <a href=\"https:\/\/www.latribune.fr\/la-tribune-dimanche\/politique\/olivier-faure-premier-secretaire-du-ps-il-y-aura-un-candidat-commun-de-la-gauche-et-des-ecologistes-1026878.html\" target=\"_blank\" article-id=\"3101050805677314\" rel=\"noopener\">Parti socialiste<\/a> au pouvoir depuis 2001, contraint de s\u2019imposer non plus par domination \u00e9lectorale claire, mais par un \u00e9quilibre pr\u00e9caire. Aujourd\u2019hui, ce chiffre r\u00e9sonne comme un avertissement. En mars 2025, apr\u00e8s vingt-quatre ans \u00e0 la t\u00eate de la ville, Martine Aubry a d\u00e9missionn\u00e9 pour laisser la place \u00e0 <a href=\"https:\/\/www.latribune.fr\/article\/la-tribune-dimanche\/politique\/10871964315679\/succession-un-sacre-feuilleton-la-chronique-de-ludovic-vigogne\" target=\"_blank\" article-id=\"10871964315679\" rel=\"noopener\">Arnaud Deslandes<\/a>, quarantenaire engag\u00e9 tr\u00e8s t\u00f4t au Parti socialiste, \u00e9lu socialiste form\u00e9 dans l\u2019orbite de Martine Aubry.<\/p>\n<p>Le nouveau maire n\u2019a eu qu\u2019un an pour se faire conna\u00eetre autrement que comme l\u2019h\u00e9ritier d\u2019un syst\u00e8me. Et pour d\u00e9fendre un bilan sur lequel il est attaqu\u00e9 frontalement. Le grand d\u00e9bat public organis\u00e9 le 21 janvier par \u00c0 Vos Bancs et le Parlement des \u00c9tudiants de Lille a agi comme un r\u00e9v\u00e9lateur.<\/p>\n<p>D\u2019abord sur le sujet des logements. <a href=\"https:\/\/www.latribune.fr\/article\/la-tribune-dimanche\/opinions\/8128898543152914\/opinion-maires-insoumis-nous-ferons-du-periscolaire-un-veritable-service-public-d-education-communale-par-sophia-chikirou-et-91-candidats-lfi-aux-municipales\" target=\"_blank\" article-id=\"8128898543152914\" rel=\"noopener\">Lahouaria Addouche<\/a> (LFI) a accus\u00e9 la majorit\u00e9 d\u2019inaction : \u00ab Un tiers des logements lou\u00e9s \u00e0 Lille ne respectent pas l\u2019encadrement des loyers \u00bb, a-t-elle lanc\u00e9, pointant aussi le refus de permis pour des r\u00e9sidences \u00e9tudiantes. Face \u00e0 elle, Arnaud Deslandes a oppos\u00e9 des chiffres, 1.200 logements \u00e9tudiants livr\u00e9s sur le mandat, sans r\u00e9pondre totalement \u00e0 la question du non-respect du plafonnement.<\/p>\n<p>Autre point de rupture du d\u00e9bat : la d\u00e9mocratie locale, alors que la majorit\u00e9 avait fait de la participation citoyenne un axe fort de son programme de la campagne de 2020 (renforcement des conseils de quartier et concertation syst\u00e9matique sur les grands projets notamment). Or, d\u2019apr\u00e8s les opposants, la long\u00e9vit\u00e9 du pouvoir aurait produit une forme de surdit\u00e9 institutionnelle.<\/p>\n<p>\u00ab Comment redonner confiance quand des projets vot\u00e9s par les Lillois n\u2019ont jamais vu le jour ? \u00bb a interrog\u00e9 <a href=\"https:\/\/www.latribune.fr\/regions\/hauts-de-france\/lille-des-enjeux-autour-de-l-economie-l-environnement-et-la-sante-849395.html\" target=\"_blank\" article-id=\"2455449497041614\" rel=\"noopener\">St\u00e9phane Baly<\/a>, ancien alli\u00e9 du PS et grand perdant de 2020, bien d\u00e9cid\u00e9 \u00e0 rejouer le duel en repartant en solo avec Les \u00c9cologistes. Violette Spillebout, repr\u00e9sentant le parti Renaissance, ancienne directrice de cabinet de Martine Aubry, a d\u00e9nonc\u00e9 une mairie devenue sourde aux habitants : \u00ab Quand on \u00e9crit \u00e0 la mairie, on n\u2019a plus de r\u00e9ponse. Les habitants se sentent m\u00e9pris\u00e9s \u00bb. Le maire sortant a, lui-m\u00eame reconnu la n\u00e9cessit\u00e9 d\u2019un tournant : \u00ab Il faut ouvrir un nouvel \u00e2ge de la participation lilloise \u00bb.<\/p>\n<p>Autre point de crispation, l\u2019ordre public. S\u00e9curit\u00e9, vid\u00e9osurveillance et armement de la police municipale ont \u00e9galement travers\u00e9 les \u00e9changes. L\u00e0 o\u00f9 la majorit\u00e9 d\u00e9fend le d\u00e9ploiement des cam\u00e9ras (196 install\u00e9es aujourd\u2019hui contre 8 en 2020), la droite et le centre plaident pour un durcissement, tandis que la gauche critique redoute une fuite en avant s\u00e9curitaire.<\/p>\n<p>Pour compl\u00e9ter cette liste de dossiers sensibles : le stationnement payant, jug\u00e9 comme une d\u00e9cision impos\u00e9e sans concertation suffisante, notamment dans les quartiers populaires et p\u00e9riph\u00e9riques de Lille ; la pr\u00e9sence de la nature urbaine avec 52 espaces verts am\u00e9nag\u00e9s mais r\u00e9partition in\u00e9gale selon les quartiers.<\/p>\n<p>Et surtout la friche Saint-Sauveur avec ses 23 hectares en c\u0153ur de ville, dont les projets d\u2019am\u00e9nagement sont d\u00e9battus depuis plus de quinze ans : devenu le symbole d\u2019un pouvoir socialiste arriv\u00e9 \u00e0 l\u2019heure des arbitrages impossibles. M\u00eame la gauche n\u2019arrive plus \u00e0 s\u2019accorder : EELV d\u00e9fend un grand parc urbain. <a href=\"https:\/\/www.latribune.fr\/article\/la-tribune-dimanche\/municipales\/22850829547585\/municipales-2026-a-gauche-le-grand-galop-d-essai\" target=\"_blank\" article-id=\"22850829547585\" rel=\"noopener\">LFI met en avant la crise du logement<\/a> et l\u2019urgence sociale, le PS cherche un compromis.<\/p>\n<p>M\u00eame si le candidat sortant PS Arnaud Deslandes repart avec le soutien du <a href=\"http:\/\/latribune.fr\/economie\/france\/le-parti-communiste-devoile-un-pacte-pour-la-france-de-500-milliards-d-euros-1031427.html\" target=\"_blank\" article-id=\"66691905072512\" rel=\"noopener\">Parti communiste<\/a>, il devra affronter, sur sa gauche, deux listes concurrentes. Dans ce panorama fragment\u00e9, les profils \u00e0 droite en lice accentuent la pression sur la majorit\u00e9 sortante. Louis Delemer, 32 ans, jamais \u00e9lu, incarne un pari g\u00e9n\u00e9rationnel pour Les R\u00e9publicains-Union des d\u00e9mocrates ind\u00e9pendants. Violette Spillebout mise sur son exp\u00e9rience municipale pass\u00e9e pour promettre une rupture de m\u00e9thode.<\/p>\n<p>Le Rassemblement national, absent du conseil municipal depuis 2020, tentera un retour avec Matthieu Valet, eurod\u00e9put\u00e9 et ancien commissaire de police, bien d\u00e9cid\u00e9 \u00e0 exister localement et \u00e0 constituer un groupe \u00e0 la M\u00e9tropole europ\u00e9enne de Lille. Rien n\u2019est encore jou\u00e9. Mais l\u2019\u00e9quation est d\u00e9sormais claire : 227 voix d\u2019avance en 2020, une d\u00e9mission historique en 2025, un successeur contraint de s\u2019imposer en douze mois, une gauche divis\u00e9e et des oppositions offensives sur tous les fronts.<\/p>\n<p>\u00c0 preuve, \u00e0 Lille, le d\u00e9bat municipal ne porte plus sur l\u2019h\u00e9ritage socialiste, mais sur sa capacit\u00e9 \u00e0 survivre \u00e0 sa propre long\u00e9vit\u00e9. Et dans les grandes villes, c\u2019est souvent l\u00e0 que commencent les chutes du beffroi.<\/p>\n","protected":false},"excerpt":{"rendered":"227 voix. C\u2019est l\u2019\u00e9cart infime avec lequel Martine Aubry avait conserv\u00e9 la mairie de Lille lors des municipales&hellip;\n","protected":false},"author":2,"featured_media":695550,"comment_status":"","ping_status":"","sticky":false,"template":"","format":"standard","meta":{"footnotes":""},"categories":[2815],"tags":[5734,1111,11,15493,5808,27702,38925,1777,674,1011,27,811,3102,1307,3554,12,25934,429,17878,25],"class_list":{"0":"post-695549","1":"post","2":"type-post","3":"status-publish","4":"format-standard","5":"has-post-thumbnail","7":"category-lille","8":"tag-5734","9":"tag-actu","10":"tag-actualites","11":"tag-arnaud","12":"tag-capitale","13":"tag-conserver","14":"tag-deslandes","15":"tag-eu","16":"tag-europe","17":"tag-fr","18":"tag-france","19":"tag-hauts-de-france","20":"tag-la-tribune-dimanche","21":"tag-lille","22":"tag-municipales","23":"tag-news","24":"tag-peut-il","25":"tag-ps","26":"tag-regionale","27":"tag-republique-francaise"},"share_on_mastodon":{"url":"https:\/\/pubeurope.com\/@fr\/115974073445786281","error":""},"_links":{"self":[{"href":"https:\/\/www.europesays.com\/fr\/wp-json\/wp\/v2\/posts\/695549","targetHints":{"allow":["GET"]}}],"collection":[{"href":"https:\/\/www.europesays.com\/fr\/wp-json\/wp\/v2\/posts"}],"about":[{"href":"https:\/\/www.europesays.com\/fr\/wp-json\/wp\/v2\/types\/post"}],"author":[{"embeddable":true,"href":"https:\/\/www.europesays.com\/fr\/wp-json\/wp\/v2\/users\/2"}],"replies":[{"embeddable":true,"href":"https:\/\/www.europesays.com\/fr\/wp-json\/wp\/v2\/comments?post=695549"}],"version-history":[{"count":0,"href":"https:\/\/www.europesays.com\/fr\/wp-json\/wp\/v2\/posts\/695549\/revisions"}],"wp:featuredmedia":[{"embeddable":true,"href":"https:\/\/www.europesays.com\/fr\/wp-json\/wp\/v2\/media\/695550"}],"wp:attachment":[{"href":"https:\/\/www.europesays.com\/fr\/wp-json\/wp\/v2\/media?parent=695549"}],"wp:term":[{"taxonomy":"category","embeddable":true,"href":"https:\/\/www.europesays.com\/fr\/wp-json\/wp\/v2\/categories?post=695549"},{"taxonomy":"post_tag","embeddable":true,"href":"https:\/\/www.europesays.com\/fr\/wp-json\/wp\/v2\/tags?post=695549"}],"curies":[{"name":"wp","href":"https:\/\/api.w.org\/{rel}","templated":true}]}}