{"id":695555,"date":"2026-01-28T18:13:09","date_gmt":"2026-01-28T18:13:09","guid":{"rendered":"https:\/\/www.europesays.com\/fr\/695555\/"},"modified":"2026-01-28T18:13:09","modified_gmt":"2026-01-28T18:13:09","slug":"cette-friperie-organise-un-pop-up-inedit-a-lyon","status":"publish","type":"post","link":"https:\/\/www.europesays.com\/fr\/695555\/","title":{"rendered":"Cette friperie organise un pop-up in\u00e9dit \u00e0 Lyon"},"content":{"rendered":"<p itemprop=\"description\"><strong>De bonnes affaires pendant un mois.<\/strong><\/p>\n<p>Direction le 1er arrondissement pour d\u00e9couvrir ce pop-up pas comme les autres. La friperie lyonnaise Yufrip organise jusqu\u2019au 22 f\u00e9vrier un pop-up in\u00e9dit baptis\u00e9 \u00ab\u00a0Error 404\u00a0\u00bb. Le rendez-vous est donn\u00e9 chez Collision au 18 rue des Tables Claudiennes avec des slogans qui ont de quoi interpeller : \u00ab\u00a0Vintage d\u00e9verrouill\u00e9\u00a0\u00bb, \u00ab\u00a0Le bug a contamin\u00e9 Lyon\u00a0\u00bb, \u00ab\u00a0Les prix ne r\u00e9pondent plus\u00a0\u00bb, \u00ab\u00a0Les r\u00e8gles ont disparu\u00a0\u00bb\u2026 A d\u00e9couvrir sur place de nombreuses pi\u00e8ces de 5 \u00e0 40 euros.<\/p>\n<p>A noter \u00e9galement un service mis en place tous les mercredis o\u00f9 il est possible de ramener ses v\u00eatements, ses accessoires et ses bijoux avec au bout un bon d\u2019achat utilisable pendant cinq semaines. \u00ab\u00a0Le bug est r\u00e9el. Viens avant le crash\u00a0\u00bb, conclut l\u2019\u00e9v\u00e8nement.<\/p>\n<blockquote class=\"instagram-media\" style=\"background: #FFF; border: 0; border-radius: 3px; box-shadow: 0 0 1px 0 rgba(0,0,0,0.5),0 1px 10px 0 rgba(0,0,0,0.15); margin: 1px; max-width: 540px; min-width: 326px; padding: 0; width: calc(100% - 2px);\" data-instgrm-captioned=\"\" data-instgrm-permalink=\"https:\/\/www.instagram.com\/p\/DTf5ne7DEq6\/?utm_source=ig_embed&amp;utm_campaign=loading\" data-instgrm-version=\"14\"><p>&#13;<br \/>\n&#13;\n<\/p><\/blockquote>\n<p>\t\t  <script async src=\"\/\/www.instagram.com\/embed.js\"><\/script><\/p>\n","protected":false},"excerpt":{"rendered":"De bonnes affaires pendant un mois. Direction le 1er arrondissement pour d\u00e9couvrir ce pop-up pas comme les autres.&hellip;\n","protected":false},"author":2,"featured_media":695556,"comment_status":"","ping_status":"","sticky":false,"template":"","format":"standard","meta":{"footnotes":""},"categories":[1889],"tags":[1111,11,2813,2190,2430,1109,251,1112,2811,1777,674,118,1294,4651,1011,27,1922,1110,1114,2428,4903,4902,12,241,316,25,2812,517,800],"class_list":{"0":"post-695555","1":"post","2":"type-post","3":"status-publish","4":"format-standard","5":"has-post-thumbnail","7":"category-lyon","8":"tag-actu","9":"tag-actualites","10":"tag-article","11":"tag-asvel","12":"tag-auvergne-rhone-alpes","13":"tag-breves","14":"tag-culture","15":"tag-depeches","16":"tag-economique","17":"tag-eu","18":"tag-europe","19":"tag-faits-divers","20":"tag-femme","21":"tag-femmes","22":"tag-fr","23":"tag-france","24":"tag-info","25":"tag-informations","26":"tag-infos","27":"tag-lyon","28":"tag-lyonfemme","29":"tag-lyonfemmes","30":"tag-news","31":"tag-ol","32":"tag-politique","33":"tag-republique-francaise","34":"tag-sociale","35":"tag-sport","36":"tag-transports"},"share_on_mastodon":{"url":"https:\/\/pubeurope.com\/@fr\/115974085217440353","error":""},"_links":{"self":[{"href":"https:\/\/www.europesays.com\/fr\/wp-json\/wp\/v2\/posts\/695555","targetHints":{"allow":["GET"]}}],"collection":[{"href":"https:\/\/www.europesays.com\/fr\/wp-json\/wp\/v2\/posts"}],"about":[{"href":"https:\/\/www.europesays.com\/fr\/wp-json\/wp\/v2\/types\/post"}],"author":[{"embeddable":true,"href":"https:\/\/www.europesays.com\/fr\/wp-json\/wp\/v2\/users\/2"}],"replies":[{"embeddable":true,"href":"https:\/\/www.europesays.com\/fr\/wp-json\/wp\/v2\/comments?post=695555"}],"version-history":[{"count":0,"href":"https:\/\/www.europesays.com\/fr\/wp-json\/wp\/v2\/posts\/695555\/revisions"}],"wp:featuredmedia":[{"embeddable":true,"href":"https:\/\/www.europesays.com\/fr\/wp-json\/wp\/v2\/media\/695556"}],"wp:attachment":[{"href":"https:\/\/www.europesays.com\/fr\/wp-json\/wp\/v2\/media?parent=695555"}],"wp:term":[{"taxonomy":"category","embeddable":true,"href":"https:\/\/www.europesays.com\/fr\/wp-json\/wp\/v2\/categories?post=695555"},{"taxonomy":"post_tag","embeddable":true,"href":"https:\/\/www.europesays.com\/fr\/wp-json\/wp\/v2\/tags?post=695555"}],"curies":[{"name":"wp","href":"https:\/\/api.w.org\/{rel}","templated":true}]}}