{"id":695557,"date":"2026-01-28T18:14:16","date_gmt":"2026-01-28T18:14:16","guid":{"rendered":"https:\/\/www.europesays.com\/fr\/695557\/"},"modified":"2026-01-28T18:14:16","modified_gmt":"2026-01-28T18:14:16","slug":"metropole-de-lyon-72-noms-de-femmes-scientifiques-bientot-inscrits-sur-la-tour-eiffel-trois-etaient-lyonnaises","status":"publish","type":"post","link":"https:\/\/www.europesays.com\/fr\/695557\/","title":{"rendered":"M\u00e9tropole de Lyon. 72 noms de femmes scientifiques bient\u00f4t inscrits sur la tour Eiffel\u00a0: trois \u00e9taient lyonnaises"},"content":{"rendered":"<p>Lorsqu\u2019on demande \u00e0 Isabelle Vauglin de parler de ces femmes scientifiques dont le nom rejoindra la tour Eiffel, elle dit toute son admiration. \u00ab\u00a0Elles ont d\u00fb en baver, et pourtant, elles ont gard\u00e9 leur cap. Pour certaines, nous n\u2019avons pas de photo, de portrait, c\u2019est dire si l\u2019invisibilisation des femmes dans les sciences n\u2019est pas une vue de l\u2019esprit\u2026\u00a0\u00bb<\/p>\n<p>Gr\u00e2ce \u00e0 l\u2019association Femmes et sciences, la Ville de Paris et la soci\u00e9t\u00e9 d\u2019exploitation de la tour Eiffel, une injustice de l\u2019histoire va \u00eatre r\u00e9par\u00e9e. Depuis 1889, 72 noms ornaient en lettres d\u2019or le premier \u00e9tage du monument, rendant hommage \u00ab\u00a0aux sciences, au progr\u00e8s et aux techniques\u00a0\u00bb. Tous des hommes\u2026<\/p>\n<p>\u00ab\u00a0Sa passion pour les sciences a \u00e9t\u00e9 tellement forte, plus forte que les carcans&#8230;                        <\/p>\n","protected":false},"excerpt":{"rendered":"Lorsqu\u2019on demande \u00e0 Isabelle Vauglin de parler de ces femmes scientifiques dont le nom rejoindra la tour Eiffel,&hellip;\n","protected":false},"author":2,"featured_media":695558,"comment_status":"","ping_status":"","sticky":false,"template":"","format":"standard","meta":{"footnotes":""},"categories":[1889],"tags":[1111,11,2430,1687,2757,1777,674,6757,107,1011,27,937,2428,2756,12,2661,25,2429,767,4604,801,104],"class_list":{"0":"post-695557","1":"post","2":"type-post","3":"status-publish","4":"format-standard","5":"has-post-thumbnail","7":"category-lyon","8":"tag-actu","9":"tag-actualites","10":"tag-auvergne-rhone-alpes","11":"tag-culture-loisirs","12":"tag-edition-lyon-villeurbanne","13":"tag-eu","14":"tag-europe","15":"tag-feminisme","16":"tag-fil-info","17":"tag-fr","18":"tag-france","19":"tag-histoire","20":"tag-lyon","21":"tag-lyon-bassin","22":"tag-news","23":"tag-patrimoine-culturel","24":"tag-republique-francaise","25":"tag-rhone","26":"tag-science-et-technologie","27":"tag-selection-abonne","28":"tag-social","29":"tag-societe"},"share_on_mastodon":{"url":"https:\/\/pubeurope.com\/@fr\/115974089113421547","error":""},"_links":{"self":[{"href":"https:\/\/www.europesays.com\/fr\/wp-json\/wp\/v2\/posts\/695557","targetHints":{"allow":["GET"]}}],"collection":[{"href":"https:\/\/www.europesays.com\/fr\/wp-json\/wp\/v2\/posts"}],"about":[{"href":"https:\/\/www.europesays.com\/fr\/wp-json\/wp\/v2\/types\/post"}],"author":[{"embeddable":true,"href":"https:\/\/www.europesays.com\/fr\/wp-json\/wp\/v2\/users\/2"}],"replies":[{"embeddable":true,"href":"https:\/\/www.europesays.com\/fr\/wp-json\/wp\/v2\/comments?post=695557"}],"version-history":[{"count":0,"href":"https:\/\/www.europesays.com\/fr\/wp-json\/wp\/v2\/posts\/695557\/revisions"}],"wp:featuredmedia":[{"embeddable":true,"href":"https:\/\/www.europesays.com\/fr\/wp-json\/wp\/v2\/media\/695558"}],"wp:attachment":[{"href":"https:\/\/www.europesays.com\/fr\/wp-json\/wp\/v2\/media?parent=695557"}],"wp:term":[{"taxonomy":"category","embeddable":true,"href":"https:\/\/www.europesays.com\/fr\/wp-json\/wp\/v2\/categories?post=695557"},{"taxonomy":"post_tag","embeddable":true,"href":"https:\/\/www.europesays.com\/fr\/wp-json\/wp\/v2\/tags?post=695557"}],"curies":[{"name":"wp","href":"https:\/\/api.w.org\/{rel}","templated":true}]}}